{"id":25520,"date":"2020-09-29T08:05:05","date_gmt":"2020-09-29T08:05:05","guid":{"rendered":"http:\/\/granadacostanacional.es\/?p=25520"},"modified":"2020-09-29T08:05:05","modified_gmt":"2020-09-29T08:05:05","slug":"madrid-madrid-madrid-nostalgia-y-triste-actualidad","status":"publish","type":"post","link":"https:\/\/granadacostaglobal.es\/?p=25520","title":{"rendered":"MADRID, MADRID, MADRID&#8230; Nostalgia y triste actualidad"},"content":{"rendered":"<p style=\"text-align: justify;\"><strong><em>Dr. Jo<\/em><\/strong><strong><em>s<\/em><\/strong><strong><em>\u00e9<\/em><\/strong><strong><em>\u00a0<\/em><\/strong><strong><em>Luis Mart<\/em><\/strong><strong><em>\u00ed<\/em><\/strong><strong><em>n <\/em><\/strong><strong><em>C<\/em><\/strong><strong><em>o<\/em><\/strong><strong><em>r<\/em><\/strong><strong><em>r<\/em><\/strong><strong><em>e<\/em><\/strong><strong><em>a<\/em><\/strong><\/p>\n<p style=\"text-align: justify;\"><strong><em>\u00a0<\/em><\/strong><\/p>\n<p style=\"text-align: justify;\"><strong>\u00a0<\/strong><\/p>\n<p style=\"text-align: justify;\">Madrid es mundialmente conocida por su tradicional acogida a quien saluda por primera vez la Cibeles o pisa el azulejo de la puerta del Sol &#8220;Km 0&#8221;. y aqu\u00ed comienza la aventura para los que venimos de otras ciudades y pueblos, colmados de ilusiones y emprender una nueva vida, bien en el campo que voluntariamente elegimos, y aprovechar la<\/p>\n<p style=\"text-align: justify;\">primera oportunidad que se nos presenta bien sea acomodando a la esperanza, la nostalgia de la vivencia dejada y la ilusi\u00f3n del futuro. y vendr\u00e1 la ocasi\u00f3n de encontrar un paisano &#8220;veterano&#8221; en Madrid que nos d\u00e9 una hora de conversaci\u00f3n y aliento.<\/p>\n<p style=\"text-align: justify;\"><a href=\"http:\/\/granadacostanacional.es\/wp-content\/uploads\/2020\/09\/image001.jpg\"><img decoding=\"async\" loading=\"lazy\" class=\"aligncenter size-full wp-image-25521\" src=\"http:\/\/granadacostanacional.es\/wp-content\/uploads\/2020\/09\/image001.jpg\" alt=\"image001\" width=\"903\" height=\"615\" \/><\/a><\/p>\n<p style=\"text-align: justify;\">Nos comeremos un bocadillo de calamares tradicional en la Plaza Mayor. Aqu\u00ed a algunos nos cogi\u00f3 la famosa mili y otros vinieron destacados como mi gran amigo Jos\u00e9 Antonio Bustos, que fue un gran alcalde de Almu\u00f1\u00e9car y amante, casi perpetuo de La Cibeles, por la cercan\u00eda de sus tareas militares.<\/p>\n<p style=\"text-align: justify;\">Esta Ciudad, antes villa, que trajo Felipe II desde las humedades de Valladolid, tiene su gran historia, que no vamos a descubrir ahora porque desde entonces, el mundo de las Letras, M\u00fasica, Arquitectura y en general toda la Cultura en ella se desarrollaron todas las vivencias, incluidas las humanas con extensi\u00f3n al resto de los pa\u00edses. Ha sido ejemplo de hero\u00edsmo d\u00e1ndole\u00a0una patada en\u2026 la Puerta del Sol a las ambiciones so\u00f1adas en Espa\u00f1a del Imperio napole\u00f3nico Galo como tambi\u00e9n en aquel M\u00f3stoles que hoy es m\u00e1s grande que algunas ciudades de provincias espa\u00f1olas con 210,000 habitantes.<\/p>\n<p style=\"text-align: justify;\">No podemos tampoco hacer un poema permanente de Madrid, pues ha tenido \u00e9pocas que ahora quieren olvidar ese grupo de comunistas que tenemos en el Gobierno. Ellos hablan de romper cualquier lazo que hist\u00f3ricamente huela al franquismo, no contentos, quieren que nos olvidemos la \u00e9poca de 1978 hasta su llegada; manifiesta p\u00fablicamente su desconsideraci\u00f3n y falta de respeto con nuestro Rey como Jefe del Estado del Reino de Espa\u00f1a Son unos ignorantes o no han le\u00eddo la Historia El &#8220;nuevo proyecto de importaci\u00f3n venezolano para Espa\u00f1a de se esconde en los nuevos &#8220;Marqueses de Galapagar &#8220;<\/p>\n<p style=\"text-align: justify;\">Ahora disimulan el odio a Espa\u00f1a con esa Ley que ellos llaman &#8220;democr\u00e1tica&#8221;. \u00bfQu\u00e9 democracia persigue romper con la Historia de un pueblo? el Sr. S\u00e1nchez y sus ac\u00f3litos pol\u00edticos de un comunismo que en pocos focos mundiales lo practican. no menciona para nada en la nueva propuesta legislativa Ley Todo esto viene al cuento por la postura &#8220;generosa&#8221; de nuestro presidente de Gobierno a visitar la sede de la Autonom\u00eda madrile\u00f1a y ofrecer \u2026ayuda para la crisis que Madrid estamos padeciendo en estos momentos de proceso sanitario con incierto f in. Toda la Prensa madrile\u00f1a ha criticado esta postura &#8220;generosa&#8221; cuando, conociendo la situaci\u00f3n de Madrid en orden a la poblaci\u00f3n, al tr\u00e1fico de personas extranjeras, a pesar de las prohibiciones. El Gobierno y muy especialmente el ministro de Sanidad ha hecho poco caso cuando la Comunidad de Madrid advirti\u00f3 contundentemente, que los controles en los aeropuertos madrile\u00f1os eran imprescindibles para una tranquilidad sanitaria.<\/p>\n<p style=\"text-align: justify;\">\n<p style=\"text-align: center;\"><a href=\"http:\/\/granadacostanacional.es\/wp-content\/uploads\/2020\/09\/madrid-antiguo.jpg\"><img decoding=\"async\" loading=\"lazy\" class=\"aligncenter size-full wp-image-25523\" src=\"http:\/\/granadacostanacional.es\/wp-content\/uploads\/2020\/09\/madrid-antiguo.jpg\" alt=\"madrid antiguo\" width=\"927\" height=\"775\" \/><\/a><\/p>\n<p style=\"text-align: justify;\">Es evidente que cuando, ni la alcald\u00eda o la Comunidad de Madrid no se encuentra en manos de la <strong>izquierda<\/strong><strong>, <\/strong>no para de poner fin a la publicidad sobre la gesti\u00f3n de ambas instituciones con reproches e\u00a0inventos y ahora, rompiendo con lo firmado en d\u00edas pasados sobre la colaboraci\u00f3n entre el Gobierno central y la Comunidad Madrid.<\/p>\n<p>La situaci\u00f3n en Madrid es en estos d\u00edas verdaderamente agobiante, no solo por los fallecimientos y la situaci\u00f3n sanitaria, cuando a ello se suma el miedo de las personas mayores y la econom\u00eda en todos los sectores. Tenemos mucha fe, tanto en la alcald\u00eda de Madrid como en la Comunidad por el comportamiento que han tenido hasta ahora, a pesar de verse desbordados como consecuencia de que el Gobierno, vi\u00e9ndolas venir como se lo advirtieron ambos organismos madrile\u00f1os, principalmente en la negativa y silencio sobre la creaci\u00f3n urgente de los controles.<\/p>\n<p>Fotos de Internet.<\/p>\n","protected":false},"excerpt":{"rendered":"<p>Dr. Jos\u00e9\u00a0Luis Mart\u00edn Correa \u00a0 \u00a0 Madrid es mundialmente conocida por su tradicional acogida a quien saluda por primera vez&hellip;<\/p>\n","protected":false},"author":2,"featured_media":16165,"comment_status":"open","ping_status":"open","sticky":false,"template":"","format":"standard","meta":{"om_disable_all_campaigns":false,"_mi_skip_tracking":false,"_monsterinsights_sitenote_active":false,"_monsterinsights_sitenote_note":"","_monsterinsights_sitenote_category":0,"footnotes":""},"categories":[30],"tags":[],"aioseo_notices":[],"_links":{"self":[{"href":"https:\/\/granadacostaglobal.es\/index.php?rest_route=\/wp\/v2\/posts\/25520"}],"collection":[{"href":"https:\/\/granadacostaglobal.es\/index.php?rest_route=\/wp\/v2\/posts"}],"about":[{"href":"https:\/\/granadacostaglobal.es\/index.php?rest_route=\/wp\/v2\/types\/post"}],"author":[{"embeddable":true,"href":"https:\/\/granadacostaglobal.es\/index.php?rest_route=\/wp\/v2\/users\/2"}],"replies":[{"embeddable":true,"href":"https:\/\/granadacostaglobal.es\/index.php?rest_route=%2Fwp%2Fv2%2Fcomments&post=25520"}],"version-history":[{"count":0,"href":"https:\/\/granadacostaglobal.es\/index.php?rest_route=\/wp\/v2\/posts\/25520\/revisions"}],"wp:featuredmedia":[{"embeddable":true,"href":"https:\/\/granadacostaglobal.es\/index.php?rest_route=\/"}],"wp:attachment":[{"href":"https:\/\/granadacostaglobal.es\/index.php?rest_route=%2Fwp%2Fv2%2Fmedia&parent=25520"}],"wp:term":[{"taxonomy":"category","embeddable":true,"href":"https:\/\/granadacostaglobal.es\/index.php?rest_route=%2Fwp%2Fv2%2Fcategories&post=25520"},{"taxonomy":"post_tag","embeddable":true,"href":"https:\/\/granadacostaglobal.es\/index.php?rest_route=%2Fwp%2Fv2%2Ftags&post=25520"}],"curies":[{"name":"wp","href":"https:\/\/api.w.org\/{rel}","templated":true}]}}