{"id":2548,"date":"2015-10-20T15:45:18","date_gmt":"2015-10-20T15:45:18","guid":{"rendered":"http:\/\/granadacosta.es\/?p=2548"},"modified":"2015-10-20T15:45:18","modified_gmt":"2015-10-20T15:45:18","slug":"jornadas-culturales-en-palma-de-mallorca-24-y-25-de-octubre-de-2015","status":"publish","type":"post","link":"https:\/\/granadacostaglobal.es\/?p=2548","title":{"rendered":"Jornadas Culturales en Palma de Mallorca,  24 y 25 de octubre de 2015."},"content":{"rendered":"<p>D\u00eda 24:<br \/>\n&#8211; Casal de Paguera a las 17:00 horas. Inauguraci\u00f3n colectiva de pintura y fotograf\u00eda de asociados al peri\u00f3dico Granada Costa.<\/p>\n<p><a href=\"http:\/\/granadacosta.es\/wp-content\/uploads\/2015\/10\/Paquita-Romero.jpg\"><img decoding=\"async\" loading=\"lazy\" class=\"aligncenter size-full wp-image-2552\" src=\"http:\/\/granadacosta.es\/wp-content\/uploads\/2015\/10\/Paquita-Romero.jpg\" alt=\"Paquita Romero\" width=\"567\" height=\"799\" \/><\/a> <a href=\"http:\/\/granadacosta.es\/wp-content\/uploads\/2015\/10\/Pepa-Cortes.jpg\"><img decoding=\"async\" loading=\"lazy\" class=\"aligncenter size-full wp-image-2553\" src=\"http:\/\/granadacosta.es\/wp-content\/uploads\/2015\/10\/Pepa-Cortes.jpg\" alt=\"Pepa Cortes\" width=\"567\" height=\"456\" \/><\/a> <a href=\"http:\/\/granadacosta.es\/wp-content\/uploads\/2015\/10\/Mar\u00eda-Davila.jpg\"><img decoding=\"async\" loading=\"lazy\" class=\"aligncenter size-full wp-image-2551\" src=\"http:\/\/granadacosta.es\/wp-content\/uploads\/2015\/10\/Mar\u00eda-Davila.jpg\" alt=\"Mar\u00eda Davila\" width=\"567\" height=\"425\" \/><\/a> <a href=\"http:\/\/granadacosta.es\/wp-content\/uploads\/2015\/10\/Norberto-Espinosa.jpg\"><img decoding=\"async\" loading=\"lazy\" class=\"aligncenter size-full wp-image-2550\" src=\"http:\/\/granadacosta.es\/wp-content\/uploads\/2015\/10\/Norberto-Espinosa.jpg\" alt=\"Norberto Espinosa\" width=\"576\" height=\"720\" \/><\/a> <a href=\"http:\/\/granadacosta.es\/wp-content\/uploads\/2015\/10\/Mar\u00eda-Dolores-Alabarces.jpg\"><img decoding=\"async\" loading=\"lazy\" class=\"aligncenter size-full wp-image-2549\" src=\"http:\/\/granadacosta.es\/wp-content\/uploads\/2015\/10\/Mar\u00eda-Dolores-Alabarces.jpg\" alt=\"Mar\u00eda Dolores Alabarces\" width=\"720\" height=\"360\" \/><\/a><br \/>\n&#8211; 18:00 horas. Presentaci\u00f3n del libro de Mar\u00eda Dolores Alabarces Villa (Navegando entre sue\u00f1os). Pr\u00f3logo de Marcelino Arellano. Presenta el libro el mismo prologuista, Marcelino Arellano (Director Adjunto del peri\u00f3dico Granada Costa en Mallorca).<\/p>\n<p><a href=\"http:\/\/granadacosta.es\/wp-content\/uploads\/2015\/10\/Portada-Navegando-entre-sue\u00f1os-3d.jpg\"><img decoding=\"async\" loading=\"lazy\" class=\"aligncenter size-large wp-image-2555\" src=\"http:\/\/granadacosta.es\/wp-content\/uploads\/2015\/10\/Portada-Navegando-entre-sue\u00f1os-3d-756x1024.jpg\" alt=\"Portada Navegando entre sue\u00f1os 3d\" width=\"756\" height=\"1024\" \/><\/a><br \/>\nD\u00eda 25:<br \/>\n&#8211; 14:00 horas. Almuerzo en el Hotel Java.<br \/>\n&#8211; 15:30 horas. Presentaci\u00f3n del libro homenaje a Ana Mar\u00eda Sastre. Autores varios. Presenta el libro Jos\u00e9 Mar\u00eda Guti\u00e9rrez.<\/p>\n<p><a href=\"http:\/\/granadacosta.es\/wp-content\/uploads\/2015\/10\/Ana-M\u00aa-Sastre-3d.jpg\"><img decoding=\"async\" loading=\"lazy\" class=\"aligncenter size-large wp-image-2554\" src=\"http:\/\/granadacosta.es\/wp-content\/uploads\/2015\/10\/Ana-M\u00aa-Sastre-3d-756x1024.jpg\" alt=\"Ana M\u00aa Sastre 3d\" width=\"756\" height=\"1024\" \/><\/a><br \/>\n&#8211; 16:30 horas. Entrega de la Medalla de Oro al Trabajo Cultural a t\u00edtulo p\u00f3stumo a Hortensia de Carlos (recoger\u00e1n la medalla sus familiares). La medalla ser\u00e1 entregada por el Presidente Nacional del Patronato Granada Costa, Jos\u00e9 Segura.<br \/>\n&#8211; 17:00 horas. Recital po\u00e9tico con todos los asistentes que quieran participar<br \/>\n&#8211; El acto estar\u00e1 coordinado por Jos\u00e9 Heredia y Fernanda Llabr\u00e9s y ser\u00e1 presentado por Paquita cano y Mercedes Caballar.<br \/>\nLos actos de los dos d\u00edas ser\u00e1n grabados en v\u00eddeo y retransmitidos a trav\u00e9s del Canal Granada Costa.<br \/>\nQuedan invitados todos los socios del peri\u00f3dico Granada Costa.<br \/>\nTel\u00e9fonos de contacto para participar en los actos: 958 62 64 73 \u00f3 971 471 316. M\u00f3vil: 652 107 895<\/p>\n","protected":false},"excerpt":{"rendered":"<p>D\u00eda 24: &#8211; Casal de Paguera a las 17:00 horas. Inauguraci\u00f3n colectiva de pintura y fotograf\u00eda de asociados al peri\u00f3dico&hellip;<\/p>\n","protected":false},"author":2,"featured_media":2550,"comment_status":"open","ping_status":"open","sticky":false,"template":"","format":"standard","meta":{"om_disable_all_campaigns":false,"_mi_skip_tracking":false,"_monsterinsights_sitenote_active":false,"_monsterinsights_sitenote_note":"","_monsterinsights_sitenote_category":0,"footnotes":""},"categories":[21],"tags":[],"aioseo_notices":[],"_links":{"self":[{"href":"https:\/\/granadacostaglobal.es\/index.php?rest_route=\/wp\/v2\/posts\/2548"}],"collection":[{"href":"https:\/\/granadacostaglobal.es\/index.php?rest_route=\/wp\/v2\/posts"}],"about":[{"href":"https:\/\/granadacostaglobal.es\/index.php?rest_route=\/wp\/v2\/types\/post"}],"author":[{"embeddable":true,"href":"https:\/\/granadacostaglobal.es\/index.php?rest_route=\/wp\/v2\/users\/2"}],"replies":[{"embeddable":true,"href":"https:\/\/granadacostaglobal.es\/index.php?rest_route=%2Fwp%2Fv2%2Fcomments&post=2548"}],"version-history":[{"count":0,"href":"https:\/\/granadacostaglobal.es\/index.php?rest_route=\/wp\/v2\/posts\/2548\/revisions"}],"wp:featuredmedia":[{"embeddable":true,"href":"https:\/\/granadacostaglobal.es\/index.php?rest_route=\/"}],"wp:attachment":[{"href":"https:\/\/granadacostaglobal.es\/index.php?rest_route=%2Fwp%2Fv2%2Fmedia&parent=2548"}],"wp:term":[{"taxonomy":"category","embeddable":true,"href":"https:\/\/granadacostaglobal.es\/index.php?rest_route=%2Fwp%2Fv2%2Fcategories&post=2548"},{"taxonomy":"post_tag","embeddable":true,"href":"https:\/\/granadacostaglobal.es\/index.php?rest_route=%2Fwp%2Fv2%2Ftags&post=2548"}],"curies":[{"name":"wp","href":"https:\/\/api.w.org\/{rel}","templated":true}]}}