{"id":25456,"date":"2020-09-25T10:55:39","date_gmt":"2020-09-25T10:55:39","guid":{"rendered":"http:\/\/granadacostanacional.es\/?p=25456"},"modified":"2020-09-25T10:55:39","modified_gmt":"2020-09-25T10:55:39","slug":"cruz-del-zahor-y-el-ojo-oscuro","status":"publish","type":"post","link":"https:\/\/granadacostaglobal.es\/?p=25456","title":{"rendered":"Cruz del Zahor y El Ojo Oscuro"},"content":{"rendered":"<p style=\"text-align: justify;\"><strong><u>Cruz del Zahor<\/u><\/strong><\/p>\n<p style=\"text-align: justify;\"><a href=\"http:\/\/granadacostanacional.es\/wp-content\/uploads\/2020\/09\/Foto1-Cruz-del-Zahor.jpg\"><img decoding=\"async\" loading=\"lazy\" class=\"aligncenter size-large wp-image-25458\" src=\"http:\/\/granadacostanacional.es\/wp-content\/uploads\/2020\/09\/Foto1-Cruz-del-Zahor-1024x685.jpg\" alt=\"Foto1 Cruz del Zahor\" width=\"1024\" height=\"685\" \/><\/a><\/p>\n<p style=\"text-align: justify;\">Destacando sobre la silueta de la monta\u00f1a, a unos 1420 m de altitud sobre el nivel del mar, cuenta la leyenda que su estrat\u00e9gica localizaci\u00f3n data de tiempos de la Reconquista, marcando los nuevos dominios del cristianismo. Lo cierto es que la cruz met\u00e1lica que hoy en d\u00eda se erige sobre la vega de Nig\u00fcelas, anclada en las faldas del Zahor y se\u00f1oreando las cumbres del Valle de Lecr\u00edn, corresponde a una estructura met\u00e1lica de ejecuci\u00f3n relativamente reciente, levantada hacia la d\u00e9cada de los setenta del siglo pasado por los propios vecinos de Nig\u00fcelas y de otros pueblos lim\u00edtrofes como D\u00farcal o Acequias.<\/p>\n<p style=\"text-align: justify;\">Por aquellos a\u00f1os exist\u00eda en el lugar una peque\u00f1a cruz de madera, llevada all\u00ed por los misioneros que hace m\u00e1s de un siglo predicaban de pueblo en pueblo. De aquella \u00e9poca es la canci\u00f3n conservada por la tradici\u00f3n oral <em>&#8220;Que viva, que viva la Cruz, que viva, que viva Pedro Prim, que fue quien la llev\u00f3&#8230;&#8221;. <\/em>La creencia popular de que la madera de la cruz, quemada, aliviaba el dolor de muelas junto a los efectos meteorol\u00f3gicos de los muchos inviernos acumulados en su fr\u00e1gil armaz\u00f3n, llevaron a la ruina del viejo monumento, que fue desmontado y sustituido por el actual.<\/p>\n<p style=\"text-align: justify;\">\n<p style=\"text-align: justify;\">\n<p style=\"text-align: center;\">Est\u00e1s all\u00ed, perduras porque jam\u00e1s te venci\u00f3 la tentaci\u00f3n de dejarte ir.<\/p>\n<p style=\"text-align: center;\">Se\u00f1ora de las cumbres, puerta de entrada a los cielos&#8230;<\/p>\n<p style=\"text-align: center;\">la fe no s\u00f3lo mueve monta\u00f1as, tambi\u00e9n habita en ellas.<\/p>\n<p style=\"text-align: center;\">Anclas tus ra\u00edces en la roca para soplar con fuerza las nubes,<\/p>\n<p style=\"text-align: center;\">almas de ovejas blancas flotando en silencio, pastando sue\u00f1os desde ruidosas urbes.<\/p>\n<p style=\"text-align: center;\">Creo en tu norte, en qui\u00e9n sobre ti gira cada noche las estrellas,<\/p>\n<p style=\"text-align: center;\">en los milagros de cada d\u00eda &#8211; gu\u00edame para desde aqu\u00ed saber verlos-.<\/p>\n<p style=\"text-align: center;\">Cruz del Zahor, ens\u00e9\u00f1ame c\u00f3mo existir va m\u00e1s all\u00e1 que el coraz\u00f3n que deja de latir.<\/p>\n<p style=\"text-align: justify;\">\n<p style=\"text-align: justify;\">\n<p style=\"text-align: justify;\"><strong><u>El Ojo Oscuro.<\/u><\/strong><\/p>\n<p style=\"text-align: justify;\">\n<p style=\"text-align: justify;\"><a href=\"http:\/\/granadacostanacional.es\/wp-content\/uploads\/2020\/09\/Foto-2-El-ojo-oscuro.jpg\"><img decoding=\"async\" loading=\"lazy\" class=\"aligncenter size-large wp-image-25457\" src=\"http:\/\/granadacostanacional.es\/wp-content\/uploads\/2020\/09\/Foto-2-El-ojo-oscuro-680x1024.jpg\" alt=\"Foto 2 El ojo oscuro\" width=\"680\" height=\"1024\" \/><\/a><\/p>\n<p style=\"text-align: justify;\">Limitando el macizo nevadense por su borde occidental, al pie de las \u00faltimas estribaciones de la Sierra del Manar, las Lagunas del Padul se alimentan de las numerosas surgencias o nacimientos de agua que se sit\u00faan preferentemente a ambos lados -norte y sur- de la fosa tect\u00f3nica sobre la que se halla la localidad de &#8220;El Padul&#8221;, cuyo nombre deriva de la voz latina \u201cpalus-paludis\u201d que significa \u201claguna\u201d. Uno de dichos nacimientos, tal vez el m\u00e1s conocido y con mayor caudal de todos, es del Ojo Oscuro, en las inmediaciones de la Alberca Palmones, junto a la antigua carretera que un\u00eda la capital granadina con la costa mediterr\u00e1nea, la nacional N-323.<\/p>\n<p style=\"text-align: justify;\">\n<p style=\"text-align: justify;\">\n<p style=\"text-align: justify;\">Las ra\u00edces del t\u00e9rmino \u201cojo\u201d habr\u00eda que buscarlas por las no muy lejanas tierras manchegas, de vastas extensiones pr\u00e1cticamente llanas salpicadas de vi\u00f1edos y humedales.<\/p>\n<p style=\"text-align: justify;\">Dentro de la rica terminolog\u00eda acu\u00f1ada por los habitantes de la mancha h\u00fameda, se habla de \u201cojo\u201d para referirse a los manantiales que surgen en una zona llana. No en vano, los conocidos \u201cOjos del Guadiana\u201d, aunque actualmente secos, representaban hasta hace poco el m\u00e1s claro exponente de dicho significado.<\/p>\n<p style=\"text-align: justify;\">En las lagunas del Padul, entorno al misterioso Ojo Oscuro han surgido multitud de leyendas alimentadas por los propios padule\u00f1os. Historias y cuentos transmitidos de generaci\u00f3n a generaci\u00f3n, con la finalidad de alejar a la siempre intr\u00e9pida e imprevisible chiquiller\u00eda del peligro que las zonas pantanosas pudieran llegar a representar.<\/p>\n<p style=\"text-align: justify;\">Entre estas leyendas, destaca la de Jos\u00e9 Lao y su yunta de bueyes. Hombre ya mayor que se dedicaba al acarreo de piedras para casas o cercas y al arado de aquellas tierras cuyos propietarios quisieran sembrar o barbechar. Aunque esta \u00faltima operaci\u00f3n se pod\u00eda realizar entonces con mayor rapidez mediante mulos, los bueyes produc\u00edan un surco m\u00e1s profundo y recto. De esta forma aumentaba el volumen de tierra removida, ofreciendo al cultivo de cereales un sustrato renovado y aireado, con mayor capacidad para almacenar el agua de la lluvia. La productividad de la primera cosecha as\u00ed obtenida compensaba con creces a los agricultores la contrataci\u00f3n de Jos\u00e9 Lao, prefiriendo pagar las jornadas adicionales que el empleo de bueyes acarreaba.<\/p>\n<p style=\"text-align: justify;\">Esto hac\u00eda que al boyero nunca le faltara trabajo, transcurriendo su vejez de una forma relajada y sin preocupaciones. La fe ciega que profesaba hacia sus animales, unido a su car\u00e1cter tranquilo, hac\u00eda que en muchas ocasiones quedara dormido sobre el pescante, sumido en el profundo sopor que le produc\u00eda el mon\u00f3tono traqueteo del carro unido al chirriar de las ruedas.<\/p>\n<p style=\"text-align: justify;\">Uno tras otro, as\u00ed iba realizando todos sus encargos hasta que un buen d\u00eda y estando entregado, como casi siempre, a los placeres de Morfeo, los bueyes confundieron su recorrido.<\/p>\n<p style=\"text-align: justify;\">Encamin\u00e1ndose por error a una finca que el viejo boyero ten\u00eda en propiedad junto al Ojo Oscuro, la poca consistencia del terreno entorno a la poza provoc\u00f3 el hundimiento de las ruedas y posterior vuelco del carro.<\/p>\n<p style=\"text-align: justify;\">Poco a poco, de manera irreversible y ante la impotencia de los vecinos del pueblo que acudieron a socorrerle, Jos\u00e9 fue \u201cengullido\u201d por la insondable oquedad que sirve de nacimiento a las aguas.<\/p>\n<p style=\"text-align: justify;\">Dado por muerto, se le organiz\u00f3 un funeral en el lugar de su desaparici\u00f3n. Hasta all\u00ed acudi\u00f3 el p\u00e1rroco, en procesi\u00f3n, para darle su \u00faltimo adi\u00f3s ante la desconsolada mirada de su viuda, hijos, nietos y dem\u00e1s familiares de El Padul.<\/p>\n<p style=\"text-align: justify;\">Con el paso del tiempo, el luctuoso suceso fue diluy\u00e9ndose en la memoria de la gente.<\/p>\n<p style=\"text-align: justify;\">Al siguiente verano, como siempre que llegaba dicha estaci\u00f3n, muchas familias del Padul se desplazaron a la costa granadina a trabajar en la zafra de la ca\u00f1a de az\u00facar.<\/p>\n<p style=\"text-align: justify;\">All\u00ed viv\u00edan en p\u00e9simas condiciones, durmiendo a la intemperie o en peque\u00f1as chozas construidas de ca\u00f1averales a pocos metros de la l\u00ednea de playa. La \u00fanica forma de asearse la proporcionaba el mar.<\/p>\n<p style=\"text-align: justify;\">Cierta tarde de ese mes de agosto, mientras las mujeres preparaban la cena, hombres y ni\u00f1os fueron a ba\u00f1arse al mar.<\/p>\n<p style=\"text-align: justify;\">Entonces sucedi\u00f3 algo inaudito, ins\u00f3lito: con el sol ya ti\u00f1endo de rojo el horizonte, apareci\u00f3 sobre el mar la inconfundible silueta de Jos\u00e9 Lao con su yunta de bueyes.<\/p>\n<p style=\"text-align: justify;\">Tal cual, emergi\u00f3 de las aguas y con la misma impasibilidad de la que siempre hab\u00eda hecho gala se encamin\u00f3 con el carro hacia sus vecinos.<\/p>\n<p style=\"text-align: justify;\">Llenos de estupefacci\u00f3n y arremolinados en torno al boyero, le contaron que ya le hab\u00edan dado por muerto, a la vez que le preguntaban que c\u00f3mo que estaba all\u00ed.<\/p>\n<p style=\"text-align: justify;\">Boquiabiertos se debieron de quedar los padule\u00f1os all\u00ed presentes cuando Jos\u00e9 les desvel\u00f3 uno de esos secretos y misterios que por mucho que ronden la mente de las personas, \u00e9stas -a\u00fan hoy en d\u00eda- se resisten a creer si no lo ven con sus propios ojos: &#8220;el Ojo Oscuro, tenebroso lugar de cuyas entra\u00f1as mana el agua a borbotones, se comunica con el mar&#8221;.<\/p>\n<p style=\"text-align: justify;\">De hecho, existe un recorrido alternativo al seguido por las aguas hasta alcanzar el Mediterr\u00e1neo a trav\u00e9s de los r\u00edos D\u00farcal, Izbor y Guadalfeo. Un m\u00e1gico camino mezcla de piedras, agua y sobre todo, ilusi\u00f3n de ni\u00f1o, que hace que qui\u00e9n caiga al Ojo Oscuro aparezca meses m\u00e1s tarde flotando, tranquilamente, sin tiempo, sobre las olas.<\/p>\n<p style=\"text-align: justify;\">\n<p style=\"text-align: right;\"><em><strong>David R\u00edos<\/strong><\/em><\/p>\n","protected":false},"excerpt":{"rendered":"<p>Cruz del Zahor Destacando sobre la silueta de la monta\u00f1a, a unos 1420 m de altitud sobre el nivel del&hellip;<\/p>\n","protected":false},"author":2,"featured_media":24522,"comment_status":"open","ping_status":"open","sticky":false,"template":"","format":"standard","meta":{"om_disable_all_campaigns":false,"_mi_skip_tracking":false,"_monsterinsights_sitenote_active":false,"_monsterinsights_sitenote_note":"","_monsterinsights_sitenote_category":0,"footnotes":""},"categories":[21],"tags":[],"aioseo_notices":[],"_links":{"self":[{"href":"https:\/\/granadacostaglobal.es\/index.php?rest_route=\/wp\/v2\/posts\/25456"}],"collection":[{"href":"https:\/\/granadacostaglobal.es\/index.php?rest_route=\/wp\/v2\/posts"}],"about":[{"href":"https:\/\/granadacostaglobal.es\/index.php?rest_route=\/wp\/v2\/types\/post"}],"author":[{"embeddable":true,"href":"https:\/\/granadacostaglobal.es\/index.php?rest_route=\/wp\/v2\/users\/2"}],"replies":[{"embeddable":true,"href":"https:\/\/granadacostaglobal.es\/index.php?rest_route=%2Fwp%2Fv2%2Fcomments&post=25456"}],"version-history":[{"count":0,"href":"https:\/\/granadacostaglobal.es\/index.php?rest_route=\/wp\/v2\/posts\/25456\/revisions"}],"wp:featuredmedia":[{"embeddable":true,"href":"https:\/\/granadacostaglobal.es\/index.php?rest_route=\/"}],"wp:attachment":[{"href":"https:\/\/granadacostaglobal.es\/index.php?rest_route=%2Fwp%2Fv2%2Fmedia&parent=25456"}],"wp:term":[{"taxonomy":"category","embeddable":true,"href":"https:\/\/granadacostaglobal.es\/index.php?rest_route=%2Fwp%2Fv2%2Fcategories&post=25456"},{"taxonomy":"post_tag","embeddable":true,"href":"https:\/\/granadacostaglobal.es\/index.php?rest_route=%2Fwp%2Fv2%2Ftags&post=25456"}],"curies":[{"name":"wp","href":"https:\/\/api.w.org\/{rel}","templated":true}]}}