{"id":25384,"date":"2020-09-23T09:13:15","date_gmt":"2020-09-23T09:13:15","guid":{"rendered":"http:\/\/granadacostanacional.es\/?p=25384"},"modified":"2020-09-23T09:13:15","modified_gmt":"2020-09-23T09:13:15","slug":"libro-recomendado-broche-de-oro-a-una-carrera-artistica-inmaculada-rejon-2","status":"publish","type":"post","link":"https:\/\/granadacostaglobal.es\/?p=25384","title":{"rendered":"Libro Recomendado &#8220;Broche de Oro a una Carrera Art\u00edstica Inmaculada Rej\u00f3n&#8221;"},"content":{"rendered":"<p style=\"text-align: justify;\">Podr\u00e1 leer el libro entero a trav\u00e9s de este enlace\u00a0<a href=\"http:\/\/granadacostanacional.es\/downloads\/Libro Broche de oro Inma Rej\u00f3n web.pdf\"><span style=\"color: #0000ff;\">&#8220;Broche de Oro a una Carrera Art\u00edstica Inmaculada Rej\u00f3n&#8221;<\/span><\/a><\/p>\n<h2 style=\"text-align: center;\"><strong>Broche de Oro\u00a0 A UNA CARRERA ART\u00cdSTICA Inmaculada Rej\u00f3n<\/strong><\/h2>\n<p style=\"text-align: justify;\">Conoc\u00ed en 2002, de la mano del escritor V\u00edctor Corcoba, a Inmaculada Rej\u00f3n, una mujer con semblante serio y preocupado, pero al mismo tiempo con ganas de vivir y hacer aquello para lo que hab\u00eda nacido: Cantar. En esos d\u00edas estaba preparando la entrega de los galardones Granada Costa, que se iban a celebrar en el auditorio Manuel de Falla. Nada m\u00e1s terminar el caf\u00e9 y la peque\u00f1a conversaci\u00f3n que hab\u00edamos mantenido entre V\u00edctor, Inma y yo, les sorprend\u00ed a los dos diciendo que ella ser\u00eda la artista invitada en la entrega de los premios Granada Costa en el Manuel de Falla. Sus ojos y su mirada cantaban la felicidad que en aquel momento corr\u00edan entre sus venas, pues ser\u00eda el primer y m\u00e1s grande de los espect\u00e1culos que ella hab\u00eda pensado para darse a conocer en su faceta art\u00edstica.<\/p>\n<p style=\"text-align: justify;\">Inmaculada Rej\u00f3n nace en C\u00e1jar en el seno de una familia humilde, muy trabajadora y tiene una ni\u00f1ez compartida entre un 50 % de felicidad y otro 50 % que era parte de lo que le ocurr\u00eda a los ni\u00f1os de aquella \u00e9poca, cuando est\u00e1bamos acabando de salir de un pa\u00eds en la miseria.<\/p>\n<p style=\"text-align: justify;\">A una edad temprana, Inmaculada emprende una nueva vida en la que tambi\u00e9n podemos decir que tiene un 50 % de felicidad y otro 50 % de desdicha. Del primer cincuenta por ciento, podemos destacar el nacimiento de sus cuatro hijos, dos chicos y dos chicas. Del otro cincuenta por ciento podemos destacar un verdadero fracaso y divorcio.<\/p>\n<p style=\"text-align: justify;\">Tambi\u00e9n podemos resaltar, despu\u00e9s de su separaci\u00f3n, dos facetas muy importantes de su vida como es la mujer luchadora que saca a su familia adelante, sin contar para nada con la colaboraci\u00f3n de su expareja. En ese momento recobra la felicidad pues es una mujer que trabaja cosiendo, planchando, asistiendo en los restaurantes, sobre todo en las bodas y bautizos que era donde m\u00e1s reclamo hab\u00eda. Ella aprovechaba esos momentos para, con el animador de las fiestas, interpretar alguno de sus cantes basados mayormente en la copla y algo de flamenco.<\/p>\n<p style=\"text-align: justify;\"><a href=\"http:\/\/granadacostanacional.es\/inma-rejon\/\"><img decoding=\"async\" loading=\"lazy\" class=\"aligncenter size-full wp-image-25381\" src=\"http:\/\/granadacostanacional.es\/wp-content\/uploads\/2020\/09\/Boton-Inma.gif\" alt=\"Boton Inma\" width=\"300\" height=\"400\" \/><\/a><\/p>\n<p style=\"text-align: justify;\">Por esas fechas volvi\u00f3 a enamorarse. Si en la primera ocasi\u00f3n, su pareja era quince a\u00f1os mayor que ella, ahora la situaci\u00f3n era en parte al rev\u00e9s, pero lo que durante un tiempo fue una locura de amor, se termin\u00f3 igual que empez\u00f3.<\/p>\n<p style=\"text-align: justify;\">Inmaculada siempre tiene sus hijos y su trabajo por bandera y ha logrado con sus esfuerzos una buena educaci\u00f3n y un hogar estable tanto para ella como para sus hijos.<\/p>\n<p style=\"text-align: justify;\">Granada Costa, a\u00f1o 2002. Fue tal el \u00e9xito de su presentaci\u00f3n en el Manuel de Falla, donde actu\u00f3 ella acompa\u00f1ada de las chicas de la Escuela de Baile Marich\u00fa, que se ilusion\u00f3 tanto que a partir de esa fecha podemos decir que ha sido parte fundamental para el desarrollo cultural del Proyecto Nacional de Cultura Granada Costa en toda la geograf\u00eda espa\u00f1ola, y sobre todo en la gran mayor\u00eda de pueblos de la provincia de Granada que este Proyecto ha visitado en estos \u00faltimos 15 a\u00f1os, acompa\u00f1ado en un 90 % de las ocasiones por la persona y la voz inigualables de Inmaculada Rej\u00f3n.<\/p>\n<p style=\"text-align: justify;\">Inma ha cantado en iglesias, en exposiciones de pintura, en grandes teatros, en presentaciones de libros, en recitales po\u00e9ticos, como las p\u00e1ginas de este libro Broche de Oro a una carrera art\u00edstica lo van describiendo p\u00e1gina por p\u00e1gina.<\/p>\n<p style=\"text-align: justify;\">Ha editado en estos a\u00f1os los discos Del sue\u00f1o a la realidad, El Color del Alma, Pasodobles, Del sentimiento a la Voz y el libro-disco Entre Pueblos y Cantares. Est\u00e1 incluida en el circuito de Diputaci\u00f3n para cantantes, con lo cual durante al a\u00f1o tiene diversos contratos para actuar en pueblos de la provincia. Es requerida por parte de los artistas de Granada Costa para que les acompa\u00f1e en sus actuaciones, como ha sido en la sala Luz de Gas en Barcelona con el Grupo Inquietudes o en diferentes teatros de Mallorca con el rapsoda Antonio Bonet San Cler.<\/p>\n<p style=\"text-align: justify;\">Siendo el papel m\u00e1s importante dentro de Granada Costa en los Circuitos Culturales, pues sin ella no se entender\u00eda la labor de estos circuitos. Para m\u00ed, considerada como mi hermana, en este libro le pretendo rendir el mayor de los Homenajes y agradecimiento que se le puede tener a una persona tan entra\u00f1able como es nuestra ni\u00f1a traviesa Inmaculada Rej\u00f3n.<\/p>\n<p style=\"text-align: justify;\"><a href=\"http:\/\/granadacostanacional.es\/wp-content\/uploads\/2020\/09\/Papa-web-1.jpg\"><img decoding=\"async\" loading=\"lazy\" class=\"alignright size-medium wp-image-25178\" src=\"http:\/\/granadacostanacional.es\/wp-content\/uploads\/2020\/09\/Papa-web-1-300x246.jpg\" alt=\"Papa web\" width=\"300\" height=\"246\" \/><\/a><\/p>\n<p style=\"text-align: right;\"><strong>Jos\u00e9 Segura Haro<\/strong><\/p>\n<p style=\"text-align: right;\"><strong>Presidente Del Proyecto Nacional<\/strong><\/p>\n<p style=\"text-align: right;\"><strong>de Cultura Granada Costa<\/strong><\/p>\n<p style=\"text-align: right;\">\n<p style=\"text-align: right;\">\n<p style=\"text-align: right;\">\n<p style=\"text-align: right;\">\n<p style=\"text-align: right;\">\n<p style=\"text-align: right;\"><a href=\"https:\/\/www.restauranteelpenon.es\/\"><img decoding=\"async\" loading=\"lazy\" class=\"size-large wp-image-25379 aligncenter\" src=\"http:\/\/granadacostanacional.es\/wp-content\/uploads\/2020\/09\/Pe\u00f1\u00f3n-1024x677.gif\" alt=\"Pe\u00f1\u00f3n\" width=\"1024\" height=\"677\" \/><\/a><\/p>\n","protected":false},"excerpt":{"rendered":"<p>Podr\u00e1 leer el libro entero a trav\u00e9s de este enlace\u00a0&#8220;Broche de Oro a una Carrera Art\u00edstica Inmaculada Rej\u00f3n&#8221; Broche de&hellip;<\/p>\n","protected":false},"author":3,"featured_media":25380,"comment_status":"open","ping_status":"open","sticky":false,"template":"","format":"standard","meta":{"om_disable_all_campaigns":false,"_mi_skip_tracking":false,"_monsterinsights_sitenote_active":false,"_monsterinsights_sitenote_note":"","_monsterinsights_sitenote_category":0,"footnotes":""},"categories":[21,30],"tags":[],"aioseo_notices":[],"_links":{"self":[{"href":"https:\/\/granadacostaglobal.es\/index.php?rest_route=\/wp\/v2\/posts\/25384"}],"collection":[{"href":"https:\/\/granadacostaglobal.es\/index.php?rest_route=\/wp\/v2\/posts"}],"about":[{"href":"https:\/\/granadacostaglobal.es\/index.php?rest_route=\/wp\/v2\/types\/post"}],"author":[{"embeddable":true,"href":"https:\/\/granadacostaglobal.es\/index.php?rest_route=\/wp\/v2\/users\/3"}],"replies":[{"embeddable":true,"href":"https:\/\/granadacostaglobal.es\/index.php?rest_route=%2Fwp%2Fv2%2Fcomments&post=25384"}],"version-history":[{"count":0,"href":"https:\/\/granadacostaglobal.es\/index.php?rest_route=\/wp\/v2\/posts\/25384\/revisions"}],"wp:featuredmedia":[{"embeddable":true,"href":"https:\/\/granadacostaglobal.es\/index.php?rest_route=\/"}],"wp:attachment":[{"href":"https:\/\/granadacostaglobal.es\/index.php?rest_route=%2Fwp%2Fv2%2Fmedia&parent=25384"}],"wp:term":[{"taxonomy":"category","embeddable":true,"href":"https:\/\/granadacostaglobal.es\/index.php?rest_route=%2Fwp%2Fv2%2Fcategories&post=25384"},{"taxonomy":"post_tag","embeddable":true,"href":"https:\/\/granadacostaglobal.es\/index.php?rest_route=%2Fwp%2Fv2%2Ftags&post=25384"}],"curies":[{"name":"wp","href":"https:\/\/api.w.org\/{rel}","templated":true}]}}