{"id":25329,"date":"2020-09-21T07:35:33","date_gmt":"2020-09-21T07:35:33","guid":{"rendered":"http:\/\/granadacostanacional.es\/?p=25329"},"modified":"2020-09-21T07:35:33","modified_gmt":"2020-09-21T07:35:33","slug":"un-triunfo-es-una-alegria","status":"publish","type":"post","link":"https:\/\/granadacostaglobal.es\/?p=25329","title":{"rendered":"UN TRIUNFO ES UNA ALEGR\u00cdA"},"content":{"rendered":"<p style=\"text-align: justify;\">Hace 20 a\u00f1os que se edit\u00f3 el primer peri\u00f3dico de la Asociaci\u00f3n Cultural Granada Costa. Este mes ser\u00e1 la entrega de la 500 edici\u00f3n del peri\u00f3dico, motivo de triunfo y alegr\u00eda por esta labor realizada por toda la directiva junto a la colaboraci\u00f3n de los socios.<\/p>\n<p style=\"text-align: justify;\">\u00a0\u00a0\u00a0\u00a0\u00a0\u00a0\u00a0\u00a0\u00a0 All\u00e1 por el a\u00f1o 2013, Carmen Carrasco me habl\u00f3 de esta maravillosa Asociaci\u00f3n y tras su explicaci\u00f3n me pareci\u00f3 una cosa estupenda, por lo cual me hice socio enseguida. A partir de entonces, dicha Asociaci\u00f3n de Granada Costa fue un hallazgo para m\u00ed.<\/p>\n<p style=\"text-align: justify;\">\u00a0\u00a0\u00a0\u00a0\u00a0\u00a0\u00a0\u00a0\u00a0 Desde el a\u00f1o 2014 comenc\u00e9 a escribir poemas en el peri\u00f3dico mensual de Granada Costa y el primer poema que mand\u00e9 lo publicaron en el ejemplar n\u00famero 421 del 10 de marzo de dicho a\u00f1o, cuyo t\u00edtulo era LUNA EMBRUJADA. Desde ese a\u00f1o y hasta el d\u00eda de la fecha llevo escribiendo en todas sus ediciones. Estamos en el a\u00f1o 2020 y desde el 2014 todos los meses sale un poema escrito por m\u00ed junto a otros muchos enviados por los socios. Mes tras mes se editan poemas, art\u00edculos, reportajes, lo que cada socio desea que se les publique.<\/p>\n<p style=\"text-align: justify;\">\u00a0\u00a0\u00a0\u00a0\u00a0\u00a0\u00a0\u00a0\u00a0 De esta magn\u00edfica Asociaci\u00f3n he recibido muchas satisfacciones, premios y diplomas. Me han otorgado la Medalla de Oro por mi labor y entrega realizadas durante a\u00f1os. Hice una exposici\u00f3n de cien fotos m\u00edas hechas en los d\u00edas que sal\u00eda de senderismo por toda la Comunidad Valenciana. Tambi\u00e9n me nombraron, en su tiempo, Director adjunto del peri\u00f3dico en Valencia y miembro vocal de la Academia de las Ciencias, Bellas Artes y Buenas Letras en el a\u00f1o 2020.<\/p>\n<p style=\"text-align: justify;\">\u00a0\u00a0\u00a0\u00a0\u00a0\u00a0\u00a0\u00a0\u00a0 Se me hizo entrega de una agenda, ese mismo a\u00f1o, y me dedicaron un libro homenaje, poemario VERSOS DE MI OTO\u00d1O, en el cual colaboraron bastantes socios y amigos.<\/p>\n<p style=\"text-align: justify;\">\u00a0\u00a0\u00a0\u00a0\u00a0\u00a0\u00a0\u00a0\u00a0 Yo soy andaluz y vine a Valencia en el mes de marzo del a\u00f1o 1962 para ver y disfrutar de la Fiesta que se le dedica a San Jos\u00e9, las Fallas, y me qued\u00e9 en Valencia trabajando. Pero cuando lleg\u00f3 diciembre con sus fiestas navide\u00f1as me entr\u00f3 una nostalgia, al estar lejos del pueblo donde nac\u00ed, y me fui a la estaci\u00f3n para volverme otra vez a Andaluc\u00eda. Pero me arrepent\u00ed. Mi destino era quedarme en Valencia y, dentro de lo que cabe, al final me acomod\u00e9 y me siento a gusto en ella. Quiz\u00e1s por quedarme en Valencia ahora soy socio de Granada Costa.<\/p>\n<p style=\"text-align: justify;\">\u00a0\u00a0\u00a0\u00a0\u00a0\u00a0\u00a0 \u00a0\u00a0En todo este tiempo la Asociaci\u00f3n ha organizado actos con socios, en donde se han entregado toda clase de premios y diplomas, siendo dichos encuentros celebrados en diferentes lugares de la geograf\u00eda espa\u00f1ola. \u00daltimamente se celebra en Madrid un gran Encuentro con objeto de que todos los socios tengan un lugar equidistante de su origen. El pasado febrero se le hizo all\u00ed, en Madrid en el Hotel Miguel \u00c1ngel, un homenaje al Padre \u00c1ngel entreg\u00e1ndole el Premio Humanidades y dedic\u00e1ndole un libro homenaje. Lo vimos muy contento y disfrutando, al igual que todos los numerosos asistentes al acto.<\/p>\n<p style=\"text-align: justify;\">\u00a0\u00a0\u00a0\u00a0\u00a0\u00a0\u00a0\u00a0\u00a0 La verdad es que este grupo social es estupendo y la Asociaci\u00f3n contin\u00faa en progreso imparable, y cada vez mejor, dirigida por su Presidente D. Jos\u00e9 Segura Haro y colaboradores. Gracias a \u00e9l vamos todos con viento a favor\u00a0 y a toda vela pues all\u00e1 donde vamos llevamos cultura, fiesta y armon\u00eda.<\/p>\n<p style=\"text-align: justify;\">\u00a0\u00a0\u00a0\u00a0\u00a0\u00a0\u00a0\u00a0\u00a0 Yo aconsejar\u00eda a las personas que se asociaran, simplemente porque a m\u00ed me encanta este grupo y si a m\u00ed me gusta y me encuentro feliz en este grupo de escritores y artistas, me gustar\u00eda que todos disfrutasen tambi\u00e9n de esta Asociaci\u00f3n.<\/p>\n<p style=\"text-align: justify;\">\u00a0\u00a0\u00a0\u00a0\u00a0\u00a0\u00a0\u00a0\u00a0 No hay cosa mejor y m\u00e1s sana que tratarse con buenas personas de las cuales se pueda aprender algo bueno. Pues eso es lo que hizo Granada Costa con su presidente al frente. Se reuni\u00f3 un grupo de amigos y decidieron fundar esta ejemplar Asociaci\u00f3n. Como es sabido, siempre que intentas crear algo no todo son coros de \u00e1ngeles, salen problemas a porrillo pero con buena voluntad, ah\u00ednco y tes\u00f3n, salen las cosas adelante. Y eso es lo que pas\u00f3 con esta mod\u00e9lica Asociaci\u00f3n Cultural, repartida por toda la geograf\u00eda espa\u00f1ola.<\/p>\n<p style=\"text-align: justify;\">\u00a0\u00a0\u00a0\u00a0\u00a0\u00a0\u00a0\u00a0\u00a0 Espero que os haya gustado leer este corto escrito para celebrar la edici\u00f3n de los 500 peri\u00f3dicos editados y que a lo largo del tiempo se triplique, o m\u00e1s, su edici\u00f3n y se renueven los participantes con savia nueva y fresca. Mi sincera enhorabuena.<\/p>\n<p style=\"text-align: justify;\">\n<p style=\"text-align: right;\"><strong><em>Francisco Rossi Melero, <\/em><\/strong><\/p>\n<p style=\"text-align: right;\">vocal de la Academia de las Ciencias, Bellas Artes y Buenas Letras.<\/p>\n","protected":false},"excerpt":{"rendered":"<p>Hace 20 a\u00f1os que se edit\u00f3 el primer peri\u00f3dico de la Asociaci\u00f3n Cultural Granada Costa. Este mes ser\u00e1 la entrega&hellip;<\/p>\n","protected":false},"author":2,"featured_media":25330,"comment_status":"open","ping_status":"open","sticky":false,"template":"","format":"standard","meta":{"om_disable_all_campaigns":false,"_mi_skip_tracking":false,"_monsterinsights_sitenote_active":false,"_monsterinsights_sitenote_note":"","_monsterinsights_sitenote_category":0,"footnotes":""},"categories":[21,30],"tags":[],"aioseo_notices":[],"_links":{"self":[{"href":"https:\/\/granadacostaglobal.es\/index.php?rest_route=\/wp\/v2\/posts\/25329"}],"collection":[{"href":"https:\/\/granadacostaglobal.es\/index.php?rest_route=\/wp\/v2\/posts"}],"about":[{"href":"https:\/\/granadacostaglobal.es\/index.php?rest_route=\/wp\/v2\/types\/post"}],"author":[{"embeddable":true,"href":"https:\/\/granadacostaglobal.es\/index.php?rest_route=\/wp\/v2\/users\/2"}],"replies":[{"embeddable":true,"href":"https:\/\/granadacostaglobal.es\/index.php?rest_route=%2Fwp%2Fv2%2Fcomments&post=25329"}],"version-history":[{"count":0,"href":"https:\/\/granadacostaglobal.es\/index.php?rest_route=\/wp\/v2\/posts\/25329\/revisions"}],"wp:featuredmedia":[{"embeddable":true,"href":"https:\/\/granadacostaglobal.es\/index.php?rest_route=\/"}],"wp:attachment":[{"href":"https:\/\/granadacostaglobal.es\/index.php?rest_route=%2Fwp%2Fv2%2Fmedia&parent=25329"}],"wp:term":[{"taxonomy":"category","embeddable":true,"href":"https:\/\/granadacostaglobal.es\/index.php?rest_route=%2Fwp%2Fv2%2Fcategories&post=25329"},{"taxonomy":"post_tag","embeddable":true,"href":"https:\/\/granadacostaglobal.es\/index.php?rest_route=%2Fwp%2Fv2%2Ftags&post=25329"}],"curies":[{"name":"wp","href":"https:\/\/api.w.org\/{rel}","templated":true}]}}