{"id":25320,"date":"2020-09-19T10:02:19","date_gmt":"2020-09-19T10:02:19","guid":{"rendered":"http:\/\/granadacostanacional.es\/?p=25320"},"modified":"2020-09-19T10:02:19","modified_gmt":"2020-09-19T10:02:19","slug":"libro-recomendado-el-diario-de-yasmin-2a-edicion-de-carmen-carrasco-ramos","status":"publish","type":"post","link":"https:\/\/granadacostaglobal.es\/?p=25320","title":{"rendered":"Libro Recomendado &#8220;El Diario de Yasm\u00edn 2\u00aa Edici\u00f3n&#8221; de Carmen Carrasco Ramos"},"content":{"rendered":"<p style=\"text-align: justify;\">Podr\u00e1 leer el libro entero a trav\u00e9s de este enlace\u00a0<span style=\"color: #0000ff;\"><a style=\"color: #0000ff;\" href=\"http:\/\/granadacostanacional.es\/downloads\/El diario de Yasm\u00edn 2\u00aa Edici\u00f3n web.pdf\">&#8220;El Diario de Yasm\u00edn 2\u00aa Edici\u00f3n&#8221;<\/a><\/span><\/p>\n<p>&nbsp;<\/p>\n<p>&nbsp;<\/p>\n<h2 style=\"text-align: center;\">PR\u00d3LOGO<\/h2>\n<p>&nbsp;<\/p>\n<p style=\"text-align: justify;\">Querida Carmen: GRACIAS. Gracias por haber DADO VOZ a un animal, velada por su incapacidad biol\u00f3gica de hablar y decir. T\u00fa le has dotado de\u00a0 palabra para transmitirnos sus miedos, sorpresas, vivencias y sentimientos. T\u00fa has hecho el milagro.<\/p>\n<p style=\"text-align: justify;\">&#8220;YASM\u00cdN&#8221;, seg\u00fan me contaste, es una perrita recogida de la calle con solo un mes de edad. El destino quiso que vuestros caminos se entrecruzaran para su bien. Tuvo mucha suerte. Muy pocos de los canes abandonados la tienen: siendo optimistas, al\u00adrededor de un escaso 5% son adoptados. El abandono ha sido y es, una lacra en Espa\u00f1a agravada ahora por la crisis y el paro.<\/p>\n<p style=\"text-align: justify;\">Siendo el &#8220;divino verbo&#8221; el m\u00e1ximo exponente de la &#8220;personalidad&#8221;, la cualidad m\u00e1s destacada del hombre y de su ente como persona , &#8220;YASM\u00cdN&#8221; goza en la obra de este potencial, de este inapreciable don, convirti\u00e9ndose a lo largo de sus p\u00e1ginas, en las que todos los hechos y an\u00e9cdotas que se narran son ver\u00eddicos, en una adorable &#8220;personita&#8221;, que nos hace sonre\u00edr y pensar, pues no es balad\u00ed lo que entre l\u00edneas subyace si la voluntad de comprender acompa\u00f1a al lector. Sea como fuere apostar\u00eda a que despu\u00e9s de leer el libro se ver\u00e1 al perro quiz\u00e1s de distinta manera, m\u00e1s cercano, m\u00e1s igual dentro de las diferencias.<\/p>\n<p style=\"text-align: justify;\">Est\u00e1 claro que darles la palabra a los animales, como es el caso, es fundamental para poder defenderlos, por ejemplo, pero no olvidemos que obviamente los animales de cualquier especie no son mudos; se expresan con gestos, miradas y sonidos. Otra cosa muy distinta es escucharlos. Y no lo hacemos: sus quejidos, manifestaciones y padecimientos, contin\u00faan ignorados. Por eso convertirse en su voz es lo m\u00e1ximo que por ellos puede hacerse para denunciar lo injusto del trato que reciben como pago a sus inapreciable servicios.<\/p>\n<p style=\"text-align: justify;\"><a href=\"http:\/\/granadacostanacional.es\/carmen-carrasco\/\"><img decoding=\"async\" loading=\"lazy\" class=\"aligncenter wp-image-25323 size-full\" src=\"http:\/\/granadacostanacional.es\/wp-content\/uploads\/2020\/09\/Boton-Carmen.gif\" alt=\"Boton Carmen\" width=\"300\" height=\"400\" \/><\/a><\/p>\n<p style=\"text-align: justify;\">Esta vez es la entra\u00f1able gru\u00f1ona protagonista de la historia desde su \u00f3ptica canina la que, a trav\u00e9s de su amiga humana, convertida en su voz, nos hace part\u00edcipes de su existencia, result\u00e1ndole\u00a0 incomprensiblemente\u00a0 complejo el proceder\u00a0 humano\u00a0 en ciertas situaciones que para ella son simples y sencillas. \u00a1\u00a1Qu\u00e9 manera de complicarse la vida, se dice para sus adentros!! Y tiene raz\u00f3n: los humanos la hemos hecho extraordinariamente enmara\u00f1ada y absurda.<\/p>\n<p style=\"text-align: justify;\">Lo sorprendente es que los ficticios pensamientos\u00a0 de &#8220;YASM\u00cdN&#8221;, de haber sido reales no se alejar\u00edan demasiado de los nuestros dada la similitud biol\u00f3gica y psicol\u00f3gica que como animales compartimos, avalado por la ciencia y la propia observaci\u00f3n. Su ADN y el nuestro\u00a0 son casi id\u00e9nticos.\u00a0 Somos, nos guste o no, parientes pr\u00f3ximos. Como dicen algunos poseedores de perros orgullosos de su listura: \u00a1es que s\u00f3lo le falta hablar! Y as\u00ed es, en el m\u00e1s amplio sentido de la palabra.<\/p>\n<p style=\"text-align: justify;\">Volviendo al hilo de la cuesti\u00f3n, hay quien afirma, incluso, que descubren y sintetizan hasta nuestras intenciones y deseos antes de ser manifestados, como si de una posible comunicaci\u00f3n telep\u00e1tica se tratara. Mi modesta opini\u00f3n es que todo es fruto de su af\u00e1n de aprender y de agradar, abonado con una copiosa cantidad de afecto y amistad incondicional. No creo equivocarme.<\/p>\n<p style=\"text-align: justify;\">Lo bien cierto es que entre perro y poseedor se establece una relaci\u00f3n muy especial, a veces inexplicable. Perros que predicen un fallecimiento, que avisan de un problema de salud incipiente, que les salvan la vida a veces a costa de la suya, que facilitan la tarea de manejarse cuando se padece una discapacidad o problema de movimiento&#8230; Y lo m\u00e1s inaudito: que pueden acabar pareci\u00e9ndose a sus tenedores en lo relativo a rutinas y costumbres, absorbiendo una porci\u00f3n de su personalidad.<\/p>\n<p style=\"text-align: justify;\">En cuanto a la obra, su autora\u00a0 ha volcado en ella\u00a0 la sensibilidad que le caracteriza y la grandeza del afecto que siente por su compa\u00f1era de cuatro patas &#8220;YASM\u00cdN&#8221; considerada como un miembro m\u00e1s de la familia. La calidad de su narrativa en prosa y verso es innegable a tenor de los premios recibidos, el \u00faltimo muy reciente, como es el Premio Internacional de las Letras \u201cSegura de Haro\u201d asimismo por el presente libro. Por tanto nada m\u00e1s cabe decir porque estos merecidos reconocimientos lo dicen todo, tan s\u00f3lo a\u00f1adir que su autora ha sido asimismo nombrada por unanimidad, Primer Miembro de Honor de ARCADYS, teniendo en cuenta los m\u00e9ritos del presente libro y la defensa que en el mismo se hace de los animales.<\/p>\n<p style=\"text-align: justify;\">Termino finalmente recomendando este libro plagado de sentimiento y buen gusto, con el deseo impl\u00edcito de que el lector al finalizarlo, acabe exclamando conmigo: GRACIAS amigos caninos por la amistad y compa\u00f1\u00eda que nos hab\u00e9is regalado, por la ayuda prestada, por dar sin recibir, por vuestra entrega y dedicaci\u00f3n y sobre todo por estar ah\u00ed en los momentos en que os hemos necesitado.<\/p>\n<p style=\"text-align: right;\">\u00a0\u00a0\u00a0\u00a0\u00a0\u00a0\u00a0\u00a0\u00a0\u00a0 <em>Emilia Pastor<\/em><\/p>\n<p style=\"text-align: right;\"><em>\u00a0\u00a0\u00a0\u00a0\u00a0\u00a0\u00a0\u00a0\u00a0\u00a0 Presidenta de la Asociaci\u00f3n para el Respeto y Convivencia con los Animales Dom\u00e9sticos y Salvajes ( ARCADYS)<\/em><\/p>\n<p style=\"text-align: right;\"><em>\u00a0\u00a0\u00a0\u00a0\u00a0\u00a0\u00a0\u00a0\u00a0\u00a0 www.arcadys.org<\/em><\/p>\n<p style=\"text-align: right;\"><a href=\"http:\/\/granadacostanacional.es\/wp-content\/uploads\/2020\/09\/logo_arcadys.jpg\"><img decoding=\"async\" loading=\"lazy\" class=\"alignright size-full wp-image-25322\" src=\"http:\/\/granadacostanacional.es\/wp-content\/uploads\/2020\/09\/logo_arcadys.jpg\" alt=\"logo_arcadys\" width=\"133\" height=\"200\" \/><\/a><\/p>\n","protected":false},"excerpt":{"rendered":"<p>Podr\u00e1 leer el libro entero a trav\u00e9s de este enlace\u00a0&#8220;El Diario de Yasm\u00edn 2\u00aa Edici\u00f3n&#8221; &nbsp; &nbsp; PR\u00d3LOGO &nbsp; Querida&hellip;<\/p>\n","protected":false},"author":2,"featured_media":25321,"comment_status":"open","ping_status":"open","sticky":false,"template":"","format":"standard","meta":{"om_disable_all_campaigns":false,"_mi_skip_tracking":false,"_monsterinsights_sitenote_active":false,"_monsterinsights_sitenote_note":"","_monsterinsights_sitenote_category":0,"footnotes":""},"categories":[21,30],"tags":[],"aioseo_notices":[],"_links":{"self":[{"href":"https:\/\/granadacostaglobal.es\/index.php?rest_route=\/wp\/v2\/posts\/25320"}],"collection":[{"href":"https:\/\/granadacostaglobal.es\/index.php?rest_route=\/wp\/v2\/posts"}],"about":[{"href":"https:\/\/granadacostaglobal.es\/index.php?rest_route=\/wp\/v2\/types\/post"}],"author":[{"embeddable":true,"href":"https:\/\/granadacostaglobal.es\/index.php?rest_route=\/wp\/v2\/users\/2"}],"replies":[{"embeddable":true,"href":"https:\/\/granadacostaglobal.es\/index.php?rest_route=%2Fwp%2Fv2%2Fcomments&post=25320"}],"version-history":[{"count":0,"href":"https:\/\/granadacostaglobal.es\/index.php?rest_route=\/wp\/v2\/posts\/25320\/revisions"}],"wp:featuredmedia":[{"embeddable":true,"href":"https:\/\/granadacostaglobal.es\/index.php?rest_route=\/"}],"wp:attachment":[{"href":"https:\/\/granadacostaglobal.es\/index.php?rest_route=%2Fwp%2Fv2%2Fmedia&parent=25320"}],"wp:term":[{"taxonomy":"category","embeddable":true,"href":"https:\/\/granadacostaglobal.es\/index.php?rest_route=%2Fwp%2Fv2%2Fcategories&post=25320"},{"taxonomy":"post_tag","embeddable":true,"href":"https:\/\/granadacostaglobal.es\/index.php?rest_route=%2Fwp%2Fv2%2Ftags&post=25320"}],"curies":[{"name":"wp","href":"https:\/\/api.w.org\/{rel}","templated":true}]}}