{"id":25287,"date":"2020-09-17T21:31:04","date_gmt":"2020-09-17T21:31:04","guid":{"rendered":"http:\/\/granadacostanacional.es\/?p=25287"},"modified":"2020-09-17T21:31:04","modified_gmt":"2020-09-17T21:31:04","slug":"granada-costa-20-anos-felicidades","status":"publish","type":"post","link":"https:\/\/granadacostaglobal.es\/?p=25287","title":{"rendered":"\u00a0 GRANADA\u00a0 COSTA\u00a0\u00a0 20 A\u00d1OS. felicidades"},"content":{"rendered":"<p style=\"text-align: justify;\">\u00a0 \u00a0 \u00a0 \u00a0 \u00a0Este a\u00f1o se cumplen\u00a0 20 a\u00f1os de la Revista\u00a0 Granada Costa.\u00a0\u00a0 Ya cuando empec\u00e9 a colaborar con To\u00f1y Castillo a finales de 2012 \u00a0\u00a0\u00a0me enter\u00e9 de que exist\u00eda esta revista\u00a0 y me hice socia\u00a0 har\u00e1 unos 6 a\u00f1os aproximadamente .<\/p>\n<p style=\"text-align: justify;\">La verdad es que adem\u00e1s de tener una revista mensual y un libro o a veces\u00a0 disco me ha dado la oportunidad de colaborar con lo que es mi gran pasi\u00f3n La M\u00fasica Cl\u00e1sica ,donde cada mes pongo mi granito de arena ,comentando la vida de Grandes Compositores, Cantantes o Directores de Orquesta\u00a0 y esto queridos amigos para mi es toda una ilusi\u00f3n poder explicar mis peque\u00f1as historias a todos vosotros queridos amigos.<\/p>\n<p style=\"text-align: justify;\">No olvidar\u00e9 el viaje a Molvizar\u00a0 y\u00a0 Almu\u00f1ecar\u00a0 donde recib\u00ed la medalla de oro por mi trabajo\u00a0 por la m\u00fasica de manos del querido amigo Jos\u00e9 Segura\u00a0 y estando all\u00ed la persona que m\u00e1s admiro\u00a0 la Dra To\u00f1y\u00a0 Castillo\u00a0 con la cual\u00a0 ha sido un aut\u00e9ntico honor colaborar tanto en Las Aulas Hospitalarias como en carreras solidarias\u00a0 tambi\u00e9n\u00a0 cada a\u00f1o para los ni\u00f1os enfermos de Afanoc y su \u201c\u201d\u201dPonte la Gorra \u201c\u201d que con tanta alegr\u00eda y entusiasmo colaboramos todos . En fin queridos amigos\u00a0 es un aut\u00e9ntico\u00a0 Placer \u00a0pertenecer a esta fabulosa revista\u00a0 y espero hacerlo durante muchos a\u00f1os si Dios me da vida\u00a0 pues realmente esta experiencia ha sido maravillosa.<\/p>\n<p style=\"text-align: justify;\">Que a estos 20 a\u00f1os se sumen por lo menos 20 mas despu\u00e9s ya pediremos .Con toda la ilusi\u00f3n y alegr\u00eda os digo \u00a1!!!!Adelante \u00a1!!! Y muchas gracias por aceptarme con vosotros .<\/p>\n<p>Un fuerte abrazo de<\/p>\n<p>Maria Angels Molpeceres<\/p>\n<p>&nbsp;<\/p>\n<p>&nbsp;<\/p>\n","protected":false},"excerpt":{"rendered":"<p>\u00a0 \u00a0 \u00a0 \u00a0 \u00a0Este a\u00f1o se cumplen\u00a0 20 a\u00f1os de la Revista\u00a0 Granada Costa.\u00a0\u00a0 Ya cuando empec\u00e9 a colaborar&hellip;<\/p>\n","protected":false},"author":4,"featured_media":25288,"comment_status":"open","ping_status":"open","sticky":false,"template":"","format":"standard","meta":{"om_disable_all_campaigns":false,"_mi_skip_tracking":false,"_monsterinsights_sitenote_active":false,"_monsterinsights_sitenote_note":"","_monsterinsights_sitenote_category":0,"footnotes":""},"categories":[21,46,22,30],"tags":[],"aioseo_notices":[],"_links":{"self":[{"href":"https:\/\/granadacostaglobal.es\/index.php?rest_route=\/wp\/v2\/posts\/25287"}],"collection":[{"href":"https:\/\/granadacostaglobal.es\/index.php?rest_route=\/wp\/v2\/posts"}],"about":[{"href":"https:\/\/granadacostaglobal.es\/index.php?rest_route=\/wp\/v2\/types\/post"}],"author":[{"embeddable":true,"href":"https:\/\/granadacostaglobal.es\/index.php?rest_route=\/wp\/v2\/users\/4"}],"replies":[{"embeddable":true,"href":"https:\/\/granadacostaglobal.es\/index.php?rest_route=%2Fwp%2Fv2%2Fcomments&post=25287"}],"version-history":[{"count":0,"href":"https:\/\/granadacostaglobal.es\/index.php?rest_route=\/wp\/v2\/posts\/25287\/revisions"}],"wp:featuredmedia":[{"embeddable":true,"href":"https:\/\/granadacostaglobal.es\/index.php?rest_route=\/"}],"wp:attachment":[{"href":"https:\/\/granadacostaglobal.es\/index.php?rest_route=%2Fwp%2Fv2%2Fmedia&parent=25287"}],"wp:term":[{"taxonomy":"category","embeddable":true,"href":"https:\/\/granadacostaglobal.es\/index.php?rest_route=%2Fwp%2Fv2%2Fcategories&post=25287"},{"taxonomy":"post_tag","embeddable":true,"href":"https:\/\/granadacostaglobal.es\/index.php?rest_route=%2Fwp%2Fv2%2Ftags&post=25287"}],"curies":[{"name":"wp","href":"https:\/\/api.w.org\/{rel}","templated":true}]}}