{"id":25256,"date":"2020-09-12T11:57:49","date_gmt":"2020-09-12T11:57:49","guid":{"rendered":"http:\/\/granadacostanacional.es\/?p=25256"},"modified":"2020-09-12T11:57:49","modified_gmt":"2020-09-12T11:57:49","slug":"reconocimiento","status":"publish","type":"post","link":"https:\/\/granadacostaglobal.es\/?p=25256","title":{"rendered":"RECONOCIMIENTO"},"content":{"rendered":"<p style=\"text-align: justify;\">Mis queridos amigos de Granada Costa, hoy voy a hablar de algo que me engrandece en todos los g\u00e9neros, que nos dan alegr\u00eda, inteligencia, atracci\u00f3n, educaci\u00f3n, conocimiento, facultades que se adquieren a lo largo de la vida y se llama CULTURA.<\/p>\n<p style=\"text-align: justify;\">Yo he tenido la suerte de saber valorar todo lo que encierra el arte y hoy a boca llena dir\u00e9 que estoy plenamente satisfecha de ocupar un lugar en un sitio maravilloso donde se reconocen los m\u00e9ritos de las personas, te tratan con agrado, en el fondo somos una gran familia a la que pertenezco con grandes amistades de grandes entendidos en este tema Cultural y se llama Granada Costa.<\/p>\n<p style=\"text-align: justify;\">Yo siempre hab\u00eda desarrollado trabajos que me encantaba aprender, porque yo soy muy refranera y siempre dije que \u201cel saber no ocupa lugar\u201d, por eso me gusta aprender, por lo menos lo intento.<\/p>\n<p style=\"text-align: justify;\">Yo hab\u00eda sido bailarina de bailes de sal\u00f3n con mi marido Thomas Henry Jones y yo fui la que le inici\u00e9 en el baile, en 15 d\u00edas nos metimos en los Campeonatos de Espa\u00f1a y de Europa. Me dijo que lo hab\u00eda tirado a un pozo sin fondo, pero as\u00ed fue como empezamos, arriesgando, las ganas, la voluntad y los deseos de vivir, porque el baile da vida.<\/p>\n<p style=\"text-align: justify;\">\u00bfY qu\u00e9 pas\u00f3? Un d\u00eda me lleg\u00f3 un se\u00f1or cuando estaba en la Asociaci\u00f3n Malague\u00f1a de Escritores recitando poemas, porque yo era escritora y ten\u00eda tres libros publicados, pero este se\u00f1or al que me refiero se llama D. Jos\u00e9 Segura Haro, Pepe Segura para los amigos como \u00e9l dice, y nos ofreci\u00f3 poder pertenecer al peri\u00f3dico Granada Costa. Est\u00e1bamos por lo menos 50 personas, pero yo solo fui la que me afili\u00e9 a este ofrecimiento, perdiendo los dem\u00e1s una gran oportunidad y que como siempre digo yo \u201cvi el ojo del hurac\u00e1n\u201d, no me explic\u00f3 por qu\u00e9 all\u00ed no lo vieron. Yo me dije voy a pertenecer a una asociaci\u00f3n que voy a tener oportunidad de poder escribir art\u00edculos, publicar poemas, hacer entrevistas, porque yo anteriormente trabaj\u00e9 en C\u00f3rdoba para otro peri\u00f3dico y la verdad que me fue muy bien y siempre me gust\u00f3 el mundo de los medios de comunicaci\u00f3n. De hecho trabaj\u00e9 en una emisora de radio e hice tambi\u00e9n alg\u00fan programa de TV en Procono como presentadora, recuerdo rod\u00e9 toda una feria vestida de flamenca, habl\u00e9 hasta con el turronero, me sub\u00ed en los cacharritos con todos los ni\u00f1os y les sacaba conversaci\u00f3n y me lo pas\u00e9 \u201cpipa\u201d.<\/p>\n<p style=\"text-align: justify;\">Volviendo a Granada Costa cuando empec\u00e9 publicaba mi poemita y \u00a1ya est\u00e1!, pero empec\u00e9 a anim\u00e1ndome a hacer relatos, entrevistas y publicaciones de libros, de los cuales ya aqu\u00ed con Granada Costa he publicado 12 libros. El \u00faltimo que hemos sacado Mar\u00eda Manrique y yo sobre el Covid-19 que lo hemos terminado hace dos d\u00edas y nos sentimos muy satisfechas, os invitamos a que lo pod\u00e1is leer, porque hay cosas muy interesantes y amenas, su t\u00edtulo es \u201c<em>DOS MUJERES, INC\u00d3GNITA DEL COVID-19<\/em>\u201d.<\/p>\n<p style=\"text-align: justify;\">Pues esto es un pasito m\u00e1s que he dado camino por la Cultura y que me he sentido muy arropada en todo y por todo en Granada Costa, adem\u00e1s de haber recibido diversos premios, entre los m\u00e1s destacados la Medalla de Oro por la Cultura, la Medalla de Oro por la Real Academia de las Ciencias, Bellas Artes y Buenas Letras de la cual soy vocal y tengo tambi\u00e9n el reconocimiento al premio Conde de Hubrite. Adem\u00e1s tengo un gran libro homenaje con poemas dedicados a mi persona por grandes escritores de Granada Costa la mayor\u00eda y por lo que me siento plenamente satisfecha. Tengo tambi\u00e9n infinidad de Diplomas y como un sue\u00f1o adquirido se me comunic\u00f3 que para febrero se me otorgaba el Premio Humanidades, qu\u00e9 m\u00e1s puedo pedir. Tambi\u00e9n creo hay alg\u00fan libro que se est\u00e1 haciendo sobre toda mi vida, creo es un gran detalle por parte de Pepe Segura que para m\u00ed no tiene precio, es algo que les va a quedar a mis hijos, a mis nietos y mi satisfacci\u00f3n de no haber pasado por la vida como si nada, algo de m\u00ed quedar\u00e1, cosa que gracias a todo esto despu\u00e9s de haber pasado yo por un c\u00e1ncer y el otro de mi marido el escribir como corresponsal de Granada Costa me ha dado mucha vida, a pesar de que hay d\u00edas he tenido bajones, pero soy una persona que me levanto enseguida cuando me veo un poco \u201cgacha\u201d. Adem\u00e1s cuento con todos mis amigos de Granada Costa y muchos m\u00e1s de Internet y paisanos de mi Torremolinos, que gracias a Dios soy una persona que me siento muy querida por todo el mundo.<\/p>\n<p style=\"text-align: justify;\">Y ahora quiero felicitar a El Peri\u00f3dico Granada Costa en su trayectoria de sus 20 a\u00f1os dedicados a la Cultura, apoyando siempre a todos sus socios, estando pendientes de c\u00f3mo ayudarlos y gratificarles y en todo esto adem\u00e1s de las personas que est\u00e1n alrededor existe una gran persona que, aunque a veces yo he tenido mis \u201crifi, rafes\u201d pasajeros, se llama Pepe Segura., pero le admiro. Yo propongo se le entregue una alta distinci\u00f3n por mediaci\u00f3n de la academia por su gran labor humanitaria, su esfuerzo, su voluntad y su saber estar con todos nosotros, que somos muchos y creo se merece una gran distinci\u00f3n adem\u00e1s de nuestra admiraci\u00f3n, porque en la vida no esperas que te den satisfacciones solo a ti, el recibir tambi\u00e9n gusta y Pepe Segura lo ha dado todo por todos nosotros. Toda mi admiraci\u00f3n y siempre estar\u00e9 a su entera disposici\u00f3n.<\/p>\n<p style=\"text-align: justify;\">Deseo llegue el d\u00eda que nos podamos hermanar con Hispanoam\u00e9rica y otros pa\u00edses, porque lo m\u00e1s bonito en la vida es la amistad sin odios, sin rencores, tendiendo nuestras manos hacia la Paz y Esperanza para conseguir una vida mejor.<\/p>\n<p style=\"text-align: justify;\">\u00a1Gracias, muchas gracias Granada Costa por todo lo recibido! Y seguiremos sumando por la Cultura y para la Cultura.<\/p>\n<p style=\"text-align: justify;\">Felicidades.<\/p>\n<p style=\"text-align: justify;\">\n<p style=\"text-align: justify;\">\n<p style=\"text-align: right;\"><em><strong>Soledad Durnes Casa\u00f1al<\/strong><\/em><\/p>\n<p style=\"text-align: right;\">Corresponsal por Granada Costa<\/p>\n","protected":false},"excerpt":{"rendered":"<p>Mis queridos amigos de Granada Costa, hoy voy a hablar de algo que me engrandece en todos los g\u00e9neros, que&hellip;<\/p>\n","protected":false},"author":2,"featured_media":5986,"comment_status":"open","ping_status":"open","sticky":false,"template":"","format":"standard","meta":{"om_disable_all_campaigns":false,"_mi_skip_tracking":false,"_monsterinsights_sitenote_active":false,"_monsterinsights_sitenote_note":"","_monsterinsights_sitenote_category":0,"footnotes":""},"categories":[21],"tags":[],"aioseo_notices":[],"_links":{"self":[{"href":"https:\/\/granadacostaglobal.es\/index.php?rest_route=\/wp\/v2\/posts\/25256"}],"collection":[{"href":"https:\/\/granadacostaglobal.es\/index.php?rest_route=\/wp\/v2\/posts"}],"about":[{"href":"https:\/\/granadacostaglobal.es\/index.php?rest_route=\/wp\/v2\/types\/post"}],"author":[{"embeddable":true,"href":"https:\/\/granadacostaglobal.es\/index.php?rest_route=\/wp\/v2\/users\/2"}],"replies":[{"embeddable":true,"href":"https:\/\/granadacostaglobal.es\/index.php?rest_route=%2Fwp%2Fv2%2Fcomments&post=25256"}],"version-history":[{"count":0,"href":"https:\/\/granadacostaglobal.es\/index.php?rest_route=\/wp\/v2\/posts\/25256\/revisions"}],"wp:featuredmedia":[{"embeddable":true,"href":"https:\/\/granadacostaglobal.es\/index.php?rest_route=\/"}],"wp:attachment":[{"href":"https:\/\/granadacostaglobal.es\/index.php?rest_route=%2Fwp%2Fv2%2Fmedia&parent=25256"}],"wp:term":[{"taxonomy":"category","embeddable":true,"href":"https:\/\/granadacostaglobal.es\/index.php?rest_route=%2Fwp%2Fv2%2Fcategories&post=25256"},{"taxonomy":"post_tag","embeddable":true,"href":"https:\/\/granadacostaglobal.es\/index.php?rest_route=%2Fwp%2Fv2%2Ftags&post=25256"}],"curies":[{"name":"wp","href":"https:\/\/api.w.org\/{rel}","templated":true}]}}