{"id":25233,"date":"2020-09-10T10:37:43","date_gmt":"2020-09-10T10:37:43","guid":{"rendered":"http:\/\/granadacostanacional.es\/?p=25233"},"modified":"2020-09-10T10:37:43","modified_gmt":"2020-09-10T10:37:43","slug":"granada-costa-20-anos-apostando-por-la-cultura","status":"publish","type":"post","link":"https:\/\/granadacostaglobal.es\/?p=25233","title":{"rendered":"GRANADA COSTA 20 A\u00d1OS APOSTANDO POR LA CULTURA"},"content":{"rendered":"<p style=\"text-align: justify;\">En primer lugar quiero felicitar al fundador y presidente del <strong>PERI\u00d3DICO CLUB SELECCI\u00d3N GRANADA COSTA<\/strong>, D. Jos\u00e9 Segura que con su esfuerzo, desvelos y dedicaci\u00f3n,\u00a0 a lo largo de estos 20 a\u00f1os, ha conseguido que hoy lleguemos al n\u00ba 500.<\/p>\n<p style=\"text-align: justify;\">\u00a1Mi m\u00e1s sincera enhorabuena!<\/p>\n<p style=\"text-align: justify;\">He tenido la oportunidad de leer todos los peri\u00f3dicos desde sus inicios, y he visto las publicaciones de toda la actualidad pol\u00edtica y\u00a0 social de aquellos a\u00f1os tanto a nivel provincial como nacional; a\u00a0 personalidades relevantes\u00a0\u00a0 de la alta sociedad granadina y del mundo de la cultura en general.\u00a0 Tambi\u00e9n c\u00f3mo fue aumentando paulatinamente el n\u00famero de\u00a0 colaboradores, al principio en todas las provincias de Andaluc\u00eda, y despu\u00e9s por otras \u00a0como Valencia, Palma, Madrid, Barcelona, Bilbao, Cantabria\u2026y as\u00ed sucesivamente por toda la geograf\u00eda espa\u00f1ola. Pues a \u00a0medida que iba creciendo en socios tambi\u00e9n se fueron creando nuevas secciones y apartados como concursos, premios, homenajes y condecoraciones, exposiciones, festivales, congresos, entrevistas, reportajes, etc. Todo lo relacionado con el arte y la cultura.<\/p>\n<p style=\"text-align: justify;\"><strong><u>ACTOS CULTURALES- VIAJES- EXCURSIONES<\/u><\/strong><\/p>\n<p style=\"text-align: justify;\"><strong>\u00a0\u00a0\u00a0\u00a0\u00a0\u00a0\u00a0 <\/strong>Desde sus comienzos los viajes eran semanales, quincenales o mensuales por todos los pueblos de las provincias andaluzas, al principio, y despu\u00e9s por otras provincias. He visto fabulosos reportajes de las visitas a los pueblos de La Alpujarra, por ejemplo, invitados por sus alcaldes con los que las relaciones eran muy fluidas y en las que los socios del CLUB SELECCI\u00d3N GRANADA COSTA\u00a0\u00a0 pod\u00edan participar de sus fiestas patronales, actos culturales, congresos y ferias donde se degustaban los productos t\u00edpicos alpujarre\u00f1os.<\/p>\n<p style=\"text-align: justify;\">Recuerdo gratamente, por ejemplo, el viaje a Lanjar\u00f3n en 2005, cuyo alcalde D. Jos\u00e9 Rubio puso todos los medios para que aquellas jornadas culturales, donde hubo poes\u00eda, cante, exposici\u00f3n de pintura en el balneario\u2026, fueran un \u00e9xito total, con asistencia de numeroso p\u00fablico, y al final nos obsequi\u00f3 en su finca con unos exquisitos y sabrosos\u00a0 productos t\u00edpicos de la zona.<\/p>\n<p style=\"text-align: justify;\">\u00a0\u00a0\u00a0\u00a0\u00a0\u00a0\u00a0\u00a0\u00a0 Tambi\u00e9n guardo un entra\u00f1able recuerdo de nuestro viaje a Valencia con motivo de la presentaci\u00f3n del libro\u00a0 \u201cEl Diario de Yasm\u00edn\u201d, de nuestra querida amiga Carmen Carrasco. Un acto muy emotivo para todos <strong>porque la perrita \u201cYasm\u00edn\u201d era para Carmen como una m\u00e1s de su<\/strong> <strong>familia<\/strong>. Igualmente en varias ocasiones la familia de Granada Costa se desplaz\u00f3 hasta Mallorca\u00a0 donde pudo conocer la isla, visitar sus monumentos, pueblos y pasear por sus calles y plazas. Celebramos en 2012 las primeras Jornadas culturales en Calvi\u00e1: exposici\u00f3n de pintura, conferencias, presentaciones de libros\u2026 Y que m\u00e1s tarde se fueron repitiendo y ampliando en el Centro Cultural S\u2019Escorxador, en el hotel Helios de Can Pastilla y en el Consell de Mallorca, cuyo\u00a0 Sal\u00f3n de Plenos fue ocupado \u00a0durante unas horas por escritores, poetas, cantantes, pintores, m\u00fasicos y amantes de la cultura.\u00a0 El Presidente y el Coordinador General, D. Jos\u00e9 Segura y D. Rogelio Bustos, respectivamente, dieron a conocer el <strong>Proyecto<\/strong> <strong>Cultural para el 2006<\/strong> y el <strong>Semanario\u00a0 \u00a0Club Selecci\u00f3n-Granada Costa<\/strong>, as\u00ed como la presentaci\u00f3n de la <strong>antolog\u00eda<\/strong> <strong>po\u00e9tica \u201c50 Voces<\/strong>\u201d. El acto estuvo presidido por \u00a0la Presidenta M\u00aa Antonia Munar y el Director de Cultura, Guillem Ginard, \u00a0quien dio la bienvenida y enhorabuena a todos los amigos llegados desde Granada, C\u00f3rdoba, M\u00e1laga, etc. los cuales quedaron impresionados de la calurosa acogida y\u00a0 el cari\u00f1o \u00a0que M\u00aa Antonia y su equipo les hab\u00eda mostrado; ella siempre atenta, simp\u00e1tica, sencilla, elegante, con la dignidad que el cargo requiere. En definitiva, un acto glamuroso, selecto, de gran altura, un hermanamiento con la cultura y amigos de Mallorca compartiendo las mismas ilusiones.<\/p>\n<p style=\"text-align: justify;\">\u00a0\u00a0\u00a0\u00a0\u00a0\u00a0\u00a0\u00a0 Con motivo del 300 aniversario del nacimiento de Fray Jun\u00edpero Serra, el Club Selecci\u00f3n Granada Costa se desplaz\u00f3 hasta Petra para presentar el libro del escritor Rogelio Bustos, \u201c<strong>Vida y<\/strong> <strong>Obra de Fray Jun\u00edpero\u201d,<\/strong> nuestro misionero m\u00e1s universal, \u00a0personaje excepcional y uno de los hombres m\u00e1s extraordinarios que ha dado Mallorca.<\/p>\n<p style=\"text-align: justify;\">\u00a0\u00a0\u00a0\u00a0\u00a0\u00a0\u00a0\u00a0 Tambi\u00e9n visitamos\u00a0 varias veces Valldemossa, pueblo t\u00edpico\u00a0 mallorqu\u00edn, por su paisaje, sus casas de \u201cpiedra seca\u201d, sus calles adornadas de toda clase de flores, sus monumentos y, sobre todo, llama la atenci\u00f3n la baldosa con una escena de su \u201cbeateta\u201d, Santa Catalina Thom\u00e1s, en la fachada de todas las casas del pueblo. En la primavera de 2016, Granada Costa se desplaz\u00f3 hasta all\u00ed para presentar el libro sobre la <strong>\u201cVida\u00a0 de Santa Catalina Thom\u00e1s\u201d.<\/strong> Nos recibi\u00f3 su alcalde y concejal de cultura en varias ocasiones, los cuales nos dieron todas las facilidades e informaci\u00f3n necesaria sobre la santa; tuvieron la deferencia de acompa\u00f1arnos por todos los lugares donde ella hab\u00eda dejado sus huellas, la casa de sus t\u00edos donde \u00a0vivi\u00f3 cuando se qued\u00f3 hu\u00e9rfana (Son Gallard) y a la ermita de la Sant\u00edsima Trinidad, hoy habitada por unos cuantos ermita\u00f1os que nos aportaron valiosa informaci\u00f3n e hicimos las fotos pertinentes. Desde aqu\u00ed queremos darles las gracias a todos ellos por su ayuda y colaboraci\u00f3n.<\/p>\n<p style=\"text-align: justify;\">\u00a0\u00a0\u00a0\u00a0\u00a0\u00a0\u00a0\u00a0 <strong>El peri\u00f3dico Granada Costa<\/strong>\u00a0 nos abri\u00f3 las puertas para que todo el que quisiera pudiera\u00a0 expresar sus ideas, sentimientos\u2026\u00a0\u00a0 publicar sus trabajos y dar a conocer sus obras.<\/p>\n<p style=\"text-align: justify;\">Por todo ello,\u00a0 una vez m\u00e1s, felicitar a su Presidente, D. Jos\u00e9 Segura, por su labor en pro de <strong>LA CULTURA<\/strong>.<\/p>\n<p style=\"text-align: justify;\">\u00a0\u00a0\u00a0\u00a0\u00a0\u00a0\u00a0\u00a0 \u00a0He enumerado s\u00f3lo\u00a0 algunos de los muchos\u00a0 actos culturales\u00a0 que Granada Costa ha realizado a lo largo de sus 20 a\u00f1os de vida, tanto en Palma como por toda la geograf\u00eda espa\u00f1ola. Siento una enorme satisfacci\u00f3n\u00a0 por todo lo que he vivido y compartido con la gran familia de Granada Costa: recitales po\u00e9ticos, comidas, cenas, veladas m\u00fasico-literarias, etc. y siempre en un ambiente de calidez y compa\u00f1erismo extraordinario.<\/p>\n<p style=\"text-align: justify;\"><strong>\u00a0\u00a1 GRACIAS\u00a0 GRANADA COSTA!<\/strong><\/p>\n<p style=\"text-align: right;\">\u00a0\u00a0\u00a0\u00a0\u00a0\u00a0\u00a0\u00a0\u00a0\u00a0\u00a0\u00a0\u00a0\u00a0<em><strong>\u00a0\u00a0\u00a0\u00a0 AURORA FERN\u00c1NDEZ G\u00d3MEZ<\/strong><\/em><\/p>\n","protected":false},"excerpt":{"rendered":"<p>En primer lugar quiero felicitar al fundador y presidente del PERI\u00d3DICO CLUB SELECCI\u00d3N GRANADA COSTA, D. Jos\u00e9 Segura que con&hellip;<\/p>\n","protected":false},"author":2,"featured_media":19339,"comment_status":"open","ping_status":"open","sticky":false,"template":"","format":"standard","meta":{"om_disable_all_campaigns":false,"_mi_skip_tracking":false,"_monsterinsights_sitenote_active":false,"_monsterinsights_sitenote_note":"","_monsterinsights_sitenote_category":0,"footnotes":""},"categories":[21,30],"tags":[],"aioseo_notices":[],"_links":{"self":[{"href":"https:\/\/granadacostaglobal.es\/index.php?rest_route=\/wp\/v2\/posts\/25233"}],"collection":[{"href":"https:\/\/granadacostaglobal.es\/index.php?rest_route=\/wp\/v2\/posts"}],"about":[{"href":"https:\/\/granadacostaglobal.es\/index.php?rest_route=\/wp\/v2\/types\/post"}],"author":[{"embeddable":true,"href":"https:\/\/granadacostaglobal.es\/index.php?rest_route=\/wp\/v2\/users\/2"}],"replies":[{"embeddable":true,"href":"https:\/\/granadacostaglobal.es\/index.php?rest_route=%2Fwp%2Fv2%2Fcomments&post=25233"}],"version-history":[{"count":0,"href":"https:\/\/granadacostaglobal.es\/index.php?rest_route=\/wp\/v2\/posts\/25233\/revisions"}],"wp:featuredmedia":[{"embeddable":true,"href":"https:\/\/granadacostaglobal.es\/index.php?rest_route=\/"}],"wp:attachment":[{"href":"https:\/\/granadacostaglobal.es\/index.php?rest_route=%2Fwp%2Fv2%2Fmedia&parent=25233"}],"wp:term":[{"taxonomy":"category","embeddable":true,"href":"https:\/\/granadacostaglobal.es\/index.php?rest_route=%2Fwp%2Fv2%2Fcategories&post=25233"},{"taxonomy":"post_tag","embeddable":true,"href":"https:\/\/granadacostaglobal.es\/index.php?rest_route=%2Fwp%2Fv2%2Ftags&post=25233"}],"curies":[{"name":"wp","href":"https:\/\/api.w.org\/{rel}","templated":true}]}}