{"id":25224,"date":"2020-09-09T11:46:59","date_gmt":"2020-09-09T11:46:59","guid":{"rendered":"http:\/\/granadacostanacional.es\/?p=25224"},"modified":"2020-09-09T11:46:59","modified_gmt":"2020-09-09T11:46:59","slug":"proxima-presentacion-del-libro-un-mar-de-letras-de-marisi-moreau","status":"publish","type":"post","link":"https:\/\/granadacostaglobal.es\/?p=25224","title":{"rendered":"Pr\u00f3xima Presentaci\u00f3n del libro &#8220;Un Mar de Letras &#8221; de Marisi Moreau"},"content":{"rendered":"<p style=\"text-align: center;\"><strong>PR\u00d3LOGO A UNA DAMA DE LA POES\u00cdA<\/strong><\/p>\n<p style=\"text-align: justify;\"><strong>D<\/strong>ama exquisita. Delicada. Cuya elegancia innata plasma en sus versos plenos de sentimiento, en los cuales vuelca sus vivencias, a\u00f1oranzas, deseos\u2026, empleando un escogido lenguaje salpicado de met\u00e1foras y con un aut\u00e9ntico dominio de las rimas. Ejemplo de ellas las tenemos en el presente poemario, <em>Un mar de letras<\/em>, cuarta publicaci\u00f3n de Marisi Moreau, autora del mismo.<\/p>\n<p style=\"text-align: justify;\">\u00a0\u00a0\u00a0\u00a0\u00a0\u00a0\u00a0\u00a0\u00a0 Sus poemas nos transportan a un mundo diverso de ideas, emociones, paisajes, estados de \u00e1nimo\u2026, una pluralidad de temas expresados en diferentes rimas de las que \u00a0destacar\u00eda por encima de todas ellas los sonetos, perfectos en su construcci\u00f3n, y de los cuales nos ofrece buena muestra a lo largo de las p\u00e1ginas del presente poemario.<\/p>\n<p style=\"text-align: justify;\">\u00a0\u00a0\u00a0\u00a0\u00a0\u00a0\u00a0\u00a0\u00a0 <em>Un mar de letras<\/em> est\u00e1 dividido en tres partes, diferentes entre ellas pero unidas entre s\u00ed por el nexo del estilo literario de Marisi Moreau, siempre po\u00e9tico, rebosando optimismo por la vida y confiando siempre en la esperanza.<\/p>\n<p style=\"text-align: center;\"><strong>\u201cMIS IDEAS EN VERSO\u201d<\/strong><\/p>\n<p style=\"text-align: justify;\"><strong>\u00a0\u00a0\u00a0\u00a0\u00a0\u00a0\u00a0\u00a0\u00a0 E<\/strong>n esta primera parte la poeta nos ofrece un variado muestrario de poemas diversos dedicando sus rimas, tanto a los recuerdos como a un paisaje, a un ruise\u00f1or, unos besos, un bello jard\u00edn, un \u00e1rbol de su infancia, una playa, una m\u00fasica\u2026, a la vida como un canto y a la esperanza como un futuro.<\/p>\n<p style=\"text-align: justify;\">\u00a0\u00a0\u00a0\u00a0\u00a0\u00a0\u00a0\u00a0\u00a0 Comienza la autora con un soneto invitando a leer su poes\u00eda.<\/p>\n<p style=\"text-align: justify;\"><em>Con la mayor belleza y emoci\u00f3n, \/ busca la esencia de lo que dice, \/ a lo mejor te llega al coraz\u00f3n\u2026<\/em><\/p>\n<p style=\"text-align: justify;\">\u00a0\u00a0\u00a0\u00a0\u00a0\u00a0\u00a0\u00a0\u00a0 A continuaci\u00f3n, resalta su condici\u00f3n de andaluza y malague\u00f1a en el poema<\/p>\n<p style=\"text-align: justify;\"><em>Dibujo a M\u00e1laga en la memoria m\u00eda \/ la copla alegre de mi Andaluc\u00eda\u2026 \/ est\u00e1 su armon\u00eda en mi recuerdo\u2026 \/ mi apellido franc\u00e9s, yo\u2026 andaluza.<\/em><\/p>\n<p style=\"text-align: justify;\">\u00a0\u00a0\u00a0\u00a0\u00a0\u00a0\u00a0\u00a0\u00a0 Y valiente, pese a los avatares del destino, no siempre amable, se proclama vencedora de todo en su poema<\/p>\n<p style=\"text-align: justify;\"><em>\u00a1Quiero ser vencedora de tristezas\u00a1 \/ en los ojos de un oto\u00f1o ya apagado\u2026<\/em><\/p>\n<p style=\"text-align: justify;\">Rotunda met\u00e1fora que comprendemos a\u00fan m\u00e1s los que tenemos la suerte de ser sus amigos.<\/p>\n<p style=\"text-align: justify;\">\u00a0\u00a0\u00a0\u00a0\u00a0\u00a0\u00a0\u00a0\u00a0 Alude a sus recuerdos en los siguientes versos<\/p>\n<p style=\"text-align: justify;\"><em>Siempre vagando \/ con mi tristeza larga \/ yo, poetisa peque\u00f1a \/ con esperanza \/\u00a0 voy buscando mis huellas \/ en el recuerdo\u2026<\/em><\/p>\n<p style=\"text-align: justify;\"><em>\u00a0<\/em><\/p>\n<p style=\"text-align: justify;\">\u00a0\u00a0\u00a0\u00a0\u00a0\u00a0\u00a0\u00a0\u00a0 Bell\u00edsimo el poema <em>Vespertino<\/em> salpicado de inteligentes met\u00e1foras<\/p>\n<p style=\"text-align: justify;\"><em>Desde un cosmos \/ cargado en sutilezas, \/ la vida se va alejando \/ poco a poco\u2026<\/em><\/p>\n<p style=\"text-align: justify;\">\u00a0\u00a0\u00a0 \u00a0\u00a0\u00a0\u00a0\u00a0\u00a0Y as\u00ed, hasta un total de los cuarenta y seis poemas que componen esta primera parte del poemario.<\/p>\n<p style=\"text-align: justify;\"><strong>\u201cEL AMOR EN VERSO\u201d<\/strong><\/p>\n<p style=\"text-align: justify;\"><strong>\u00a0<\/strong><\/p>\n<p style=\"text-align: justify;\"><strong>\u00a0\u00a0\u00a0\u00a0\u00a0\u00a0\u00a0\u00a0\u00a0 E<\/strong>l amor, ese eterno sentimiento que no pod\u00eda faltar en un libro de poemas, tema \u00a0al cual Marisi Moreau canta en este apartado, segundo del libro, con unos poemas plenos de fervor amoroso -aunque los hay tambi\u00e9n llorando al desamor-, escritos con el coraz\u00f3n latiendo al comp\u00e1s de las palabras. Se dir\u00eda que con ellas deseara hacernos part\u00edcipes de su sentimiento hacia el ser amado.<\/p>\n<p style=\"text-align: justify;\"><em>Solo\u2026 tus ojos en los m\u00edos \/ y tu cuerpo en mi cuerpo, \/ ni siquiera palabras, \/ ni tan solo un te quiero\u2026<\/em><\/p>\n<p style=\"text-align: justify;\">\u00a0\u00a0\u00a0\u00a0\u00a0\u00a0\u00a0\u00a0\u00a0 Qu\u00e9 forma tan sencilla y a la vez tan bella, sin alharacas, de confesar un estado sublime del amor. O esta otra pregunt\u00e1ndose por qu\u00e9 quiere al amado.<\/p>\n<p style=\"text-align: justify;\"><em>\u00bfPor qu\u00e9 te quiero? \/ Yo te puedo querer \/ como quiero a una rosa, \/ por tu aroma envolvente, \/ por tu p\u00e9talo suave, \/ por tu color\u2026 \u00a1qui\u00e9n sabe!<\/em><\/p>\n<p style=\"text-align: justify;\"><em>\u00a0<\/em><\/p>\n<p style=\"text-align: justify;\">\u00a0\u00a0\u00a0\u00a0\u00a0\u00a0\u00a0\u00a0\u00a0 A modo de reproche por la indiferencia del ser querido le dice dolida:<\/p>\n<p style=\"text-align: justify;\"><em>Qu\u00e9 sabes t\u00fa de mis silencios \/ si cuando la ausencia me abruma \/ grita mi alma tu nombre\u2026<\/em><\/p>\n<p style=\"text-align: justify;\"><em>\u00a0<\/em><\/p>\n<p style=\"text-align: justify;\">Generosa, le ofrece a su amor sencillamente lo que tiene, lo que m\u00e1s estima, sus besos y sus abrazos.<\/p>\n<p style=\"text-align: justify;\"><em>Te ofrezco en mi regazo, tantas cosas\u2026 \/ tanta dicha guardada para el caso, \/ y no hablo de un jard\u00edn lleno de rosas \/ yo te ofrezco mis besos\u2026 mis abrazos\u2026<\/em><\/p>\n<p style=\"text-align: justify;\">\u00a0\u00a0\u00a0\u00a0\u00a0\u00a0\u00a0\u00a0 Termina esta segunda parte, compuesta por treinta y seis poemas dedicados al amor, con estos versos en que la poeta, en su etapa oto\u00f1al, le canta al amor eterno<\/p>\n<p style=\"text-align: justify;\"><em>\u00a0<\/em><\/p>\n<p style=\"text-align: justify;\"><em>Quiz\u00e1 pasen los a\u00f1os \/ y as\u00ed sin darme cuenta \/ tu amor ser\u00e1 mi sue\u00f1o \/ sea dormida o despierta\u2026<\/em><\/p>\n<p style=\"text-align: justify;\"><strong>\u201cVERSOS PARA TI\u201d<\/strong><\/p>\n<p style=\"text-align: justify;\">\u00a0\u00a0\u00a0\u00a0\u00a0\u00a0\u00a0\u00a0\u00a0 <strong>E<\/strong>n esta tercera y \u00faltima parte, <em>Versos para ti,<\/em> la autora tiene un recuerdo para su familia y amigos y les dedica unos poemas plenos de afecto y sincera amistad. Comienza con una declaraci\u00f3n de amor y gratitud hacia quien hoy es su amor, compa\u00f1ero y apoyo, Jos\u00e9 Gonz\u00e1lez Mesa, con estos fieles versos en los que el cari\u00f1o amasado con los a\u00f1os se torna a\u00fan m\u00e1s aut\u00e9ntico.<\/p>\n<p style=\"text-align: justify;\">\u2026<em>y que un d\u00eda finalmente me descubra viendo el mundo con tus ojos\u2026 porque al fin descubr\u00ed a alguien como t\u00fa\u2026, \/ entrelazarte, comulgarte, abrazarte con mis brazos que son tuyos\u2026<\/em><\/p>\n<p style=\"text-align: justify;\">Tambi\u00e9n dedica sentidos poemas a sus cuatro hijos, tan queridos por la autora, en <em>Tres chicos y una chica.<\/em><\/p>\n<p style=\"text-align: justify;\">\u2026<em>Y uno a uno os digo, \/ yo vivo para quererte, \/ abejas que lib\u00e1is mis flores, \/ vosotros me dar\u00e9is \/ la miel y los amores, \/ y la cera del cirio de mi muerte.<\/em><\/p>\n<p style=\"text-align: justify;\">\u00a0\u00a0\u00a0\u00a0\u00a0\u00a0\u00a0\u00a0\u00a0 Asimismo, tiene en el recuerdo a algunos amigos, entre los que me honro siendo una de ellos y agradezco el poema que me dedica con todo cari\u00f1o, que naturalmente es correspondido por mi parte.<\/p>\n<p style=\"text-align: justify;\"><em>De belleza son tus versos \/ que surcan volando el cielo, \/ como auroras diamantinas \/ pura magia y esplendor\u2026<\/em><\/p>\n<p style=\"text-align: justify;\">\u00a0\u00a0\u00a0\u00a0\u00a0\u00a0\u00a0\u00a0\u00a0 Gracias, querida Marisi. Me siento muy honrada.<\/p>\n<p style=\"text-align: justify;\">Y ya finaliza este apartado de diecis\u00e9is poemas con unas bellas composiciones, a modo de homenaje, dedicadas a su M\u00e1laga la bella, a Granada y a Molv\u00edzar, lugares muy queridos para ella.<\/p>\n<p style=\"text-align: justify;\">\u00a1<em>M\u00e1laga, bella andaluza! \/ \u00a1Mi M\u00e1laga es un altar \/ que Dios hizo de la nada\u2026<\/em><\/p>\n<p style=\"text-align: justify;\"><em>\u00a0<\/em><\/p>\n<p style=\"text-align: justify;\"><em>Quiero perderme en las calles de Granada\u00a0 \/ y sus bellos jardines del Generalife, \/ o\u00edr el cauce rumoroso de sus aguas \/ y tras los muros de la Alambra\u2026<\/em><\/p>\n<p style=\"text-align: justify;\"><em>\u00a0<\/em><\/p>\n<p style=\"text-align: justify;\"><em>\u00a1Precioso pueblo andaluz, \/ siempre mirando a Granada, \/ Molv\u00edzar es un altar \/<\/em><\/p>\n<p style=\"text-align: justify;\"><em>esculpida por un hada!&#8230;<\/em><\/p>\n<p style=\"text-align: justify;\"><em>\u00a0<\/em><\/p>\n<p style=\"text-align: justify;\">\u00a0\u00a0\u00a0\u00a0\u00a0\u00a0\u00a0\u00a0\u00a0 <strong>Q<\/strong>uerida amiga Marisi, enhorabuena por este poemario. Yo s\u00e9 el m\u00e9rito que has tenido para sacarlo adelante pero, como t\u00fa dices, <em>quiero ser vencedora.<\/em> Lo has sido y lo seguir\u00e1s siendo pues has venido al mundo con muchos talentos. Adelante, porque a\u00fan tienes mucho que ofrecer, y sigue embelleciendo el mundo con tus poemas.<\/p>\n<p style=\"text-align: justify;\">\u00a0\u00a0\u00a0\u00a0\u00a0\u00a0\u00a0\u00a0\u00a0 Modestamente, acabo dedic\u00e1ndote estas quintillas.<\/p>\n<p style=\"text-align: justify;\"><em>\u00a0<\/em><\/p>\n<p style=\"text-align: center;\">Bella por dentro y por fuera.<\/p>\n<p style=\"text-align: center;\">Mujer elegante y fina.<\/p>\n<p style=\"text-align: center;\">Delicada clavellina,<\/p>\n<p style=\"text-align: center;\">con mis quintillas quisiera<\/p>\n<p style=\"text-align: center;\">glosar tu gracia genuina.<\/p>\n<p style=\"text-align: center;\">Dama de la poes\u00eda,<\/p>\n<p style=\"text-align: center;\">pones en ella ilusi\u00f3n.<\/p>\n<p style=\"text-align: center;\">Rimas versos con pasi\u00f3n,<\/p>\n<p style=\"text-align: center;\">aunados con fantas\u00eda,<\/p>\n<p style=\"text-align: center;\">versos que expresan amor.<\/p>\n<p style=\"text-align: center;\">Delicada cual la flor.<\/p>\n<p style=\"text-align: center;\">El perfume que derramas<\/p>\n<p style=\"text-align: center;\">y esparces en derredor<\/p>\n<p style=\"text-align: center;\">es un don que de ti emana<\/p>\n<p style=\"text-align: center;\">porque eres toda dulzor.<\/p>\n<p style=\"text-align: center;\">De un \u00e1ngel es tu bondad.<\/p>\n<p style=\"text-align: center;\">Te puso Dios en el mundo,<\/p>\n<p style=\"text-align: center;\">con un ingenio fecundo,<\/p>\n<p style=\"text-align: center;\">derramando caridad<\/p>\n<p style=\"text-align: center;\">y un sentimiento profundo.<\/p>\n<p style=\"text-align: center;\">Quien te conoce te quiere.<\/p>\n<p style=\"text-align: center;\">Reconoce tu val\u00eda.<\/p>\n<p style=\"text-align: center;\">Admira tu gallard\u00eda<\/p>\n<p style=\"text-align: center;\">y entre muchas te prefiere<\/p>\n<p style=\"text-align: center;\">porque eres toda armon\u00eda.<\/p>\n<p style=\"text-align: center;\">Marisi, es un honor<\/p>\n<p style=\"text-align: center;\">el haberte conocido<\/p>\n<p style=\"text-align: center;\">y contigo compartido<\/p>\n<p style=\"text-align: center;\">tu amistad y tu favor,<\/p>\n<p style=\"text-align: center;\">afecto correspondido.<\/p>\n<p style=\"text-align: right;\"><a href=\"http:\/\/granadacostanacional.es\/wp-content\/uploads\/2015\/02\/Carmen-Carrasco-Ramos.jpg\"><img decoding=\"async\" loading=\"lazy\" class=\"alignright size-medium wp-image-295\" src=\"http:\/\/granadacostanacional.es\/wp-content\/uploads\/2015\/02\/Carmen-Carrasco-Ramos-225x300.jpg\" alt=\"Carmen Carrasco Ramos\" width=\"225\" height=\"300\" \/><\/a><\/p>\n<p style=\"text-align: right;\">Carmen Carrasco, delegada nacional de poes\u00eda Granada Costa<\/p>\n<p style=\"text-align: right;\">\n<p style=\"text-align: right;\">\n<p style=\"text-align: right;\">\n<p style=\"text-align: right;\">\n<p style=\"text-align: right;\">\n<p style=\"text-align: right;\">\n<p style=\"text-align: right;\">\n<p style=\"text-align: right;\">\n<p style=\"text-align: right;\"><a href=\"http:\/\/granadacostanacional.es\/wp-content\/uploads\/2020\/09\/Logo-Editorial-nuevo-web.jpg\"><img decoding=\"async\" loading=\"lazy\" class=\"alignright size-medium wp-image-25229\" src=\"http:\/\/granadacostanacional.es\/wp-content\/uploads\/2020\/09\/Logo-Editorial-nuevo-web-300x122.jpg\" alt=\"Logo Editorial nuevo web\" width=\"300\" height=\"122\" \/><\/a><\/p>\n","protected":false},"excerpt":{"rendered":"<p>PR\u00d3LOGO A UNA DAMA DE LA POES\u00cdA Dama exquisita. Delicada. Cuya elegancia innata plasma en sus versos plenos de sentimiento,&hellip;<\/p>\n","protected":false},"author":2,"featured_media":25225,"comment_status":"open","ping_status":"open","sticky":false,"template":"","format":"standard","meta":{"om_disable_all_campaigns":false,"_mi_skip_tracking":false,"_monsterinsights_sitenote_active":false,"_monsterinsights_sitenote_note":"","_monsterinsights_sitenote_category":0,"footnotes":""},"categories":[21,30],"tags":[],"aioseo_notices":[],"_links":{"self":[{"href":"https:\/\/granadacostaglobal.es\/index.php?rest_route=\/wp\/v2\/posts\/25224"}],"collection":[{"href":"https:\/\/granadacostaglobal.es\/index.php?rest_route=\/wp\/v2\/posts"}],"about":[{"href":"https:\/\/granadacostaglobal.es\/index.php?rest_route=\/wp\/v2\/types\/post"}],"author":[{"embeddable":true,"href":"https:\/\/granadacostaglobal.es\/index.php?rest_route=\/wp\/v2\/users\/2"}],"replies":[{"embeddable":true,"href":"https:\/\/granadacostaglobal.es\/index.php?rest_route=%2Fwp%2Fv2%2Fcomments&post=25224"}],"version-history":[{"count":0,"href":"https:\/\/granadacostaglobal.es\/index.php?rest_route=\/wp\/v2\/posts\/25224\/revisions"}],"wp:featuredmedia":[{"embeddable":true,"href":"https:\/\/granadacostaglobal.es\/index.php?rest_route=\/"}],"wp:attachment":[{"href":"https:\/\/granadacostaglobal.es\/index.php?rest_route=%2Fwp%2Fv2%2Fmedia&parent=25224"}],"wp:term":[{"taxonomy":"category","embeddable":true,"href":"https:\/\/granadacostaglobal.es\/index.php?rest_route=%2Fwp%2Fv2%2Fcategories&post=25224"},{"taxonomy":"post_tag","embeddable":true,"href":"https:\/\/granadacostaglobal.es\/index.php?rest_route=%2Fwp%2Fv2%2Ftags&post=25224"}],"curies":[{"name":"wp","href":"https:\/\/api.w.org\/{rel}","templated":true}]}}