{"id":25110,"date":"2020-08-23T11:16:01","date_gmt":"2020-08-23T11:16:01","guid":{"rendered":"http:\/\/granadacostanacional.es\/?p=25110"},"modified":"2020-08-23T11:16:01","modified_gmt":"2020-08-23T11:16:01","slug":"entrevista-a-don-manuel-ekihua-estrella","status":"publish","type":"post","link":"https:\/\/granadacostaglobal.es\/?p=25110","title":{"rendered":"ENTREVISTA A DON MANUEL EKIHUA ESTRELLA"},"content":{"rendered":"<p style=\"text-align: justify;\"><strong>Mis queridos lectores de Granada Costa, hoy he tenido la suerte de poder participar en un evento cultural muy importante a nivel Mundial, un bonito encuentro, \u201cUtop\u00eda Po\u00e9tica Universal\u201d, con los mejores poetas del Mundo, organizado por el Sr. D. Manuel Ekihua Estrella y me arriesgu\u00e9 a pedirle esta entrevista, ya que Granada Costa cuenta con grandes poetas y es bonito que se sepa y se una la Cultura para pr\u00f3ximos eventos.<\/strong><\/p>\n<p style=\"text-align: justify;\">Voy con mis preguntas:<\/p>\n<p style=\"text-align: justify;\"><strong>S: Don Manuel \u00bfd\u00f3nde naci\u00f3 usted, d\u00f3nde reside y d\u00f3nde inici\u00f3 sus estudios? Si nos quiere confirmar fecha de nacimiento puede hacerlo, sin ser obligaci\u00f3n.<\/strong><\/p>\n<p style=\"text-align: justify;\">M: Mi nombre es Jos\u00e9 Manuel Equihua Estrella, nac\u00ed en la ciudad de Uruapan, Michoac\u00e1n. M\u00e9xico. Un 18 de Octubre de 1965. Realic\u00e9 todos mis estudios en la misma Ciudad natal.<\/p>\n<p style=\"text-align: justify;\"><strong>S: \u00bfC\u00f3mo se inici\u00f3 usted en el mundo de la Cultura?<\/strong><\/p>\n<p style=\"text-align: justify;\">M: Me inici\u00e9 en la Poes\u00eda desde que ten\u00eda 10 o 12 a\u00f1os, realizando composiciones po\u00e9ticas que despu\u00e9s, se har\u00edan canciones, curiosidad de ni\u00f1o. Pero fue hasta los 15 a\u00f1os en la Preparatoria que me dio por participar en convocatorias para concursos de oratoria en las que, por cierto, siempre qued\u00e9 en 4os lugares. Ah\u00ed fue donde me di cuenta que lo m\u00edo, lo m\u00edo, era la poes\u00eda. Sin embargo, fue hasta despu\u00e9s de los 25 a\u00f1os cuando comenc\u00e9 a forjarme en la vida de la poes\u00eda, cuando comenc\u00e9 a promover algunos eventos locales. A los 29 que compart\u00ed la mesa y las letras con los escritores y poetas m\u00e1s grandes y sonados de la \u00e9poca, como Don Francisco Hurtado Mendoza, Cronista de la Ciudad, Jos\u00e9 Mar\u00eda Paredes, Luis Mendoza Bolio y Ram\u00f3n Guzm\u00e1n, entre otros; por cierto, todos mayores que yo, por mucho.<\/p>\n<p style=\"text-align: justify;\"><strong>S: \u00bfQu\u00e9 beneficio le aporta la poes\u00eda?<\/strong><\/p>\n<p style=\"text-align: justify;\">M: La Poes\u00eda me aporta, primero, beneficios muy personales en los que radica la satisfacci\u00f3n y el placer por escribir, hacer una Poema, un verso, una poes\u00eda, o una novela, un cuento, etc. Es algo que me hace sentir pleno, como que nada me falta teniendo yo eso.<\/p>\n<p style=\"text-align: justify;\"><strong>S: \u00bfTiene alg\u00fan libro editado y si es as\u00ed cu\u00e1les son sus t\u00edtulos?<\/strong><\/p>\n<p style=\"text-align: justify;\">M: Tengo cuatro libros editados, <em>Mi Regreso I y II<\/em> de la colecci\u00f3n de las conciencias tranquilas, <em>Desarrollo humano hecho poes\u00eda<\/em>, <em>Viajeros en el tiempo<\/em> y <em>Las perlas del silencio<\/em>, todas las ediciones agotadas a excepci\u00f3n de <em>Mi Regreso ll<\/em> que acabamos de reeditar.<\/p>\n<p style=\"text-align: justify;\"><strong>S: \u00bfQu\u00e9 significa para usted el mundo literario?<\/strong><\/p>\n<p style=\"text-align: justify;\">M: El Mundo Literario significa para m\u00ed, la b\u00fasqueda de la perfecci\u00f3n a trav\u00e9s de la palabra escrita, ya que en la creaci\u00f3n literaria se es como el Maestro y el alumno, uno ense\u00f1a, el otro aprende, en el caso de la vida literaria, al mismo tiempo que escribo, aprendo, encontrando en cada verso, en cada palabra, en cada rengl\u00f3n, una respuesta para mis aciertos o mis desaciertos. Es un mundo en el que siempre est\u00e1s creciendo, es la carrera m\u00e1s noble, considero, donde aprendes todos los d\u00edas, a cada instante, donde no te das tregua ni te permites ser un mediocre. Es un mundo donde debes demostrar ser mejor, no solo en el sentido literario, si no como persona, como ente social, en esta como en otras tres especialidades del estudio, no puedes darte el lujo de retroceder o caer m\u00e1s bajo.<\/p>\n<p style=\"text-align: justify;\"><a href=\"http:\/\/granadacostanacional.es\/wp-content\/uploads\/2020\/08\/118209647_394823321496889_2707833075373692971_n.jpg\"><img decoding=\"async\" loading=\"lazy\" class=\"aligncenter size-large wp-image-25116\" src=\"http:\/\/granadacostanacional.es\/wp-content\/uploads\/2020\/08\/118209647_394823321496889_2707833075373692971_n-843x1024.jpg\" alt=\"118209647_394823321496889_2707833075373692971_n\" width=\"843\" height=\"1024\" \/><\/a><\/p>\n<p style=\"text-align: justify;\"><strong>S: \u00bfC\u00f3mo se le ocurri\u00f3 hacer un Encuentro Mundial Virtual de poetas con \u201cUtop\u00eda Po\u00e9tica Universal\u201d los m\u00e1s grandes poetas del Mundo?<\/strong><\/p>\n<p style=\"text-align: justify;\">M: Jajajaja, la ocurrencia viene con un atraso de 25 a\u00f1os, solo aprovech\u00e9 la bendita pandemia que estamos viviendo ya que no pod\u00edamos reunirnos de forma presencial, conjunt\u00e9 ambas cosas, con el sue\u00f1o de reunir a tantos Poetas como lo dese\u00e9 hace 25 a\u00f1os, con la diferencia que ahora aprovech\u00e9, como ya mencion\u00e9 la pandemia y el uso adecuado de la Tecnolog\u00eda. Siempre me he sentido bendecido de Dios en este sentido, pues de pronto en el pasado mes de Mayo, simplemente se me ocurri\u00f3 hacer un grupo de Poes\u00eda, Utop\u00eda Po\u00e9tica Universal, iniciamos con Retos y un buen d\u00eda, simplemente realic\u00e9 la convocatoria del Gran Encuentro Mundial Virtual de Poetas, la publiqu\u00e9 en Utop\u00eda, la vieron algunos grupos y me dijeron, \u201cInv\u00edtanos a ese evento, yo les contest\u00e9, est\u00e1n cordialmente invitados, y no solo eso, los invit\u00e9 tambi\u00e9n a participar y de pronto todo el cartel publicitario se llen\u00f3 de logotipos (25). Me presentaron virtualmente a Rafael Luna Garc\u00eda de Espa\u00f1a, quien por cierto me envi\u00f3 much\u00edsima gente y siempre estuvo atento a ver c\u00f3mo iban las cosas, y bueno, de pronto toda la red ya estaba inmersa. Aunque se ten\u00eda contemplado que la recepci\u00f3n de datos cerraba el 20 de Julio, tuvimos que cerrarla 10 d\u00edas antes, de lo contrario, siento, habr\u00edan participado m\u00e1s de 700 poetas y m\u00e1s pa\u00edses y por eso fue, que solo participaron 354 Poetas de 25 pa\u00edses.<\/p>\n<p style=\"text-align: justify;\"><strong>S: \u00bfDe cu\u00e1ntos d\u00edas se compuso este encuentro y cu\u00e1ntas horas dedicadas?<\/strong><\/p>\n<p style=\"text-align: justify;\">M: Bueno, el Encuentro estaba programado \u00fanicamente por cinco d\u00edas, del 27 al 31 de Julio en el marco de la celebraci\u00f3n del d\u00eda Internacional de la amistad o el amigo, para promover la Paz en las naciones del mundo.<\/p>\n<p style=\"text-align: justify;\"><strong>S: Tengo entendido que se tuvo que ampliar agregando m\u00e1s d\u00edas al evento por demas\u00eda de participantes que lo solicitaron y por el \u00e9xito que se estaba consiguiendo.<\/strong><\/p>\n<p style=\"text-align: justify;\">M: Pues s\u00ed, como ya sabes, tuvimos que extendernos casi dos d\u00edas m\u00e1s y eso porque tuve que cortar, de lo contrario nos vamos hasta el inicio de la siguiente semana. Quedaron fuera alrededor de 150 poetas, que por una u otra raz\u00f3n no pudieron participar.<\/p>\n<p style=\"text-align: justify;\"><strong>S: \u00bfCu\u00e1ntos poemas se pudieron recitar en total?<\/strong><\/p>\n<p style=\"text-align: justify;\">M: Bueno, no se llev\u00f3 un control como tal, ya que algunos pudieron leer dos o hasta tres poemas, seg\u00fan la extensi\u00f3n de los mismos, pero siento que oscilaron entre 1500 y 1700 poemas le\u00eddos.<\/p>\n<p style=\"text-align: justify;\"><strong>S: \u00bfC\u00f3mo se consigue un evento de tal magnitud a nivel mundial y \u00fanico hasta la fecha?<\/strong><\/p>\n<p style=\"text-align: justify;\">M: Pues, para llevar a cabo un Evento como este se consigue solo con pasi\u00f3n, debes sentir esa pasi\u00f3n por lo que realizas, por lo que haces, creo personalmente que las cosas no se consiguen al vapor, requiere sacrificio, requiere voluntad, recordemos aquella frase de Maxwell, \u201cNo hay \u00e9xito sin sacrificio\u201d. Pero tambi\u00e9n requiere planeaci\u00f3n y log\u00edstica, y debo ser muy sincero, esto no se habr\u00eda logrado si los compa\u00f1eros, hermanos poetas, no creyeran en m\u00ed, creyeron y se logr\u00f3. Cuando me puse en contacto con mi gran amigo Edwin Gaona Salinas del Ecuador, que fue el primero que contact\u00e9 y le habl\u00e9 del proyecto, de inmediato dijo, s\u00ed; no dijo, \u201cd\u00e9jame pensarlo\u201c como otros; cuando le dije a Henry Manrique de Colombia, me dijo adelante, claro, el proyecto ya estaba armado, solo era cosa de buscar quien apoyara, porque has de saber que cuando las cosas se hacen en equipo resultan mejor, debemos acostumbrarnos a correr todos hacia la misma direcci\u00f3n y no andar corriendo como desesperados en direcciones diversas y equivocadas, de ah\u00ed nace la idea de que en nuestro grupo Literario la idea es Sumar y multiplicar, no dividir y menos restar.<\/p>\n<p style=\"text-align: justify;\"><strong>S: \u00bfCu\u00e1ntos pa\u00edses participaron y de qu\u00e9 pa\u00edses hablamos?<\/strong><\/p>\n<p style=\"text-align: justify;\">M: Participaron m\u00e1s de 25 pa\u00edses entre los que podemos destacar por mayor\u00eda de participantes, M\u00e9xico, Espa\u00f1a, Colombia, Argentina, El Salvador, Panam\u00e1, Guatemala, Cuba, Bolivia, Brasil, Per\u00fa, Costa rica, Puerto Rico, Rep. Dominicana, Chile, Honduras, por el lado de Latinoam\u00e9rica; por otro lado, Italia, Francia, Marruecos; Indonesia, India, Angola, por mencionar solo los que de momento mi memoria recuerda.<\/p>\n<p style=\"text-align: justify;\"><strong>S: D. Manuel \u00bfa qu\u00e9 se dedica su gran asociaci\u00f3n y cu\u00e1l es su nombre?<\/strong><\/p>\n<p style=\"text-align: justify;\">M: Pues tanto, as\u00ed como Asociaci\u00f3n no es, es solo un grupo Literario Virtual que fue capaz de traspasar las fronteras de las letras con buena organizaci\u00f3n y disposici\u00f3n, con pasi\u00f3n, tes\u00f3n y sacrificio y se llama Utop\u00eda Po\u00e9tica Universal, \u201cLos m\u00e1s Grandes Poetas del Mundo\u201d.<\/p>\n<p style=\"text-align: justify;\"><strong>S: \u00bfQu\u00e9 es un poeta para usted?<\/strong><\/p>\n<p style=\"text-align: justify;\">M: Un Poeta para m\u00ed es aquel ser \u00fanico, inexplorable e inexorable, que no tiene fin ni detenimiento por escribir, aquel que solo se detiene ante su creaci\u00f3n en las letras para ver c\u00f3mo las disfruta el mundo, sus lectores que paladean pausadamente la esencia del ser Poeta.<\/p>\n<p style=\"text-align: justify;\"><strong>S: \u00bfLa alegr\u00eda, la paz y la esperanza c\u00f3mo cree usted se puede conseguir en estos tiempos tan dif\u00edciles que estamos atravesando, existiendo graves enfermedades, disconformidades e indiferencias entre los pa\u00edses y las personas?<\/strong><\/p>\n<p style=\"text-align: justify;\">M: La tristeza, la incertidumbre, la pobreza, la congoja y la desesperanza, igual que muchas otras cosas no deseadas, son enfermedades del Alma, que solo acept\u00e1ndolas como tal podremos confrontarlas, es decir, \u201csi no puedes con el enemigo \u00fanete a \u00e9l\u201d. Lo digo como Tanat\u00f3logo, en ese sentido, si conocemos nuestra enfermedad, dejaremos de etiquetarla y hacerla nuestra para que nos haga da\u00f1o, sino que, al contrario, nos hacemos su amigo, la conocemos y la derrotamos. De esta forma, conociendo la enfermedad y despu\u00e9s derrot\u00e1ndola, conoceremos la Esperanza y por ende la Paz Mundial.<\/p>\n<p style=\"text-align: justify;\"><strong>S: \u00bfCon cu\u00e1ntas personas cuenta dentro de su organizaci\u00f3n?<\/strong><\/p>\n<p style=\"text-align: justify;\">M: Debo decir que el Grupo de Utop\u00eda Po\u00e9tica Universal naci\u00f3 en los primeros d\u00edas del mes de Mayo del presente a\u00f1o, a un mes y medio ten\u00edamos tan solo 200 miembros, al iniciar con el Gran Encuentro Mundial Virtual de Poetas, se registraron durante y despu\u00e9s, alrededor de 2500 m\u00e1s por lo que a esta fecha tenemos 3095 miembros, de los cuales escriben o publican algo, poco m\u00e1s de la mitad, de manera constante al pendiente de nuestros eventos virtuales.<\/p>\n<p style=\"text-align: justify;\"><strong>S: \u00bfHabitualmente cu\u00e1l es su trabajo a desempe\u00f1ar dentro de la Cultura?<\/strong><\/p>\n<p style=\"text-align: justify;\">M: Bueno, debo decir que tengo una trayectoria de 25 a\u00f1os cumplidos como Gestor y Promotor Cultural en mi entidad, en la que en un tiempo se organizaron grandes eventos Literarios, como Encuentros, Recitales y talleres de Literatura, por lo que lo \u00fanico que estamos haciendo ahora, es aprovechar al m\u00e1ximo las bondades que nos brinda la Tecnolog\u00eda a trav\u00e9s de las redes sociales.<\/p>\n<p style=\"text-align: justify;\"><strong>S: \u00bfTiene alg\u00fan proyecto importante despu\u00e9s de este evento?<\/strong><\/p>\n<p style=\"text-align: justify;\">M: Desde luego, proyectos importantes, todos, proyectos a corto, mediano o largo plazo, s\u00ed; y uno de ellos es llevar a cabo el Gran Concurso Mundial De Poes\u00eda para elegir el <em>\u201cGran Poema Mundial por la Paz y la Esperanza\u201d<\/em>. Y en seguida darle forma permanente a los \u201cJuegos Florales\u201d, de la entidad, pero a nivel Mundial.<\/p>\n<p style=\"text-align: justify;\"><strong>S: \u00bfC\u00f3mo se lleva el hermanamiento entre tanto pueblo de diferentes naciones sin causar envidia ni rencores?<\/strong><\/p>\n<p style=\"text-align: justify;\">M: Debo decirte que no es un juego, y no es nada f\u00e1cil; no es cualquier cosa, dice Jos\u00e9 Ingenieros, en su obra <em>El hombre Mediocre<\/em>, \u201cReunid mil genios en un concilio y har\u00e1s de ellos, la cabeza de un Mediocre\u201d. \u00bfQu\u00e9 te quiero decir con esto? Que el Ser Humano es, supuestamente, el ser m\u00e1s inteligente del planeta, a veces tengo mis dudas de que as\u00ed sea, porque es tan dif\u00edcil lograr convivir entre s\u00ed, la competencia sana es dif\u00edcil de encontrarla, \u00bfcierto? Porque bien que se dice \u201cCada cabeza es un mundo\u201d pero hay mundos que tienen un tipo de vivencia y otros tipos de vivencia por lo que, habr\u00eda que hurgar en cada cabeza para saber qu\u00e9 piensa y eso lo hace todo m\u00e1s dif\u00edcil. Por eso, concluyendo, lo que debemos hacer es aceptar los pensamientos y los actos de los dem\u00e1s sin entrar en controversias. En M\u00e9xico alguien dijo una vez, \u201cEl Derecho al Respeto ajeno, es la Paz\u201d.<\/p>\n<p style=\"text-align: justify;\"><a href=\"http:\/\/granadacostanacional.es\/wp-content\/uploads\/2020\/08\/118314536_753397971896903_3411389762285278563_n.png\"><img decoding=\"async\" loading=\"lazy\" class=\"aligncenter size-full wp-image-25117\" src=\"http:\/\/granadacostanacional.es\/wp-content\/uploads\/2020\/08\/118314536_753397971896903_3411389762285278563_n.png\" alt=\"118314536_753397971896903_3411389762285278563_n\" width=\"406\" height=\"718\" \/><\/a><\/p>\n<p style=\"text-align: justify;\"><strong>S: \u00bfCon cu\u00e1ntos eventos cuenta desde que comenz\u00f3 su andadura como organizador?<\/strong><\/p>\n<p style=\"text-align: justify;\">M: Nooo, pues a 25 a\u00f1os de comenzar, he perdido ya la cuenta, no solo han sido eventos culturales o Literarios, tambi\u00e9n han sido en favor de la Ecolog\u00eda, el respeto a la vida y a las personas. Lo que s\u00ed te puedo decir, porque adem\u00e1s lo tengo documentado, es que a la fecha llevo alrededor de 3 mil conferencias, talleres y cursos relacionados con el Desarrollo humano, los valores, la Superaci\u00f3n personal y la prevenci\u00f3n de las enfermedades, en M\u00e9xico y otros pa\u00edses de Latinoam\u00e9rica.<\/p>\n<p style=\"text-align: justify;\"><strong>S: \u00bfSe considera rico en amistades?<\/strong><\/p>\n<p style=\"text-align: justify;\">M: S\u00ed, me considero millonario, porque tengo muchos verdaderos amigos y cada uno de ellos vale millones, no son muchos, pero son de gran calidad humana.<\/p>\n<p style=\"text-align: justify;\"><strong>S: \u00bfDesde qu\u00e9 edad se puede participar en un evento de tal magnitud a nivel mundial?<\/strong><\/p>\n<p style=\"text-align: justify;\">M: Yo, creo que la edad es un estado mental, si hay quien tiene 90 a\u00f1os y cree poder participar, lo hace. Si hay quien tiene 10 o 12 a\u00f1os y desea hacerlo, tambi\u00e9n lo har\u00e1. Cuando m\u00e1s joven, yo contaba con un programa en la TV local, conoc\u00ed a un noble anciano de unos 80 a\u00f1os que descubr\u00ed que escrib\u00eda unos versos maravillosos, lo llev\u00e9 al programa y un a\u00f1o despu\u00e9s, falleci\u00f3, dej\u00e1ndome una carta donde me agradec\u00eda enormemente el haber hecho posible presentarlo ante el p\u00fablico a trav\u00e9s de la TV, tanto, que le compuse una Eleg\u00eda. Desde luego, lo que si debes tener, son las ganas de participar y obviamente, si participas es por que escribes Poes\u00eda, narrativa, ensayo, novela, cualquier obra literaria. Ahora que creamos la sede en Michoac\u00e1n M\u00e9xico, de \u201cLa casa del Libro del Poeta Mundial\u201d y que fue una iniciativa creada a partir del Gran Encuentro Mundial y a la que se est\u00e1n sumando ya otros pa\u00edses, entre ellos Espa\u00f1a, Argentina y Brasil por mencionar solo estos, llevaremos a cabo lectura de los libros que nos est\u00e1n donando para \u201cLa casa\u201d pero ser\u00e1n le\u00eddos por ni\u00f1os y adolescentes para fomentar la lectura y la cultura general y seguramente de ah\u00ed, sacaremos en breve excelentes personas para enfrentar el mundo con verdaderos retos.<\/p>\n<p style=\"text-align: justify;\"><strong>S: \u00bfCon qu\u00e9 fin se cre\u00f3 este \u00faltimo evento y por qu\u00e9?<\/strong><\/p>\n<p style=\"text-align: justify;\">M: El Gran Encuentro Mundial Virtual de Poetas, se cre\u00f3 con el firme objetivo de incentivar la amistad, el amor y, por ende, la paz entre las naciones del mundo, soy un fiel creyente que a trav\u00e9s de la buena vibraci\u00f3n que emana del ser humano para otros seres puede terminar con guerras y con aquellos que tratan de desestabilizar esa paz, de por s\u00ed resquebrajada que existe en el mundo.<\/p>\n<p style=\"text-align: justify;\"><strong>S: \u00bfEst\u00e1 usted satisfecho de su trabajo dentro de este bonito encuentro?<\/strong><\/p>\n<p style=\"text-align: justify;\">M: Yo creo que Satisfecho es una palabra muy corta para el regocijo que siento al haber sido el v\u00ednculo para hermanar tantos pa\u00edses, tantos hermanos de tantos colores, etnias y lenguas a trav\u00e9s de tantas letras y c\u00famulo de sensibilidades.<\/p>\n<p style=\"text-align: justify;\"><strong>S: \u00bfPuedo preguntarle cu\u00e1les ser\u00e1n sus pr\u00f3ximas actividades y metas dentro de la Cultura?<\/strong><\/p>\n<p style=\"text-align: justify;\">M: Pues mira, actividades y metas hay muchas, pero las inmediatas son sin duda, darle forma y continuidad a la creaci\u00f3n de \u201cLa casa del Libro del Poeta Mundial\u201d con sede en mi ciudad, la intenci\u00f3n es estar solicitando a los poetas y escritores que participaron en el Encuentro m\u00e1s los que quieran incorporarse a esta iniciativa, cuyo fin es obtener sus donaciones correspondientes con sus libros de autor, antolog\u00edas y todo tipo de creaci\u00f3n literaria a fin de consolidar esa Biblioteca donde tengamos libros de todos los poetas y escritores del mundo para que nuestros ni\u00f1os y j\u00f3venes tengan un espacio donde poder leer las obras de diversos autores del mundo. Pero como no queremos que solo los ni\u00f1os Mexicanos salgan beneficiados con este proyecto, pa\u00edses como Brasil, Argentina, Espa\u00f1a, Ecuador, El Salvador y Costa Rica, entre otros ya se agregaron a esta maravillosa Iniciativa Mundial Cultural y posteriormente llevar a cabo el Gran Concurso Mundial de Poes\u00eda, donde ser\u00e1 elegido el Gran Poema por la Paz y la Esperanza.<\/p>\n<p style=\"text-align: justify;\"><strong>S: Por \u00faltimo, \u00bfqu\u00e9 a\u00f1adir\u00eda Don Manuel Ekihua a la Cultura en general, con nuevos proyectos para apoyar a los escritores y poetas?<\/strong><\/p>\n<p style=\"text-align: justify;\">M: Algo con lo que siempre he so\u00f1ado y que espero pronto es que nos reunamos varios pa\u00edses con todos sus poetas y escritores, es que se promulgue y se decrete Mundialmente, que se haga homenaje a todos los escritores, Poetas, Artistas pl\u00e1sticos, escultores y cualquier tipo de Artista y que se les reconozca en vida, tanto con homenajes como con est\u00edmulos econ\u00f3micos y no solo Homenajes P\u00f3stumos, sino que, sea en vida, porque es muy triste ver que existen muchos que viven en la miseria despu\u00e9s de haberle dado tanto al mundo.<\/p>\n<p style=\"text-align: justify;\">\n<p style=\"text-align: justify;\"><strong>TEST<\/strong><\/p>\n<p style=\"text-align: justify;\">Un color: Morado<\/p>\n<p style=\"text-align: justify;\">Una flor: Ave del Para\u00edso<\/p>\n<p style=\"text-align: justify;\">Un deseo: Paz universal e interna para todos<\/p>\n<p style=\"text-align: justify;\">Un libro: <em>Los tesoros<\/em> de Jalil Gibran<\/p>\n<p style=\"text-align: justify;\">Un autor en poes\u00eda: Jalil Gibran<\/p>\n<p style=\"text-align: justify;\">Un actor o actriz: Bruce Lee<\/p>\n<p style=\"text-align: justify;\">Una pel\u00edcula: El domo<\/p>\n<p style=\"text-align: justify;\">Una melod\u00eda: La vida sigue igual (Julio Iglesias)<\/p>\n<p style=\"text-align: justify;\">Una comida: Chiles en nogada<\/p>\n<p style=\"text-align: justify;\">Una ciudad para visitar: Madrid, Espa\u00f1a<\/p>\n<p style=\"text-align: justify;\">\n<p style=\"text-align: justify;\">Muchas gracias Don Manuel Ekihua Estrella por su amabilidad y paciencia, ha sido un placer tenerlo como invitado en nuestro peri\u00f3dico con su entrevista, dese\u00e1ndole muchos \u00e9xitos y muchas bendiciones, hermanando M\u00e9xico con Espa\u00f1a.<\/p>\n<p>&nbsp;<\/p>\n<p>&nbsp;<\/p>\n<p style=\"text-align: right;\"><strong>Soledad Durnes Casa\u00f1al<\/strong><\/p>\n<p style=\"text-align: right;\"><strong>Corresponsal de Granada Costa<\/strong><\/p>\n","protected":false},"excerpt":{"rendered":"<p>Mis queridos lectores de Granada Costa, hoy he tenido la suerte de poder participar en un evento cultural muy importante&hellip;<\/p>\n","protected":false},"author":3,"featured_media":25115,"comment_status":"open","ping_status":"open","sticky":false,"template":"","format":"standard","meta":{"om_disable_all_campaigns":false,"_mi_skip_tracking":false,"_monsterinsights_sitenote_active":false,"_monsterinsights_sitenote_note":"","_monsterinsights_sitenote_category":0,"footnotes":""},"categories":[21],"tags":[],"aioseo_notices":[],"_links":{"self":[{"href":"https:\/\/granadacostaglobal.es\/index.php?rest_route=\/wp\/v2\/posts\/25110"}],"collection":[{"href":"https:\/\/granadacostaglobal.es\/index.php?rest_route=\/wp\/v2\/posts"}],"about":[{"href":"https:\/\/granadacostaglobal.es\/index.php?rest_route=\/wp\/v2\/types\/post"}],"author":[{"embeddable":true,"href":"https:\/\/granadacostaglobal.es\/index.php?rest_route=\/wp\/v2\/users\/3"}],"replies":[{"embeddable":true,"href":"https:\/\/granadacostaglobal.es\/index.php?rest_route=%2Fwp%2Fv2%2Fcomments&post=25110"}],"version-history":[{"count":0,"href":"https:\/\/granadacostaglobal.es\/index.php?rest_route=\/wp\/v2\/posts\/25110\/revisions"}],"wp:featuredmedia":[{"embeddable":true,"href":"https:\/\/granadacostaglobal.es\/index.php?rest_route=\/"}],"wp:attachment":[{"href":"https:\/\/granadacostaglobal.es\/index.php?rest_route=%2Fwp%2Fv2%2Fmedia&parent=25110"}],"wp:term":[{"taxonomy":"category","embeddable":true,"href":"https:\/\/granadacostaglobal.es\/index.php?rest_route=%2Fwp%2Fv2%2Fcategories&post=25110"},{"taxonomy":"post_tag","embeddable":true,"href":"https:\/\/granadacostaglobal.es\/index.php?rest_route=%2Fwp%2Fv2%2Ftags&post=25110"}],"curies":[{"name":"wp","href":"https:\/\/api.w.org\/{rel}","templated":true}]}}