{"id":25098,"date":"2020-08-20T14:29:03","date_gmt":"2020-08-20T14:29:03","guid":{"rendered":"http:\/\/granadacostanacional.es\/?p=25098"},"modified":"2020-08-20T14:29:03","modified_gmt":"2020-08-20T14:29:03","slug":"una-espana-castrada","status":"publish","type":"post","link":"https:\/\/granadacostaglobal.es\/?p=25098","title":{"rendered":"\u00bfUNA ESPA\u00d1A CASTRADA?"},"content":{"rendered":"<p style=\"text-align: right;\"><em>\u201cEs cruel e inhumano el mentir diciendo que se tiene una ciencia que no se posee. Alabarse de ignorancia es una verg\u00fcenza. Pero alabarse de poseer una ciencia que no se tiene es todav\u00eda mayor verg\u00fcenza\u201d<\/em><\/p>\n<p style=\"text-align: right;\">(Her\u00e1clito fil\u00f3sofo siglo V a. C)<\/p>\n<p>&nbsp;<\/p>\n<p style=\"text-align: justify;\">\u00a0\u00a0Hace unos d\u00edas fui a visitar a mi amigo Pepe para felicitarlo por haber cumplido 93 a\u00f1os, que todav\u00eda est\u00e1 vivo a pesar de la pandemia y del confinamiento. Conserva la mente l\u00facida y no tiene miedo, s\u00f3lo una gran preocupaci\u00f3n martiriza su alma. Nada m\u00e1s verme levant\u00f3 los brazos como gesto de acogida y una gran alegr\u00eda se reflej\u00f3 en su rostro. A continuaci\u00f3n, y muy serio, me pregunt\u00f3 a bocajarro: \u201c\u00bfHan quemado alguna iglesia, han matado a alg\u00fan cura o a alguna monja?\u201d De momento cre\u00ed que era una broma o que quiz\u00e1 hubiera perdido la cabeza, pero no, ten\u00eda sus razones.<\/p>\n<p style=\"text-align: justify;\">\u00a0Pepe es Catedr\u00e1tico de Econom\u00eda Pol\u00edtica y doctor en Derecho y Ciencias Pol\u00edticas. Desde hace varios a\u00f1os est\u00e1 en una silla de ruedas y por tanto sale poco a la calle, pero est\u00e1 informado al m\u00e1ximo no s\u00f3lo de lo que ocurre en Espa\u00f1a sino en el mundo entero, pues se lee varios peri\u00f3dicos, escucha la radio y ve los programas de televisi\u00f3n, los oficiales y sobre todo los independientes, que cada vez son menos. Por tanto, a pesar de su escaso movimiento f\u00edsico tiene una visi\u00f3n profunda y extensa de la situaci\u00f3n social, pol\u00edtica, econ\u00f3mica, etc. que pocos alcanzan.<\/p>\n<p style=\"text-align: justify;\">\u00a0\u00a0\u00a0\u00a0\u00a0\u00a0\u00a0\u00a0 Despu\u00e9s de tomar unas copas de \u201cMoriles\u201d y unas exquisitas tapas de aguacate con anchoas, le pregunto que c\u00f3mo ve la situaci\u00f3n espa\u00f1ola. Ahora se pone serio y me dice: \u201cNada m\u00e1s entrar aqu\u00ed te pregunt\u00e9 si hab\u00edan quemado alguna iglesia y si hab\u00edan matado alg\u00fan cura o alguna monja. Por la cara que pusiste me di cuenta de lo que pensaste de m\u00ed. Era l\u00f3gico, tengo ya muchos a\u00f1os y la edad no perdona, pero afortunadamente mi cabeza es lo \u00fanico que funciona bien, tal vez, demasiado bien.<\/p>\n<p style=\"text-align: justify;\">\u00a0\u00a0\u00a0\u00a0\u00a0\u00a0\u00a0\u00a0 Cuando yo era todav\u00eda un ni\u00f1o vi quemar una iglesia, destruir pinturas e im\u00e1genes de santos, crucifijos que eran obras de arte; no vi matar a los religiosos, pero me lo contaron. Cuando pregunt\u00e9 por los profesores que ten\u00eda en el colegio. Sus faltas, sus delitos: que eran buenos. s\u00ed vi a la polic\u00eda llevarse al padre de mi vecino por el s\u00f3lo hecho de ir todos los d\u00edas a o\u00edr misa y llevar corbata. No volv\u00ed a verlo. Bien, pues el clima que tenemos hoy en Espa\u00f1a es semejante a aquel de la Rep\u00fablica donde todas las injusticias, todos los desmanes estaban permitidos. Este Gobierno in\u00fatil, demostrado hasta la saciedad, que desgobierna conjuntamente con este gobierno de coalici\u00f3n est\u00e1 actuando de forma, no dictatorial sino tir\u00e1nica, y los partidos de la oposici\u00f3n s\u00f3lo se quejan, critican, pero no act\u00faan intentando ser moderados, \u00a1Bobos! En estas circunstancias la \u201cmoderaci\u00f3n\u201d no lleva a ninguna parte, o mejor dicho, lleva a la destrucci\u00f3n de Espa\u00f1a y quiz\u00e1s a un enfrentamiento si dejan que estos ineptos contin\u00faen por este camino de perversi\u00f3n.<\/p>\n<p style=\"text-align: justify;\">A\u00fan hoy, a mi edad se me revuelven las tripas cuando oigo o veo en los medios de comunicaci\u00f3n que tenemos una sociedad muy culta y civilizada, y que lo que ocurri\u00f3 en otros tiempos no puede ocurrir ahora. Necios, ya est\u00e1 ocurriendo, y si no lo veis por vosotros mismos, tan cultos, pues est\u00e1 de m\u00e1s cualquier explicaci\u00f3n que os dieran, pues ver\u00edais menos a\u00fan. Estos politicastros que quieren gobernarnos con tantos errores, pero con todos los medios de comunicaci\u00f3n en sus manos han creado una sociedad ap\u00e1tica, ingenua, desinformada y <strong>castrada<\/strong>, sin vigor que como dijo Ortega \u201cle sobra la arisca soberbia del triunfante\u201d, no quieren luchar, lo que quieren es vencer, y as\u00ed nos va. Esta sociedad tan culta ignora que los derechos hay que ganarlos y despu\u00e9s defenderlos. Nada de esto se hace, ni por de los partidos ni por la sociedad.<\/p>\n<p style=\"text-align: justify;\">\u00a0\u00a0\u00a0\u00a0\u00a0\u00a0\u00a0\u00a0 Llegados hasta aqu\u00ed surge una pregunta que los analistas nacionales e internacionales no consiguen clarificar: \u00bfC\u00f3mo un pueblo tan culto y civilizado como es en la actualidad la sociedad espa\u00f1ola elija lo peor, a los m\u00e1s in\u00fatiles, a los m\u00e1s degenerados para dirigirlos? Esta pregunta la contest\u00f3 hace a\u00f1os el gran Ortega y Gasset en su \u201cEspa\u00f1a Invertebrada\u201d: \u201cAs\u00ed, un pueblo que, por una perversi\u00f3n de sus afectos, da en odiar a toda individualidad selecta y ejemplar por el mero hecho de serlo, y siendo vulgo y masa se juzga apto para prescindir de gu\u00edas y regirse por s\u00ed mismo en sus ideas y en su pol\u00edtica, en su moral y en sus gustos, causar\u00e1 irremediablemente su propia degeneraci\u00f3n. En mi entender, Espa\u00f1a es un lamentable ejemplo de esta perversi\u00f3n\u201d. Esta es la triste realidad de la sociedad espa\u00f1ola incluida la alta, la media y la baja: <strong>el odio a la excelencia<\/strong>. No obstante, ten\u00eda la esperanza de que las nuevas generaciones supieran escoger. Se equivoc\u00f3. Ya lo hab\u00eda advertido cuando dijo en sus \u201cNOTAS\u201d: \u201cCuando se pone a los hombres en igualdad de condiciones ante la lucha por la existencia, es seguro que <strong>triunfar\u00e1n los peores<\/strong>, <strong>porque son los m\u00e1s<\/strong>\u201d. Esto lo dijo en 1918 pero sigue de actualidad; y con mayor fuerza a\u00fan.<\/p>\n<p style=\"text-align: justify;\">Respecto al abandono de Espa\u00f1a del Rey Juan Carlos, \u00bfQu\u00e9 opinas? Es sencillamente uno de los efectos de lo que venimos diciendo: <strong>el odio a lo superior,<\/strong> <strong>a la excelencia<\/strong>. En un gobierno de malvados y una sociedad capada, pol\u00edticamente inculta, desinformada e ingrata no pod\u00eda esperarse otra cosa. Un presidente, vicepresidente y ministros que hasta hace unos d\u00edas no eran nada y tampoco nadie y que por una aberraci\u00f3n del destino se ven encumbrados a lo m\u00e1s alto sin tener formaci\u00f3n, ni aptitudes, ni moral alguna, es l\u00f3gico que quieran destruir a lo superior, a lo eminente como era el Rey Juan Carlos, con una gran formaci\u00f3n intelectual, con prestigio personal en todo el mundo, que en realidad es el que <strong>ha creado la Espa\u00f1a del progreso, de la paz<\/strong> <strong>y del<\/strong> <strong>prestigio<\/strong>, quien tuvo la habilidad de pasar de un r\u00e9gimen autoritario a una democracia moderna sin contratiempos, y fue la admiraci\u00f3n del mundo. Sin embargo, estos pelagatos en el poco tiempo que llevan mandando, han conseguido que Espa\u00f1a pierda por completo su prestigio y tambi\u00e9n su dignidad, y en cuanto a lo econ\u00f3mico ser\u00e1 una segura ruina. Porque s\u00f3lo con la destrucci\u00f3n de Espa\u00f1a ellos pueden seguir mandando.<\/p>\n<p style=\"text-align: justify;\">Por tanto, este destierro del Rey de Espa\u00f1a es la verg\u00fcenza de este Gobierno, de la Iglesia, las Fuerzas Armadas, la Universidad, los empresarios y de la sociedad en general, que han permitido esta crueldad, esta ingratitud sin hacer nada para impedirlo. El siguiente paso se dirigir\u00e1 a derrocar al Rey Felipe, y a continuaci\u00f3n la cartilla de racionamiento. Esta nueva casta de pol\u00edticos que est\u00e1 unos cuantos meses en un cargo y ya salen ricos, millonarios, sin que nadie les pida cuentas exigen, sin embargo, que los dem\u00e1s sean puros, inmaculados, santos.<\/p>\n<p style=\"text-align: justify;\">\u00a1Ay de mi Espa\u00f1a!<\/p>\n<p style=\"text-align: right;\"><strong>Rogelio Bustos Almendros<\/strong><\/p>\n","protected":false},"excerpt":{"rendered":"<p>\u201cEs cruel e inhumano el mentir diciendo que se tiene una ciencia que no se posee. Alabarse de ignorancia es&hellip;<\/p>\n","protected":false},"author":3,"featured_media":16441,"comment_status":"open","ping_status":"open","sticky":false,"template":"","format":"standard","meta":{"om_disable_all_campaigns":false,"_mi_skip_tracking":false,"_monsterinsights_sitenote_active":false,"_monsterinsights_sitenote_note":"","_monsterinsights_sitenote_category":0,"footnotes":""},"categories":[21],"tags":[],"aioseo_notices":[],"_links":{"self":[{"href":"https:\/\/granadacostaglobal.es\/index.php?rest_route=\/wp\/v2\/posts\/25098"}],"collection":[{"href":"https:\/\/granadacostaglobal.es\/index.php?rest_route=\/wp\/v2\/posts"}],"about":[{"href":"https:\/\/granadacostaglobal.es\/index.php?rest_route=\/wp\/v2\/types\/post"}],"author":[{"embeddable":true,"href":"https:\/\/granadacostaglobal.es\/index.php?rest_route=\/wp\/v2\/users\/3"}],"replies":[{"embeddable":true,"href":"https:\/\/granadacostaglobal.es\/index.php?rest_route=%2Fwp%2Fv2%2Fcomments&post=25098"}],"version-history":[{"count":0,"href":"https:\/\/granadacostaglobal.es\/index.php?rest_route=\/wp\/v2\/posts\/25098\/revisions"}],"wp:featuredmedia":[{"embeddable":true,"href":"https:\/\/granadacostaglobal.es\/index.php?rest_route=\/"}],"wp:attachment":[{"href":"https:\/\/granadacostaglobal.es\/index.php?rest_route=%2Fwp%2Fv2%2Fmedia&parent=25098"}],"wp:term":[{"taxonomy":"category","embeddable":true,"href":"https:\/\/granadacostaglobal.es\/index.php?rest_route=%2Fwp%2Fv2%2Fcategories&post=25098"},{"taxonomy":"post_tag","embeddable":true,"href":"https:\/\/granadacostaglobal.es\/index.php?rest_route=%2Fwp%2Fv2%2Ftags&post=25098"}],"curies":[{"name":"wp","href":"https:\/\/api.w.org\/{rel}","templated":true}]}}