{"id":25027,"date":"2020-08-12T08:03:00","date_gmt":"2020-08-12T08:03:00","guid":{"rendered":"http:\/\/granadacostanacional.es\/?p=25027"},"modified":"2020-08-12T08:03:00","modified_gmt":"2020-08-12T08:03:00","slug":"luis-mariano-todo-un-principe","status":"publish","type":"post","link":"https:\/\/granadacostaglobal.es\/?p=25027","title":{"rendered":"LUIS MARIANO TODO UN PR\u00cdNCIPE"},"content":{"rendered":"<p style=\"text-align: justify;\">Har\u00e1 algo m\u00e1s de dos semanas, en Ir\u00fan (Guip\u00fazcoa) se celebr\u00f3 un acto de homenaje en el 50 aniversario de la muerte nuestro artista m\u00e1s celebre y universal. Un tenor sublime de operetas, que tambi\u00e9n hizo algunas pel\u00edculas en sus a\u00f1os dorados durante las d\u00e9cadas de los cuarenta y cincuenta. Les estoy hablando del genuino cantante Luis Mariano Eusebio Gonz\u00e1lez Garc\u00eda (conocido art\u00edsticamente como Luis Mariano) nacido en la localidad irunesa un 13 de agosto de 1914, y fallecido en Par\u00eds un 14 de Julio de 1970, cerca de un par de a\u00f1os antes de que naciera el que esto escribe. Muchos ciudadanos espa\u00f1oles y franceses que ya tienen cierta edad, le habr\u00e1n vivido en persona en sus a\u00f1os de esplendor, a otros les sonar\u00e1 por haber visto sus pel\u00edculas o por las historias de sus padres o abuelos, y entre los m\u00e1s j\u00f3venes, a algunos les sonar\u00e1 de o\u00eddas y el resto no tendr\u00e1n ni idea de qui\u00e9n fue este magn\u00edfico cantante que hizo conocida la localidad fronteriza guipuzcoana en el mundo entero. As\u00ed que para todos en general, voy a hacer un art\u00edculo humilde sobre la vida y obra de este hombre con una voz privilegiada, que ten\u00eda un tono \u00fanico e inigualable por su falsete, tan dif\u00edcil de emular por otros tenores.<\/p>\n<p style=\"text-align: justify;\">\u00a0\u00a0\u00a0\u00a0\u00a0\u00a0\u00a0\u00a0\u00a0\u00a0\u00a0\u00a0\u00a0\u00a0\u00a0 Nuestro artista realmente naci\u00f3 un 13 aunque en su partida de nacimiento pusieran un 12, porque su madre no deseaba que su hijo llevase ese n\u00famero fat\u00eddico el resto de vida. As\u00ed que en la partida de nacimiento aparece como el 12 de agosto. Incluso sobre el a\u00f1o de nacimiento, en sus biograf\u00edas figura como 1920, pero seg\u00fan se ha sabido por ciertos investigadores fue 1914, el motivo de esos a\u00f1os de diferencia es que su madre manipul\u00f3 su fecha para librarle de las obligaciones militares. El motivo principal es que, a poco de comenzar la guerra civil, su casa fue destruida por un bombardeo a\u00e9reo, y la familia al completo decidi\u00f3 instalarse en Francia. Esto motiv\u00f3 que Luis Mariano terminase viviendo entre Hendaya, Burdeos y finalmente, Par\u00eds.<\/p>\n<p style=\"text-align: justify;\"><a href=\"http:\/\/granadacostanacional.es\/wp-content\/uploads\/2020\/08\/9924a46c9046623fc23c74353a050fb2.jpg\"><img decoding=\"async\" loading=\"lazy\" class=\"aligncenter wp-image-25029 size-medium\" src=\"http:\/\/granadacostanacional.es\/wp-content\/uploads\/2020\/08\/9924a46c9046623fc23c74353a050fb2-186x300.jpg\" alt=\"9924a46c9046623fc23c74353a050fb2\" width=\"186\" height=\"300\" \/><\/a><\/p>\n<p style=\"text-align: center;\"><em><strong>Carmen Sevilla y Luis Mariano<\/strong><\/em><\/p>\n<p style=\"text-align: justify;\">\u00a0\u00a0\u00a0\u00a0\u00a0\u00a0\u00a0\u00a0\u00a0\u00a0\u00a0\u00a0\u00a0\u00a0\u00a0 Cuando estaba en Bayona con sus padres, desde muy ni\u00f1o, se sinti\u00f3 m\u00e1s atra\u00eddo por la m\u00fasica y el canto que por la gram\u00e1tica y la aritm\u00e9tica. Estudi\u00f3 en el Conservatorio de Burdeos. Con 23 a\u00f1os entr\u00f3 a formar parte de un grupo vocal Eresoinka con el que actu\u00f3 en varias ciudades europeas. Unos a\u00f1os despu\u00e9s conoci\u00f3 a Jeanne Lagiscarde, directora de la casa discogr\u00e1fica Bermond, que le introdujo en los medios art\u00edsticos de Burdeos. En 1941, durante la II Guerra Mundial, se inscribi\u00f3 en la escuela de Bellas Artes para evitar que lo enviaran a trabajar obligatoriamente a Alemania. Lagiscarde le convenci\u00f3 de probar fortuna en Par\u00eds, con una recomendaci\u00f3n para el tenor y profesor Michel Font\u00e9cha, fueron tiempos muy duros. \u00a0En 1944 debut\u00f3 como cantante de \u00f3pera en el Palacio de Chaillot de Par\u00eds, representando el papel de Don Ernesto en \u201cDon Pasquale\u201d. Pero su carrera de tenor no dur\u00f3 mucho, dado que al a\u00f1o siguiente comenz\u00f3 en un g\u00e9nero muy del gusto franc\u00e9s, el de la opereta musical. Cooperando con su m\u00e1s estrecho colaborador, el espa\u00f1ol de origen vasco y nacionalizado franc\u00e9s Francis L\u00f3pez, logr\u00f3 estrenar un total de ocho operetas, la mayor\u00eda en el teatro Ch\u00e2telec. Las que obtuvieron gran \u00e9xito y reconocimiento de cr\u00edtica y p\u00fablico, fueron \u201cLa Bella de C\u00e1diz\u201d (1945) (durante ese periodo comparti\u00f3 cartel con nada menos que Edith Piaf e Yves Montand en el Teatro Nacional de Chaillot), \u201cAndaluc\u00eda\u201d (1947) donde cantaba \u201cOl\u00e9 torero\u201d y \u201cEl botijero\u201d), \u201cEl cantor de M\u00e9xico\u201d (1951) en el que interpret\u00f3 una serie de n\u00fameros inolvidables en el tiempo, como \u201cM\u00e9xico\u201d, \u201cAcapulco\u201d, \u201cRuise\u00f1or\u201d y \u201cMaitechu\u201d, \u201cEl Pr\u00edncipe de Madrid\u201d (1967) donde incorpor\u00f3 el personaje de Francisco de Goya, e interpret\u00f3 \u201cEspa\u00f1a\u201d, \u201cLa Feria de Sevilla\u201d, \u201cTorero\u201d y \u201cLa carabela de Oro\u201d con la que se despidi\u00f3 para siempre.<\/p>\n<p style=\"text-align: justify;\"><a href=\"http:\/\/granadacostanacional.es\/wp-content\/uploads\/2020\/08\/descarga.jpeg\"><img decoding=\"async\" loading=\"lazy\" class=\"aligncenter size-medium wp-image-25030\" src=\"http:\/\/granadacostanacional.es\/wp-content\/uploads\/2020\/08\/descarga-203x300.jpeg\" alt=\"descarga\" width=\"203\" height=\"300\" \/><\/a><\/p>\n<p style=\"text-align: justify;\">\u00a0\u00a0\u00a0\u00a0\u00a0\u00a0\u00a0\u00a0\u00a0\u00a0\u00a0\u00a0\u00a0\u00a0\u00a0 Rod\u00f3 varias pel\u00edculas con destacadas estrellas del cine franc\u00e9s e internacional, (Martine Carol, Ludmilla Tch\u00e9rina, Louis de Funes, Mar\u00eda Bauban, etc\u2026), fue dirigido por realizadores de prestigio, como Pierre Montazel, Richard Pottier, Henr\u00ed Clouzot y el comedi\u00f3grafo Sacha Guiltry. Pero en Espa\u00f1a se inmortaliz\u00f3 con las rodadas junto a Carmen Sevilla, de quien se enamor\u00f3 plat\u00f3nicamente a pesar de las diferencias ideol\u00f3gicas, que fueron \u201cEl sue\u00f1o de Andaluc\u00eda\u201d (1950), \u201cVioletas imperiales\u201d (1952) y \u201cLa Bella de C\u00e1diz\u201d (1953). En \u201cVioletas imperiales\u201d, Luis Mariano nos dej\u00f3 el tema que daba t\u00edtulo a la pel\u00edcula y \u201cMilagro de Par\u00eds\u201d, tambi\u00e9n protagoniz\u00f3 \u201cEl aventurero de Sevilla\u201d, junto a Lolita Sevilla.<\/p>\n<p style=\"text-align: justify;\">\u00a0\u00a0\u00a0\u00a0\u00a0\u00a0\u00a0\u00a0\u00a0\u00a0\u00a0\u00a0\u00a0\u00a0\u00a0 Dentro de su discograf\u00eda tiene innumerables canciones, llenas de nostalgia, donde las emociones alegres y tristes se mezclan al ser escuchadas por los rom\u00e1nticos de otras \u00e9pocas donde un irun\u00e9s se inmortaliz\u00f3 entre las grandes voces de la historia. Siendo capaz de cantar diferentes estilos, entre lo popular y lo folcl\u00f3rico, como boleros, rancheras, valses, pasodobles e innumerables operetas y comedias populares. \u201cAmapola\u201d, \u201cLa Paloma\u201d, \u201cMalague\u00f1a\u201d, \u201cValencia\u201d, \u201cGranada\u201d, \u201cEl relicario\u201d, \u201cClavelitos\u201d, \u201cAy, ay, ay\u201d, \u201cB\u00e9same mucho\u201d, \u201cCielito lindo\u201d, \u201cAmor, Amor\u201d, \u201cEl manisero\u201d, \u201cUn `poco m\u00e1s\u201d, \u201cPar\u00eds, te amo\u201d, \u201cC\u00b4est magnifique\u201d, Adem\u00e1s de \u201cO sol\u00e9 m\u00edo\u201d, \u201cSanta Luc\u00eda\u201d, \u201cAve Mar\u00eda\u201d, etc\u2026<\/p>\n<p style=\"text-align: justify;\"><a href=\"http:\/\/granadacostanacional.es\/wp-content\/uploads\/2020\/08\/images.jpeg\"><img decoding=\"async\" loading=\"lazy\" class=\"aligncenter size-medium wp-image-25031\" src=\"http:\/\/granadacostanacional.es\/wp-content\/uploads\/2020\/08\/images-191x300.jpeg\" alt=\"images\" width=\"191\" height=\"300\" \/><\/a><\/p>\n<p style=\"text-align: justify;\">\u00a0\u00a0\u00a0\u00a0\u00a0\u00a0\u00a0\u00a0\u00a0\u00a0\u00a0\u00a0\u00a0\u00a0\u00a0 Con Gloria Lasso, otra gran voz espa\u00f1ola que se traslad\u00f3 a Francia, form\u00f3 una fugaz pero popular\u00edsima pareja en 1957, grabando a d\u00fao un par de canciones \u201cCanastos\u201d y \u201cAmor no me quieras tanto\u201d, con la primera logr\u00f3 un enorme \u00e9xito, y de la que se hicieron diferentes versiones. A Espa\u00f1a vino en numerosas ocasiones, tanto para interpretar papeles en pel\u00edculas o en el teatro, o para disfrutar de las fiestas de Ir\u00fan y Hondarribia, donde ten\u00eda grandes amistades, entre las que se suma el irun\u00e9s de adopci\u00f3n Jos\u00e9 Luis Azkue, con el que form\u00f3 un t\u00e1ndem memorable desde los a\u00f1os cincuenta, cuando se conocieron en una actuaci\u00f3n en el desaparecido cine Avenida de Ir\u00fan, llev\u00e1ndoles a realizar numerosos conciertos fuera de nuestras fronteras. Tristemente falleci\u00f3 este mismo a\u00f1o, dej\u00e1ndonos un enorme legado de sus colaboraciones al teclado con nuestro cantante inmortal. Pese a que jam\u00e1s quiso aceptar la ciudadan\u00eda francesa y siempre se consider\u00f3 espa\u00f1ol, aqu\u00ed fuimos muy mezquinos con su figura. Con cierto retraso en Ir\u00fan, se cre\u00f3 la Asociaci\u00f3n L\u00edrica Luis Mariano, y cada a\u00f1o se le homenajea con flores y coronas en su estat\u00faa, donde se le ve sentado en un banco en la calle que lleva su nombre, bien en el aniversario de su nacimiento o de su muerte.<\/p>\n<p style=\"text-align: justify;\">\u00a0\u00a0\u00a0\u00a0\u00a0\u00a0\u00a0\u00a0\u00a0\u00a0\u00a0\u00a0\u00a0\u00a0\u00a0 El 14 de Julio de 1970, nos abandon\u00f3 desde Par\u00eds, coincidiendo en una fecha hist\u00f3rica para todos los franceses, quienes le siguen recordando y queriendo, como si fuese un hijo m\u00e1s de Francia. En su tumba de Arcangues, un pueblecito cercano a la frontera hispano-gala, siempre veremos flores, depositadas por personas que nunca le olvidan. En dicha localidad, Luis Mariano pose\u00eda una casa donde reposaba de sus agotadores espect\u00e1culos. Se llamaba \u201cMariano\u00b4ko-etxea\u201d que significa \u201cLa casa de Mariano\u201d. En su fachada posterior mand\u00f3 inscribir la siguiente leyenda: \u201cS\u00f3lo el final es el que cuenta\u201d. Nos dej\u00f3 prematuramente por una hemorragia cerebral, con 55 a\u00f1os. Su portentosa voz seguir\u00e1 viva por siempre, por su calidez, sensibilidad y pasi\u00f3n, como podemos comprobar si tenemos ocasi\u00f3n de escucharle en cualquier grabaci\u00f3n, y dejarnos llevar por ese falsete tan irrepetible y admirado por nuestros vecinos franceses.<\/p>\n<p style=\"text-align: justify;\">\u00a0\u00a0\u00a0\u00a0\u00a0\u00a0\u00a0\u00a0\u00a0\u00a0\u00a0\u00a0\u00a0\u00a0\u00a0 Nunca le olvidaremos y le estaremos agradecidos, por el legado musical que nos dej\u00f3, y por ese coraz\u00f3n tan \u201cC\u00b4est magnifique\u201d que ten\u00eda.<\/p>\n<p style=\"text-align: justify;\"><a href=\"http:\/\/granadacostanacional.es\/wp-content\/uploads\/2020\/08\/FB_IMG_1596182290424.jpg\"><img decoding=\"async\" loading=\"lazy\" class=\"aligncenter wp-image-25032 size-large\" src=\"http:\/\/granadacostanacional.es\/wp-content\/uploads\/2020\/08\/FB_IMG_1596182290424-1024x640.jpg\" alt=\"FB_IMG_1596182290424\" width=\"1024\" height=\"640\" \/><\/a><\/p>\n<p style=\"text-align: center;\"><em><strong>Estatua de Luis Mariano en Ir\u00fan<\/strong><\/em><\/p>\n<p>&nbsp;<\/p>\n<p style=\"text-align: center;\"><u>LUIS MARIANO EL INMORTAL<\/u><\/p>\n<p style=\"text-align: center;\">En Ir\u00fan naci\u00f3 un Pr\u00edncipe inmortal,<\/p>\n<p style=\"text-align: center;\">con un timbre de voz inigualable.<\/p>\n<p style=\"text-align: center;\">Que supo a todo el mundo conquistar,<\/p>\n<p style=\"text-align: center;\">cantando como una estrella brillante.<\/p>\n<p style=\"text-align: center;\">El escenario se rindi\u00f3 ante \u00e9l,<\/p>\n<p style=\"text-align: center;\">por su talento y canto inimitable.<\/p>\n<p style=\"text-align: center;\">Que logr\u00f3 en cada estilo florecer,<\/p>\n<p style=\"text-align: center;\">para de ese modo, al fin consagrarse.<\/p>\n<p style=\"text-align: center;\">En la pantalla tambi\u00e9n conquist\u00f3,<\/p>\n<p style=\"text-align: center;\">los elogios de la Espa\u00f1a distante.<\/p>\n<p style=\"text-align: center;\">Que tard\u00f3 un tiempo en hacer honor,<\/p>\n<p style=\"text-align: center;\">al que siempre am\u00f3, origen y arte.<\/p>\n<p style=\"text-align: center;\">El amor plat\u00f3nico le fue fatal,<\/p>\n<p style=\"text-align: center;\">con una Carmen Sevilla adorable.<\/p>\n<p style=\"text-align: center;\">Que enamor\u00f3 al Pr\u00edncipe magistral,<\/p>\n<p style=\"text-align: center;\">sin existir un futuro perdurable.<\/p>\n<p style=\"text-align: center;\">Hizo conciertos con un amigo,<\/p>\n<p style=\"text-align: center;\">un pianista que fue con \u00e9l, memorable.<\/p>\n<p style=\"text-align: center;\">Sabiendo crear al un\u00edsono,<\/p>\n<p style=\"text-align: center;\">la melod\u00eda de Mariano y Azkue.<\/p>\n<p style=\"text-align: center;\">Nos dej\u00f3 un falsete irrepetible,<\/p>\n<p style=\"text-align: center;\">que para muchos es ya, inalcanzable.<\/p>\n<p style=\"text-align: center;\">Al ser un registro que indivisible,<\/p>\n<p style=\"text-align: center;\">s\u00f3lo \u00e9l, lo hizo audible y probable.<\/p>\n<p style=\"text-align: center;\">A Hondarribia iba por fiestas,<\/p>\n<p style=\"text-align: center;\">se engalanaba por los San Marciales.<\/p>\n<p style=\"text-align: center;\">Nunca olvid\u00f3 a su gente y tierra,<\/p>\n<p style=\"text-align: center;\">ni lo noble de su vascuence sangre.<\/p>\n<p style=\"text-align: center;\">Hace cincuenta a\u00f1os que muri\u00f3,<\/p>\n<p style=\"text-align: center;\">y nunca hemos dejado de recordarle.<\/p>\n<p style=\"text-align: center;\">Pues como un Dios, su don entreg\u00f3,<\/p>\n<p style=\"text-align: center;\">para quien supiera dentro llevarle.<\/p>\n<p style=\"text-align: center;\">\u00a1Gracias! Te damos por tu inmensidad,<\/p>\n<p style=\"text-align: center;\">por el incre\u00edble regalo que dejaste.<\/p>\n<p style=\"text-align: center;\">Por convertir Ir\u00fan en universal,<\/p>\n<p style=\"text-align: center;\">con tu voz, siendo himno y estandarte.<\/p>\n<p style=\"text-align: center;\">Luis Mariano naci\u00f3 aqu\u00ed en Ir\u00fan,<\/p>\n<p style=\"text-align: center;\">y su pueblo, al completo lo sabe.<\/p>\n<p style=\"text-align: center;\">Pero se convirti\u00f3 en astro de luz,<\/p>\n<p style=\"text-align: center;\">para iluminar con su voz, todas partes.<\/p>\n<p style=\"text-align: center;\">\u00a1Gracias, Luis Mariano inmortal!<\/p>\n<p style=\"text-align: center;\">\u00a1Gracias, Luis Mariano puro arte!<\/p>\n<p>&nbsp;<\/p>\n<p>&nbsp;<\/p>\n<p style=\"text-align: right;\"><strong>Ricardo Campos Urbaneja<\/strong><\/p>\n<p style=\"text-align: right;\"><strong>Ir\u00fan<\/strong><\/p>\n","protected":false},"excerpt":{"rendered":"<p>Har\u00e1 algo m\u00e1s de dos semanas, en Ir\u00fan (Guip\u00fazcoa) se celebr\u00f3 un acto de homenaje en el 50 aniversario de&hellip;<\/p>\n","protected":false},"author":3,"featured_media":25028,"comment_status":"open","ping_status":"open","sticky":false,"template":"","format":"standard","meta":{"om_disable_all_campaigns":false,"_mi_skip_tracking":false,"_monsterinsights_sitenote_active":false,"_monsterinsights_sitenote_note":"","_monsterinsights_sitenote_category":0,"footnotes":""},"categories":[21],"tags":[],"aioseo_notices":[],"_links":{"self":[{"href":"https:\/\/granadacostaglobal.es\/index.php?rest_route=\/wp\/v2\/posts\/25027"}],"collection":[{"href":"https:\/\/granadacostaglobal.es\/index.php?rest_route=\/wp\/v2\/posts"}],"about":[{"href":"https:\/\/granadacostaglobal.es\/index.php?rest_route=\/wp\/v2\/types\/post"}],"author":[{"embeddable":true,"href":"https:\/\/granadacostaglobal.es\/index.php?rest_route=\/wp\/v2\/users\/3"}],"replies":[{"embeddable":true,"href":"https:\/\/granadacostaglobal.es\/index.php?rest_route=%2Fwp%2Fv2%2Fcomments&post=25027"}],"version-history":[{"count":0,"href":"https:\/\/granadacostaglobal.es\/index.php?rest_route=\/wp\/v2\/posts\/25027\/revisions"}],"wp:featuredmedia":[{"embeddable":true,"href":"https:\/\/granadacostaglobal.es\/index.php?rest_route=\/"}],"wp:attachment":[{"href":"https:\/\/granadacostaglobal.es\/index.php?rest_route=%2Fwp%2Fv2%2Fmedia&parent=25027"}],"wp:term":[{"taxonomy":"category","embeddable":true,"href":"https:\/\/granadacostaglobal.es\/index.php?rest_route=%2Fwp%2Fv2%2Fcategories&post=25027"},{"taxonomy":"post_tag","embeddable":true,"href":"https:\/\/granadacostaglobal.es\/index.php?rest_route=%2Fwp%2Fv2%2Ftags&post=25027"}],"curies":[{"name":"wp","href":"https:\/\/api.w.org\/{rel}","templated":true}]}}