{"id":25023,"date":"2020-08-11T07:59:20","date_gmt":"2020-08-11T07:59:20","guid":{"rendered":"http:\/\/granadacostanacional.es\/?p=25023"},"modified":"2020-08-11T07:59:20","modified_gmt":"2020-08-11T07:59:20","slug":"playas-nudistas-con-mascarilla-a-toda-costa","status":"publish","type":"post","link":"https:\/\/granadacostaglobal.es\/?p=25023","title":{"rendered":"Playas nudistas con mascarilla \u2013 A TODA COSTA"},"content":{"rendered":"<h2 style=\"margin: 0cm 0cm 10pt; text-align: justify;\"><span style=\"font-size: 22pt;\">Existen playas en las que la gente pasea tal como Dios la trajo al mundo<\/span><\/h2>\n<p style=\"margin: 0cm 0cm 10pt; text-align: justify;\"><span style=\"font-size: 22.0pt; color: #0070c0;\">\u00a0<\/span><\/p>\n<p style=\"margin: 0cm 0cm 10pt; text-align: justify;\"><span style=\"font-size: 18.0pt;\">Se sabe que muchas de estas personas lo practican en sus viajes de vacaciones, ah\u00ed donde nadie les conoce.<\/span><\/p>\n<p style=\"margin: 0cm 0cm 10pt; text-align: justify;\"><span style=\"font-size: 18.0pt;\">En ocasiones no solo por pudor, sino por cierto reparo, el que produce no poder deshacerse de esos \u201ckilitos\u201d de m\u00e1s que se ponen en sitios no deseados y que son toda una odisea quitarse.<\/span><\/p>\n<p style=\"margin: 0cm 0cm 10pt; text-align: justify;\"><span style=\"font-size: 18.0pt;\">El perfil m\u00e1s habitual del nudista pasa por la estad\u00edstica: Por cada dos nudistas varones hay una mujer.<\/span><\/p>\n<p style=\"margin: 0cm 0cm 10pt; text-align: justify;\"><span style=\"font-size: 18.0pt;\">Suele ser poco frecuente que una mujer sola asista a un lugar nudista. En su mayor\u00eda todos superan los 30 a\u00f1os de edad y poseen un nivel socioecon\u00f3mico medio-alto.<\/span><\/p>\n<p style=\"margin: 0cm 0cm 10pt; text-align: justify;\"><span style=\"font-size: 18.0pt;\">Muchos de los practicantes prefieren ser llamados &lt;&lt;naturistas&gt;&gt;, ya que es as\u00ed como suelen autodenominarse las organizaciones internacionales.<\/span><\/p>\n<p style=\"margin: 0cm 0cm 10pt; text-align: justify;\"><a href=\"http:\/\/granadacostanacional.es\/wp-content\/uploads\/2020\/08\/final-nudistas.jpg\"><img decoding=\"async\" loading=\"lazy\" class=\"aligncenter size-large wp-image-25024\" src=\"http:\/\/granadacostanacional.es\/wp-content\/uploads\/2020\/08\/final-nudistas-1024x745.jpg\" alt=\"final-nudistas\" width=\"1024\" height=\"745\" \/><\/a><\/p>\n<p style=\"margin: 0cm 0cm 10pt; text-align: justify;\"><span style=\"font-size: 18.0pt;\">Pero tambi\u00e9n hay otros que practican el nudismo sin conocer otra filosof\u00eda m\u00e1s all\u00e1, que el propio placer de sentirse libres.<\/span><\/p>\n<p style=\"margin: 0cm 0cm 10pt; text-align: justify;\"><span style=\"font-size: 18.0pt;\">Los interesados por el nudismo, van desde los m\u00e1s m\u00edsticos hasta los m\u00e1s primitivos. Pero a\u00fan movidos por intereses distintos, la mayor\u00eda de los nudistas alcanzan un criterio com\u00fan, el del respeto, el de la tolerancia y el de la convivencia.<\/span><\/p>\n<p style=\"margin: 0cm 0cm 10pt; text-align: justify;\"><span style=\"font-size: 18.0pt;\">Cada uno acepta sus propias limitaciones, ser gordo, flaco, alto bajo&#8230; No avergonzarse del propio cuerpo que es el lugar donde mora nuestro esp\u00edritu.<\/span><\/p>\n<p style=\"margin: 0cm 0cm 10pt; text-align: justify;\"><span style=\"font-size: 18.0pt;\">Este principio implica aceptar al pr\u00f3jimo tal como es, no discriminar a la gente en raz\u00f3n del sexo, h\u00e1bitos sexuales, color, religi\u00f3n&#8230; <\/span><\/p>\n<p style=\"margin: 0cm 0cm 10pt; text-align: justify;\"><span style=\"font-size: 18.0pt;\">El nudista es una persona sociable, nada agresiva, que no invade la privacidad, no se exhibe y no mira con procacidad.<\/span><\/p>\n<p style=\"margin: 0cm 0cm 10pt; text-align: justify;\"><span style=\"font-size: 18.0pt;\">En otras palabras, el nudismo implica vivir y dejar vivir. Dentro de este orden de ideas, los nudistas tratan de conservar la naturaleza en la forma m\u00e1s originaria posible y procuran por todos los medios integrarse en ella formando un todo.<\/span><\/p>\n<p style=\"margin: 0cm 0cm 10pt; text-align: justify;\"><span style=\"font-size: 18.0pt;\">Cr\u00e9anme son gente muy normal, de condici\u00f3n y profesi\u00f3n heterog\u00e9neas, seres que cada a\u00f1o en agosto practican &lt;&lt;una cura&gt;&gt; de humildad, aceptando que todo lo material que tenemos en esta vida es lo que llevamos encima al practicar nudismo.<\/span><\/p>\n<p style=\"margin: 0cm 0cm 10pt; text-align: justify;\"><span style=\"font-size: 18.0pt;\">Bueno\u2026 sin contar la mascarilla.<\/span><\/p>\n<p style=\"margin: 0cm 0cm 10pt; text-align: justify;\"><a href=\"http:\/\/granadacostanacional.es\/wp-content\/uploads\/2020\/08\/mascarilla-de-marca.jpg\"><img decoding=\"async\" loading=\"lazy\" class=\"aligncenter size-large wp-image-25025\" src=\"http:\/\/granadacostanacional.es\/wp-content\/uploads\/2020\/08\/mascarilla-de-marca-803x1024.jpg\" alt=\"mascarilla-de-marca\" width=\"803\" height=\"1024\" \/><\/a><\/p>\n<p style=\"margin: 0cm 0cm 10pt; text-align: right;\"><strong><em><span style=\"font-size: 18.0pt;\">Francisco Ponce Carrasco<\/span><\/em><\/strong><\/p>\n","protected":false},"excerpt":{"rendered":"<p>Existen playas en las que la gente pasea tal como Dios la trajo al mundo \u00a0 Se sabe que muchas&hellip;<\/p>\n","protected":false},"author":2,"featured_media":24452,"comment_status":"open","ping_status":"open","sticky":false,"template":"","format":"standard","meta":{"om_disable_all_campaigns":false,"_mi_skip_tracking":false,"_monsterinsights_sitenote_active":false,"_monsterinsights_sitenote_note":"","_monsterinsights_sitenote_category":0,"footnotes":""},"categories":[21,30],"tags":[],"aioseo_notices":[],"_links":{"self":[{"href":"https:\/\/granadacostaglobal.es\/index.php?rest_route=\/wp\/v2\/posts\/25023"}],"collection":[{"href":"https:\/\/granadacostaglobal.es\/index.php?rest_route=\/wp\/v2\/posts"}],"about":[{"href":"https:\/\/granadacostaglobal.es\/index.php?rest_route=\/wp\/v2\/types\/post"}],"author":[{"embeddable":true,"href":"https:\/\/granadacostaglobal.es\/index.php?rest_route=\/wp\/v2\/users\/2"}],"replies":[{"embeddable":true,"href":"https:\/\/granadacostaglobal.es\/index.php?rest_route=%2Fwp%2Fv2%2Fcomments&post=25023"}],"version-history":[{"count":0,"href":"https:\/\/granadacostaglobal.es\/index.php?rest_route=\/wp\/v2\/posts\/25023\/revisions"}],"wp:featuredmedia":[{"embeddable":true,"href":"https:\/\/granadacostaglobal.es\/index.php?rest_route=\/"}],"wp:attachment":[{"href":"https:\/\/granadacostaglobal.es\/index.php?rest_route=%2Fwp%2Fv2%2Fmedia&parent=25023"}],"wp:term":[{"taxonomy":"category","embeddable":true,"href":"https:\/\/granadacostaglobal.es\/index.php?rest_route=%2Fwp%2Fv2%2Fcategories&post=25023"},{"taxonomy":"post_tag","embeddable":true,"href":"https:\/\/granadacostaglobal.es\/index.php?rest_route=%2Fwp%2Fv2%2Ftags&post=25023"}],"curies":[{"name":"wp","href":"https:\/\/api.w.org\/{rel}","templated":true}]}}