{"id":24991,"date":"2020-08-06T11:59:06","date_gmt":"2020-08-06T11:59:06","guid":{"rendered":"http:\/\/granadacostanacional.es\/?p=24991"},"modified":"2020-08-06T11:59:06","modified_gmt":"2020-08-06T11:59:06","slug":"diario-de-un-poeta-el-dia-que-conoci-a-rafael-alberti","status":"publish","type":"post","link":"https:\/\/granadacostaglobal.es\/?p=24991","title":{"rendered":"DIARIO DE UN POETA &#8211; EL D\u00cdA QUE CONOC\u00cd A RAFAEL ALBERTI"},"content":{"rendered":"<p style=\"text-align: justify;\"><strong>R<\/strong>ecuerdo perfectamente y con total claridad el d\u00eda o, mejor dicho, la tarde en que personalmente conoc\u00ed a uno de los dos poetas que a\u00fan quedaban vivos de la Generaci\u00f3n del 27, Rafael Alberti. (El otro miembro vivo perteneciente a dicha generaci\u00f3n era D\u00e1maso Alonso). Fue en la primavera del a\u00f1o 1984. Y mi encuentro con \u00e9l trascurri\u00f3 en el Auditorio de Palma de Mallorca. \u00c9l y la soprano Elena (Helenita) Olivares ten\u00edan que actuar juntos esa tarde en un magno recital de poes\u00eda y canto (que fue un \u00e9xito inenarrable). Y creo que fue la \u00faltima vez que Rafael Alberti actu\u00f3 en Palma, pero vayamos a narrar qu\u00e9 fue lo que me motiv\u00f3 para que yo fuese a verlo, sin tener la m\u00e1s m\u00ednima esperanza de que \u00e9l me recibiera.<\/p>\n<p style=\"text-align: justify;\">\u00a0\u00a0\u00a0\u00a0\u00a0\u00a0\u00a0\u00a0\u00a0\u00a0\u00a0 Hac\u00eda ya unos d\u00edas que se ven\u00eda anunciando la actuaci\u00f3n del gran poeta en el Auditorio, pero en esos d\u00edas mi esposa ten\u00eda el turno de trabajo por la tarde, con lo que me ve\u00eda en la necesidad de quedarme al cuidado de mis dos hijos, lo que me imposibilitaba el poder ir a verlo actuar. Recuerdo que era un s\u00e1bado por la tarde. Yo me encontraba intranquilo pensando que no deb\u00eda perder la oportunidad \u00fanica de conocer personalmente a uno de los dos \u00faltimos miembros vivos de la Generaci\u00f3n del 27. Pero no sab\u00eda c\u00f3mo arreglar la situaci\u00f3n, realic\u00e9 diferentes llamadas a amigos, pero al ser s\u00e1bado, unos no estaban y otros no pod\u00edan quedarse con los ni\u00f1os; ya casi desesperado, llam\u00e9 a unos familiares pidi\u00e9ndoles que se quedaran con mi hijo menor una hora y estos aceptaron, lo que me permiti\u00f3 poder desplazarme al Auditorio con la esperanza de ver a Rafael. Conmigo llevaba unos cuantos libros de \u00e9l para que me los firmara.<\/p>\n<p style=\"text-align: justify;\">Para poder llegar m\u00e1s aprisa cog\u00ed un taxi, ya que en la zona en que est\u00e1 ubicado el Auditorio es muy dif\u00edcil aparcar y m\u00e1s en s\u00e1bado. El taxi me dej\u00f3 en la misma puerta del Auditorio. Pregunt\u00e9 al portero por Rafael, haci\u00e9ndome pasar por un colaborador de una revista. El portero me dijo que solamente faltaban tres cuartos de hora para empezar el espect\u00e1culo. Yo insist\u00ed y entonces me indic\u00f3 por d\u00f3nde ten\u00eda que ir para encontrar su camerino. Ni que decir tiene lo emocionado que iba \u2013no cog\u00eda en m\u00ed\u2013. Despu\u00e9s de subir por una escalera que no terminaba nunca y tras andar un largo pasillo, por fin llegu\u00e9 a la puerta en donde se encontraba una de las \u00faltimas celebridades vivientes de una \u00e9poca gloriosa de la creaci\u00f3n po\u00e9tica que ha trascendido a todo el mundo. Reconozco que desde entonces, y han pasado ya casi cien a\u00f1os, no ha vuelto a haber una nueva generaci\u00f3n de tanto ingenio como aquella Generaci\u00f3n del 27, uno de cuyos miembros fue Premio Nobel de Literatura. Su creatividad e ingenio ha envuelto a todos los poetas nacidos posteriormente de cuyo manantial creativo hemos bebido. Unos con m\u00e1s suerte que otros.<\/p>\n<p style=\"text-align: justify;\"><a href=\"http:\/\/granadacostanacional.es\/wp-content\/uploads\/2020\/08\/Rafael_Alberti.jpg\"><img decoding=\"async\" loading=\"lazy\" class=\"aligncenter size-large wp-image-24992\" src=\"http:\/\/granadacostanacional.es\/wp-content\/uploads\/2020\/08\/Rafael_Alberti-1024x768.jpg\" alt=\"Rafael_Alberti\" width=\"1024\" height=\"768\" \/><\/a><\/p>\n<p style=\"text-align: center;\"><em><strong>Rafael Alberti en 1977<\/strong><\/em><\/p>\n<p style=\"text-align: justify;\">Con mano temblorosa y el coraz\u00f3n palpitante, toqu\u00e9 en la puerta y o\u00ed la voz fuerte y bronca de Rafael, dici\u00e9ndome: \u00abAdelante\u00bb<em>. <\/em>Abr\u00ed la puerta y lo vi al fondo del camerino, frente a la puerta, sentado en un sof\u00e1; su mata de pelo blanco le ca\u00eda sobre los hombros, llevaba un pa\u00f1uelo anudado al cuello e iba vestido con una americana color azul y bajo de esta una camisa blanca. Delante de \u00e9l hab\u00eda una mesa de cristal y, sobre esta, una botella de g\u00fcisque Chiva y un vaso, ped\u00ed perd\u00f3n por mi intromisi\u00f3n, sin haberme apercibido de que se encontraba tras de m\u00ed Elena Olivares.<\/p>\n<p style=\"text-align: justify;\">\u2013Se\u00f1or Alberti, le ruego que me perdone usted por interrumpirle momentos antes de su intervenci\u00f3n. Pero le admiro mucho como poeta y no quer\u00eda perder esta oportunidad de conocerlo personalmente. Tambi\u00e9n para que me firme usted estos libros suyos.<\/p>\n<p style=\"text-align: justify;\">\u2013\u00bfC\u00f3mo te llamas?<\/p>\n<p style=\"text-align: justify;\">\u2013Marcelino.<\/p>\n<p style=\"text-align: justify;\">\u2013Si\u00e9ntate a mi lado.<\/p>\n<p style=\"text-align: justify;\">Me sent\u00e9 emocionado (creo que \u00e9l lo percib\u00eda). Me firm\u00f3 los cinco libros suyos que llevaba. Le dije que dirig\u00eda una revista literaria que se llama <em>Sa Roqueta<\/em> y le ped\u00ed que me permitiera en un pr\u00f3ximo n\u00famero publicar algunos poemas suyos y que me hiciera una dedicatoria para la revista. En un folio me dibuj\u00f3 una paloma con una dedicatoria (Rafael Alberti, 1984). Estuve hablando con \u00e9l unos 6 o 7 minutos, distendido, yo un poco m\u00e1s tranquilo. Me autoriz\u00f3 a que publicase algunos poemas suyos en la revista y me indic\u00f3 el libro de d\u00f3nde ten\u00eda que coger los poemas. Le di las gracias y le tend\u00ed la mano, que \u00e9l estrech\u00f3 con cordialidad, pero, al salir, me par\u00f3 la se\u00f1ora Elena Olivares, dici\u00e9ndome: \u00abQue sea la \u00faltima vez que interrumpe usted un ensayo\u00bb. Le ped\u00ed perd\u00f3n y le contest\u00e9: \u00abNo pod\u00eda perder la oportunidad de saludar personalmente a uno de los dos \u00faltimos miembros de la Generaci\u00f3n del 27. Le pido perd\u00f3n, se\u00f1ora, pero lo volver\u00eda a hacer\u00bb.<\/p>\n<p style=\"text-align: justify;\">Sal\u00ed del camerino lleno de alegr\u00eda y satisfacci\u00f3n, por haber podido estar durante unos minutos junto a uno de los grandes poetas de la gloriosa Generaci\u00f3n del 27. Conmigo llevaba cinco libros firmados por Alberti y un dibujo hecho por \u00e9l para publicar en la revista literaria <em>Sa Roqueta<\/em>. En la puerta del Auditorio empezaban a llegar las personas, que no quer\u00edan perderse tan importante actuaci\u00f3n.<\/p>\n<p style=\"text-align: justify;\">Hay que reconocer las vueltas que da la vida. Unos a\u00f1os m\u00e1s tarde estuve con unos amigos en la casa de la soprano Elena Olivares y su marido, el escultor italiano Aligi Sassu, en Cala San Vicente, perteneciente al municipio de Pollensa. En el porche de su espl\u00e9ndida casa y junto al jard\u00edn estuvimos varias horas tomando un aperitivo. Le pregunt\u00e9 a Elena si recordaba la rega\u00f1ina que me ech\u00f3 aquella tarde en el Auditorio de Palma, pero no se acordaba en ese momento, una hora m\u00e1s tarde s\u00ed lo record\u00f3. Me pregunt\u00f3 si la hab\u00eda perdonado. Por supuesto que s\u00ed y los dos nos re\u00edmos. Mis amigos y la hermana de Elena no sab\u00edan de qu\u00e9 iba la cosa. Ustedes se preguntar\u00e1n por qu\u00e9 estaba yo en casa de Elena, pues nada menos que para invitarla a cantar en la fiesta musical de Son Ripoll, en la que \u2013durante varios a\u00f1os\u2013 fui el coordinador, y el acto fue presentado por la poeta, escritora, rapsoda, dramaturga y actriz de cine y teatro Catalina Valls Aguil\u00f3 de Son Servera. Pero Elena no pudo aceptar ya que por aquellas fechas estaba en una gira por el extranjero. Cosas que pasan.<\/p>\n<p style=\"text-align: justify;\">\n<p style=\"text-align: justify;\">Pr\u00f3ximo comentario: Jos\u00e9 Hierro<\/p>\n<p>&nbsp;<\/p>\n<p style=\"text-align: right;\"><strong>Marcelino Arellano Alabarces<\/strong><\/p>\n<p style=\"text-align: right;\"><strong>Palma de Mallorca\u00a0 \u00a0\u00a0<\/strong><\/p>\n","protected":false},"excerpt":{"rendered":"<p>Recuerdo perfectamente y con total claridad el d\u00eda o, mejor dicho, la tarde en que personalmente conoc\u00ed a uno de&hellip;<\/p>\n","protected":false},"author":3,"featured_media":11995,"comment_status":"open","ping_status":"open","sticky":false,"template":"","format":"standard","meta":{"om_disable_all_campaigns":false,"_mi_skip_tracking":false,"_monsterinsights_sitenote_active":false,"_monsterinsights_sitenote_note":"","_monsterinsights_sitenote_category":0,"footnotes":""},"categories":[21],"tags":[],"aioseo_notices":[],"_links":{"self":[{"href":"https:\/\/granadacostaglobal.es\/index.php?rest_route=\/wp\/v2\/posts\/24991"}],"collection":[{"href":"https:\/\/granadacostaglobal.es\/index.php?rest_route=\/wp\/v2\/posts"}],"about":[{"href":"https:\/\/granadacostaglobal.es\/index.php?rest_route=\/wp\/v2\/types\/post"}],"author":[{"embeddable":true,"href":"https:\/\/granadacostaglobal.es\/index.php?rest_route=\/wp\/v2\/users\/3"}],"replies":[{"embeddable":true,"href":"https:\/\/granadacostaglobal.es\/index.php?rest_route=%2Fwp%2Fv2%2Fcomments&post=24991"}],"version-history":[{"count":0,"href":"https:\/\/granadacostaglobal.es\/index.php?rest_route=\/wp\/v2\/posts\/24991\/revisions"}],"wp:featuredmedia":[{"embeddable":true,"href":"https:\/\/granadacostaglobal.es\/index.php?rest_route=\/"}],"wp:attachment":[{"href":"https:\/\/granadacostaglobal.es\/index.php?rest_route=%2Fwp%2Fv2%2Fmedia&parent=24991"}],"wp:term":[{"taxonomy":"category","embeddable":true,"href":"https:\/\/granadacostaglobal.es\/index.php?rest_route=%2Fwp%2Fv2%2Fcategories&post=24991"},{"taxonomy":"post_tag","embeddable":true,"href":"https:\/\/granadacostaglobal.es\/index.php?rest_route=%2Fwp%2Fv2%2Ftags&post=24991"}],"curies":[{"name":"wp","href":"https:\/\/api.w.org\/{rel}","templated":true}]}}