{"id":24961,"date":"2020-08-03T12:06:34","date_gmt":"2020-08-03T12:06:34","guid":{"rendered":"http:\/\/granadacostanacional.es\/?p=24961"},"modified":"2020-08-03T12:06:34","modified_gmt":"2020-08-03T12:06:34","slug":"plastas-y-grunones-a-toda-costa","status":"publish","type":"post","link":"https:\/\/granadacostaglobal.es\/?p=24961","title":{"rendered":"\u201cPlastas\u201d y \u201cGru\u00f1ones\u201d \u2013 A Toda Costa"},"content":{"rendered":"<h2 style=\"text-align: justify;\"><strong>Estos espec\u00edmenes piensan que todo es una conspiraci\u00f3n contra ellos<\/strong><\/h2>\n<p style=\"text-align: justify;\">Con el calor del verano, florecen espont\u00e1neos estos ejemplares humanos, \u2013 <em>lo de humanos no es vinculante-<\/em> que se irritan por todo y su violencia aumenta de manera considerable.<\/p>\n<p style=\"text-align: justify;\">Soci\u00f3logos y psic\u00f3logos han intentado establecer alg\u00fan paralelo entre el aumento de su agresividad y la temperatura clim\u00e1tica, sin que existan resultados emp\u00edricos.<\/p>\n<p style=\"text-align: justify;\">Es un craso error pensar que el \u201cgru\u00f1\u00f3n\u201d o el \u201cplasta\u201d es siempre el que conduce una furgoneta o un taxi. Hay muchos que pueden ser altos ejecutivos, encargados de una f\u00e1brica, o ese se\u00f1or an\u00f3nimo de aparente compostura que\u00a0 sudoroso explota ante cualquier nimiedad.<\/p>\n<p style=\"text-align: justify;\"><a href=\"http:\/\/granadacostanacional.es\/wp-content\/uploads\/2020\/08\/cabeza-cuadrada.jpg\"><img decoding=\"async\" loading=\"lazy\" class=\"aligncenter size-large wp-image-24962\" src=\"http:\/\/granadacostanacional.es\/wp-content\/uploads\/2020\/08\/cabeza-cuadrada-979x1024.jpg\" alt=\"cabeza cuadrada\" width=\"979\" height=\"1024\" \/><\/a><\/p>\n<p style=\"text-align: justify;\">Naturalmente, ambos\u00a0 no admiten que lo sean, y est\u00e1n s\u00faper convencidos de su raz\u00f3n, es m\u00e1s piensan que todo es fruto de una conspiraci\u00f3n universal contra ellos, que comienza en las ant\u00edpodas y concluye en la puerta de su casa, con el s\u00f3lo objetivo de provocarlos.<\/p>\n<p style=\"text-align: justify;\">Su mejor filosof\u00eda es no tener ninguna, y su creencia m\u00e1s firme, no creer en nada. \u00a1Vivir!, \u00a1Vivir!; he aqu\u00ed su doctrina.<\/p>\n<p style=\"text-align: justify;\">De cualquier forma esta irritable personalidad incontrolada, la podemos tener en ocasiones\u00a0 en el interior de nosotros mismos, y es aqu\u00ed donde en realidad existe el mayor peligro.<\/p>\n<p style=\"text-align: justify;\">El calor, al parecer, nos llena de razones, y como dijo Descartes, <em>\u201cNo hay nada repartido m\u00e1s equitativamente en el mundo que la raz\u00f3n: todos estamos convencidos de tener suficiente\u201d.<\/em><\/p>\n<p style=\"text-align: justify;\">Este pensamiento es una de las bases que anticipar\u00eda un progreso de mejora, siempre y cuando los seres humanos fu\u00e9ramos capaces de dejarnos conducir por la cordura.<\/p>\n<p style=\"text-align: justify;\">\u00a1Cuidado amigos con el bochorno estival!<\/p>\n<p style=\"text-align: right;\"><strong>Francisco Ponce Carrasco<\/strong><\/p>\n","protected":false},"excerpt":{"rendered":"<p>Estos espec\u00edmenes piensan que todo es una conspiraci\u00f3n contra ellos Con el calor del verano, florecen espont\u00e1neos estos ejemplares humanos,&hellip;<\/p>\n","protected":false},"author":3,"featured_media":24452,"comment_status":"open","ping_status":"open","sticky":false,"template":"","format":"standard","meta":{"om_disable_all_campaigns":false,"_mi_skip_tracking":false,"_monsterinsights_sitenote_active":false,"_monsterinsights_sitenote_note":"","_monsterinsights_sitenote_category":0,"footnotes":""},"categories":[21,22],"tags":[],"aioseo_notices":[],"_links":{"self":[{"href":"https:\/\/granadacostaglobal.es\/index.php?rest_route=\/wp\/v2\/posts\/24961"}],"collection":[{"href":"https:\/\/granadacostaglobal.es\/index.php?rest_route=\/wp\/v2\/posts"}],"about":[{"href":"https:\/\/granadacostaglobal.es\/index.php?rest_route=\/wp\/v2\/types\/post"}],"author":[{"embeddable":true,"href":"https:\/\/granadacostaglobal.es\/index.php?rest_route=\/wp\/v2\/users\/3"}],"replies":[{"embeddable":true,"href":"https:\/\/granadacostaglobal.es\/index.php?rest_route=%2Fwp%2Fv2%2Fcomments&post=24961"}],"version-history":[{"count":0,"href":"https:\/\/granadacostaglobal.es\/index.php?rest_route=\/wp\/v2\/posts\/24961\/revisions"}],"wp:featuredmedia":[{"embeddable":true,"href":"https:\/\/granadacostaglobal.es\/index.php?rest_route=\/"}],"wp:attachment":[{"href":"https:\/\/granadacostaglobal.es\/index.php?rest_route=%2Fwp%2Fv2%2Fmedia&parent=24961"}],"wp:term":[{"taxonomy":"category","embeddable":true,"href":"https:\/\/granadacostaglobal.es\/index.php?rest_route=%2Fwp%2Fv2%2Fcategories&post=24961"},{"taxonomy":"post_tag","embeddable":true,"href":"https:\/\/granadacostaglobal.es\/index.php?rest_route=%2Fwp%2Fv2%2Ftags&post=24961"}],"curies":[{"name":"wp","href":"https:\/\/api.w.org\/{rel}","templated":true}]}}