{"id":24885,"date":"2020-07-23T14:12:42","date_gmt":"2020-07-23T14:12:42","guid":{"rendered":"http:\/\/granadacostanacional.es\/?p=24885"},"modified":"2020-07-23T14:12:42","modified_gmt":"2020-07-23T14:12:42","slug":"para-mi-hija-desde-este-hermoso-cielo","status":"publish","type":"post","link":"https:\/\/granadacostaglobal.es\/?p=24885","title":{"rendered":"Para mi hija desde este hermoso cielo"},"content":{"rendered":"<p style=\"text-align: justify;\">Le hablo al viento de este hermoso cielo, le hablo a las gotas de lluvia, a un rayo de sol, a una fresca sombra, a una fotograf\u00eda. Le hablo a tus l\u00e1grimas y a tu t\u00edmida sonrisa, al recordar la m\u00eda. Le hablo a tus sue\u00f1os, a los olores de mi recuerdo y a las cosas que eran m\u00edas. Le hablo a un suave susurro cuando crees o\u00edr mi voz. Les digo que te hagan llegar este mensaje, sellado dentro de una botella en el oc\u00e9ano del tiempo, que ojal\u00e1 llegue a tu orilla.<\/p>\n<p style=\"text-align: justify;\">Gracias\u2026 Gracias por cuidarme hasta el final, gracias por darme la valent\u00eda para luchar contra mi mal, gracias por tus l\u00e1grimas, por tus \u00faltimos besos y abrazos. Gracias por escucharme y por hablarme cuando yo ya no pod\u00eda, gracias por darme de comer como yo te di a ti, gracias por sostener mi cuerpo cuando las fuerzas huyeron, gracias por limpiar mi piel, gracias por acariciar mis manos y desenredar mi pelo, gracias por dormir conmigo, gracias por estar a mi lado.<\/p>\n<p style=\"text-align: justify;\">Siento mucho el sufrimiento de tu duelo, siento tu dolor, es el mismo que yo sent\u00ed al irme. Aquella noche, tras mi \u00faltimo suspiro, la suave mano de un \u00e1ngel cogi\u00f3 la m\u00eda, me alz\u00f3 de mi tibio cuerpo y me llev\u00f3 entre sus fuertes brazos. Mir\u00e9 hacia atr\u00e1s y no pude retener la pena, tus lamentos desgarraban mi alma. Sent\u00ed la pena que tus l\u00e1grimas arrastraban, sent\u00ed la ansiedad que te ahogaba mientras apretabas mi mano vencida y besabas mi piel vac\u00eda. No sabes cu\u00e1nto hubiese deseado abrazarte en ese momento, haber consolado tu dolor entre mis brazos como siempre hice. Tan solo me consol\u00f3 saber que no estabas sola. Que los brazos de los nuestros te abrazaban como yo lo hubiese hecho.<\/p>\n<p style=\"text-align: justify;\"><a href=\"http:\/\/granadacostanacional.es\/wp-content\/uploads\/2020\/07\/IMG_20200320_024540_576.jpg\"><img decoding=\"async\" loading=\"lazy\" class=\"aligncenter size-large wp-image-24886\" src=\"http:\/\/granadacostanacional.es\/wp-content\/uploads\/2020\/07\/IMG_20200320_024540_576-1024x728.jpg\" alt=\"IMG_20200320_024540_576\" width=\"1024\" height=\"728\" \/><\/a><\/p>\n<p style=\"text-align: justify;\">Al mismo tiempo sent\u00ed pena al recordar todo lo que hab\u00eda sufrido aquel cuerpo, mi cuerpo que ahora se enfriaba. Aunque tambi\u00e9n record\u00e9 todo lo feliz que me hab\u00eda hecho sentir en muchos momentos de mi vida. Vi la verdadera fragilidad. Entonces mir\u00e9 a los ojos de aquel \u00e1ngel y le dije\u2026 vine al mundo sin nada, pero me voy con algo, mira, esa es mi hija. No quer\u00eda marcharme as\u00ed, pero debes estar tranquila, me fui en un hermoso sue\u00f1o en el que t\u00fa y yo re\u00edamos y me contabas miles de cosas y me cog\u00edas de la mano hasta quedar dormidas. Debes estar tranquila porque en aquellos ojos alados vi la paz, el fin del dolor, la respuesta a cualquier pregunta, por primera vez en mi vida el sosiego acarici\u00f3 mis sienes hasta mitigar todo dolor, el fin y el principio juntos. Desapareci\u00f3 cualquier rencor, perdon\u00e9 al mundo y el mundo me perdon\u00f3. Sent\u00ed que todo estaba bien.<\/p>\n<p style=\"text-align: justify;\">No lamentes lo que crees no haberme dicho, me lo dijiste todo y de muchas maneras. Me dijiste lo que yo ya sab\u00eda, me quieres tanto como yo a ti. No te reproches nada, me diste todo lo que necesit\u00e9, tu amor, tu caricia, tu piel junto a la m\u00eda. No te atormentes por lo que crees que deb\u00edas haber hecho, cada momento que viv\u00ed a tu lado, por trivial que te pareciese, cont\u00f3 para m\u00ed. Hasta aquellos que no fueron tan buenos, porque al volver a abrazarnos te quise a\u00fan m\u00e1s. Aunque ahora creas que no podr\u00e1s vivir sin m\u00ed, tengo que decirte que eso no ser\u00e1 necesario, porque siempre voy a vivir contigo, dentro de ti. Tu coraz\u00f3n seguir\u00e1 bombeando mi propia sangre, por tus venas seguir\u00e1 corriendo como el tiempo, inalterable. Sin embargo, s\u00ed, deber\u00e1s enfrentarte al mundo de otro modo porque la vida no se detendr\u00e1 jam\u00e1s. Mi sangre junto a la tuya, tendr\u00e1n que seguir en otros corazones, bombeando ilusiones y sue\u00f1os. Te regalo mi vida, mis experiencias, mis errores, mis alegr\u00edas, util\u00edzalas para crear las tuyas. La vida a m\u00ed me regal\u00f3 una hija. Mi regalo siempre fuiste t\u00fa.<\/p>\n<p style=\"text-align: justify;\">Que nadie te diga qui\u00e9n eres, que debes sentir o que puedes o no hacer. Vive con la libertad que no siempre pude tener yo. \u00c1mate y me estar\u00e1s amando. Sue\u00f1a todo lo que quieras y haz realidad todo lo que puedas. Desde este hermoso cielo te cuidar\u00e9 y te amar\u00e9. Y en esos momentos en los que mi ausencia se haga dolorosa, mi mensaje estar\u00e1 en todo lo que te rodea, siempre a tu lado. Cada vez que algo te recuerde a m\u00ed, sentir\u00e1s mi abrazo. Te quiero hija, mi lindo bien.<\/p>\n<p style=\"text-align: justify;\">\n<p style=\"text-align: right;\"><strong>Manuel Salcedo Galvez<\/strong><\/p>\n","protected":false},"excerpt":{"rendered":"<p>Le hablo al viento de este hermoso cielo, le hablo a las gotas de lluvia, a un rayo de sol,&hellip;<\/p>\n","protected":false},"author":3,"featured_media":16094,"comment_status":"open","ping_status":"open","sticky":false,"template":"","format":"standard","meta":{"om_disable_all_campaigns":false,"_mi_skip_tracking":false,"_monsterinsights_sitenote_active":false,"_monsterinsights_sitenote_note":"","_monsterinsights_sitenote_category":0,"footnotes":""},"categories":[21],"tags":[],"aioseo_notices":[],"_links":{"self":[{"href":"https:\/\/granadacostaglobal.es\/index.php?rest_route=\/wp\/v2\/posts\/24885"}],"collection":[{"href":"https:\/\/granadacostaglobal.es\/index.php?rest_route=\/wp\/v2\/posts"}],"about":[{"href":"https:\/\/granadacostaglobal.es\/index.php?rest_route=\/wp\/v2\/types\/post"}],"author":[{"embeddable":true,"href":"https:\/\/granadacostaglobal.es\/index.php?rest_route=\/wp\/v2\/users\/3"}],"replies":[{"embeddable":true,"href":"https:\/\/granadacostaglobal.es\/index.php?rest_route=%2Fwp%2Fv2%2Fcomments&post=24885"}],"version-history":[{"count":0,"href":"https:\/\/granadacostaglobal.es\/index.php?rest_route=\/wp\/v2\/posts\/24885\/revisions"}],"wp:featuredmedia":[{"embeddable":true,"href":"https:\/\/granadacostaglobal.es\/index.php?rest_route=\/"}],"wp:attachment":[{"href":"https:\/\/granadacostaglobal.es\/index.php?rest_route=%2Fwp%2Fv2%2Fmedia&parent=24885"}],"wp:term":[{"taxonomy":"category","embeddable":true,"href":"https:\/\/granadacostaglobal.es\/index.php?rest_route=%2Fwp%2Fv2%2Fcategories&post=24885"},{"taxonomy":"post_tag","embeddable":true,"href":"https:\/\/granadacostaglobal.es\/index.php?rest_route=%2Fwp%2Fv2%2Ftags&post=24885"}],"curies":[{"name":"wp","href":"https:\/\/api.w.org\/{rel}","templated":true}]}}