{"id":24875,"date":"2020-07-19T11:01:23","date_gmt":"2020-07-19T11:01:23","guid":{"rendered":"http:\/\/granadacostanacional.es\/?p=24875"},"modified":"2020-07-19T11:01:23","modified_gmt":"2020-07-19T11:01:23","slug":"hablando-con-terechu-gomez-reino-sobre-la-obra-de-teatro-a-ti-yolanda","status":"publish","type":"post","link":"https:\/\/granadacostaglobal.es\/?p=24875","title":{"rendered":"Hablando con\u2026 Terechu G\u00f3mez-Reino sobre la obra de teatro A ti, Yolanda"},"content":{"rendered":"<p style=\"text-align: justify;\"><em>A ti, Yolanda<\/em> es una novela escrita por la Directora de la Academia de las Ciencias, Bellas Artes y Buenas Letras Granada Costa, <strong>To\u00f1y Castillo Mel\u00e9ndez<\/strong>, cuya segunda edici\u00f3n corri\u00f3 a cargo de la Editorial Granada Club Selecci\u00f3n en el a\u00f1o 2015. Se trata de un viaje donde las emociones se entremezclan, creando un paisaje de situaciones cotidiana enmarcadas por la grandeza de amar.<\/p>\n<p style=\"text-align: justify;\">A ti, Yolanda, acerca al lector a una historia sobre el amor y sus tiempos. En ella, seres que luchan, hieren, aman, te adentran por los recodos pasionales de una mujer entre dos hombres.<\/p>\n<p style=\"text-align: justify;\">La obra, realizada durante 10 a\u00f1os por su autora, simboliza el crecimiento y la madurez de personajes o personas que sienten la vida hecha a trozos de sentimientos. \u00a0A ti, Yolanda, no es una novela de amor, es una novela sobre el amor, es un lugar donde el enamoramiento, el querer y el amar sobrepasan las l\u00edneas escritas. Una novela que va m\u00e1s all\u00e1 de la ficci\u00f3n capaz de embaucar al lector hacia un final insospechado.<\/p>\n<p style=\"text-align: justify;\"><strong>Mar\u00eda Teresa G\u00f3mez-Reino, Terechu<\/strong> para los amigos, consigui\u00f3 una copia de esta segunda edici\u00f3n que fue un \u00e9xito de cr\u00edtica y ventas, y desde que lo ley\u00f3, dese\u00f3 hacer una interpretaci\u00f3n teatral de esta sentimental obra. Terechu es una mujer activa y apasionada por la cultura. Como ella misma cuenta en su libro homenaje, editado en el a\u00f1o 2018 por la Editorial Granada Club Selecci\u00f3n, fue en 1972, ya casada y paseando con su hija, cuando vio el cartel de escuela de baile de Rosita Segovia y se apunt\u00f3 inmediatamente. De esta gran bailarina aprendi\u00f3 no solo el baile, sino tambi\u00e9n la filosof\u00eda de amor por la cultura y el ensayo. Es para ella un referente junto a su madre, de la que aprendi\u00f3 la importancia de una familia unida.<\/p>\n<p style=\"text-align: justify;\">Debemos destacar que Terechu no solo es la actriz principal en <em>A ti, Yolanda<\/em>, sino que tambi\u00e9n ha desempe\u00f1ado el cargo de productora ejecutiva, siendo la encargada de levantar desde los cimientos esta obra teatral e incluso ha tenido que hacer frente a los problemas que ha supuesto el Covid-19.<\/p>\n<p style=\"text-align: justify;\"><strong>\u00a0P: <\/strong>Mar\u00eda Teresa, t\u00fa vas a ser la protagonista de una obra de teatro que est\u00e1is organizando en base a la novela de To\u00f1y Castillo, <em>A ti Yolanda<\/em>. Ten\u00edais previsto estrenar esta obra en un plazo breve de tiempo, pero por causa del Coronavirus se han retrasado las representaciones. Mientras tanto, \u00bfpuedes hablarnos de tu papel en la obra?<\/p>\n<p style=\"text-align: justify;\">R: En primer lugar, me gustar\u00eda recalcar que la novela en la que nos basamos la podr\u00edamos considerar larga para el teatro, de incluso cinco tiempos. Por ello, <strong>Manuela Lorente<\/strong> ha hecho una adaptaci\u00f3n estupenda, para poder representar todo el libro en hora y media. Por mi parte, yo hago de Yolanda de joven y tambi\u00e9n m\u00e1s madura, para as\u00ed evitar m\u00e1s retrasos. Hab\u00eda varias candidatas para Yolanda joven, pero ni a Manuela ni a m\u00ed nos convenci\u00f3 ninguna.<\/p>\n<p style=\"text-align: justify;\">El estreno, efectivamente, era el 22 de abril en la sala Luz de Gas de Barcelona, hay montones de entradas vendidas. La sala la conseguimos gracias a<strong> Josep Sard\u00e1<\/strong>.<\/p>\n<p style=\"text-align: justify;\"><strong>\u00a0P: <\/strong>Podr\u00edamos decir que ya eres una actriz experimentada.<\/p>\n<p style=\"text-align: justify;\">R: Esta es la primera ocasi\u00f3n en la que podr\u00eda decirse que soy actriz profesional, ya que va a ser un trabajo remunerado. Sin embargo, llevo ya much\u00edsimos a\u00f1os haciendo representaciones ben\u00e9ficas, y f\u00e1cilmente llevo a las espaldas m\u00e1s de cuarenta obras. Por otro lado, he grabado dos cortos, aunque lo que m\u00e1s me gusta es el directo.<\/p>\n<p style=\"text-align: justify;\"><a href=\"http:\/\/granadacostanacional.es\/wp-content\/uploads\/2020\/07\/6b6566d6-92ae-49ad-ab21-9dc9c30a823b.jpg\"><img decoding=\"async\" loading=\"lazy\" class=\"aligncenter size-large wp-image-24878\" src=\"http:\/\/granadacostanacional.es\/wp-content\/uploads\/2020\/07\/6b6566d6-92ae-49ad-ab21-9dc9c30a823b-827x1024.jpg\" alt=\"6b6566d6-92ae-49ad-ab21-9dc9c30a823b\" width=\"827\" height=\"1024\" \/><\/a><\/p>\n<p style=\"text-align: justify;\"><strong>\u00a0P: <\/strong>\u00bfQu\u00e9 nos puedes contar de la obra?<\/p>\n<p style=\"text-align: justify;\">R: Es una obra que trata sobre una mujer luchadora, que se enfrenta a todo lo que le echa la vida encima, por eso creemos que va a gustar mucho. Yolanda es tambi\u00e9n una mujer enamorada, que siento pasi\u00f3n por el mar, por el verde y por la monta\u00f1a. En la obra representamos todos los papeles entre tres personas que conocemos muy bien la obra y que nos encanta.<\/p>\n<p style=\"text-align: justify;\">Hay mucha expectaci\u00f3n por ver el resultado final de los ensayos y todos los preparativos, y los miembros de las Asociaciones a las que pertenezco est\u00e1n muy ilusionados. Ellos ya me han visto actuar, pero no de esta manera. Aqu\u00ed me ver\u00e1n transformarme en una chica de 16 a\u00f1os y tras una vida llena de aventuras pasar a ser la propietaria de una f\u00e1brica.<\/p>\n<p style=\"text-align: justify;\"><strong>\u00a0P: <\/strong>\u00bfD\u00f3nde transcurre la obra?<\/p>\n<p style=\"text-align: justify;\">R: La obra transcurre en dicha f\u00e1brica, en la que Yolanda trabaja como secretaria usando una m\u00e1quina de escribir. All\u00ed encontrar\u00edamos a Eduardo, el \u201cgal\u00e1n\u201d y due\u00f1o de la f\u00e1brica. Sin embargo, a este personaje no se le ve, aunque converso mucho con \u00e9l. En cuanto a Tom\u00e1s, el vigilante de la f\u00e1brica, lleva toda la vida enamorado de Yolanda, aunque esta no se entera o hace ver que no se entera.<\/p>\n<p style=\"text-align: justify;\">En torno a la m\u00e1quina de escribir gira mucho del misterio, ya que es un componente evocador, pr\u00e1cticamente on\u00edrico. Yolanda interact\u00faa con \u00e9l en el plano f\u00edsico, pero para el espectador se trata de mucho m\u00e1s. El vestuario se compone de estos verdes y azules de los que ya hablaba.<\/p>\n<p style=\"text-align: justify;\"><strong>\u00a0P: <\/strong>\u00bfLa obra tiene alg\u00fan componente musical?<\/p>\n<p style=\"text-align: justify;\">R: Por supuesto, es una parte fundamental de la obra, ya que a Yolanda le encanta bailar. Tenemos a una soprano que es mi hija y a un pianista buen\u00edsimo, Ferr\u00e1n Alves. Esto, junto al vestuario y el olor a salitre que se supone ten\u00eda la f\u00e1brica, pretendemos que sumerjan de lleno al espectador dentro de la obra.<\/p>\n<p style=\"text-align: justify;\"><strong>\u00a0P: <\/strong>Antes nos hablabas de tu participaci\u00f3n en varios cortos.<\/p>\n<p style=\"text-align: justify;\">R: S\u00ed, protagonic\u00e9 dos cortos. Uno de ellos trataba de una mujer maltratada, este corto era en un primer momento mudo, pero a trav\u00e9s de varios reconocimientos nos decidimos a hacerlo hablado. Me vest\u00eda de una forma muy esperp\u00e9ntica y me rondaban constantemente todas las cosas que me dec\u00eda mi marido\u2026 Fue una experiencia enriquecedora, pero a m\u00ed donde me gusta estar es en el teatro, es donde est\u00e1 la vida.<\/p>\n<p style=\"text-align: justify;\"><strong>\u00a0P: <\/strong>\u00bfNos puedes contar algo de tus or\u00edgenes o de tus maestros en el teatro?<\/p>\n<p style=\"text-align: justify;\">R: Mi maestra principal es Rosita Segovia. A ella le debo infinidad de cosas, sobre todo saber meterme de lleno en el papel. Tambi\u00e9n me ha inculcado valores; por ejemplo, dec\u00eda que alguien que practica cuatro horas al d\u00eda, no puede decirse que es \u201camateur\u201d, porque se est\u00e1 dejando la vida en el teatro. O, por ejemplo, el seguir siempre hacia delante, bailando, hablando, cantando, lo que haga falta, pero nunca detener la funci\u00f3n.<\/p>\n<p style=\"text-align: justify;\"><a href=\"http:\/\/granadacostanacional.es\/wp-content\/uploads\/2020\/07\/d544a17f-1cce-4b3a-b50e-edc9e3818501.jpg\"><img decoding=\"async\" loading=\"lazy\" class=\"aligncenter size-large wp-image-24879\" src=\"http:\/\/granadacostanacional.es\/wp-content\/uploads\/2020\/07\/d544a17f-1cce-4b3a-b50e-edc9e3818501-831x1024.jpg\" alt=\"d544a17f-1cce-4b3a-b50e-edc9e3818501\" width=\"831\" height=\"1024\" \/><\/a><\/p>\n<p style=\"text-align: justify;\"><strong>\u00a0P: <\/strong>Pasando al tema econ\u00f3mico\u2026 \u00bfQu\u00e9 coste tendr\u00eda para la Administraci\u00f3n o una entidad privada contrataros para vuestra funci\u00f3n?<\/p>\n<p style=\"text-align: justify;\">R: Pues no es muy caro. Nuestro alojamiento para tres noches, y as\u00ed poder ensayar, el transporte, que vayamos pagadas y no a taquilla&#8230; Estamos abiertos para cualquier contrataci\u00f3n por toda la geograf\u00eda espa\u00f1ola y de hecho ya hay asociaciones interesadas y Ayuntamientos, como por ejemplo el de Granada, ya que vino su programador de eventos para vernos ensayar y le interes\u00f3 mucho nuestro trabajo.<\/p>\n<p style=\"text-align: justify;\"><strong>\u00a0P: <\/strong>Teresa, en tu funci\u00f3n como productora ejecutiva te has tenido que encargar de buscar la financiaci\u00f3n, la sala, los actores, guionista, m\u00fasicos\u2026 \u00bfQu\u00e9 nos puedes contar de esta experiencia?<\/p>\n<p style=\"text-align: justify;\">R: De esta labor lo que m\u00e1s destacar\u00eda son precisamente los \u00faltimos tiempos, en que ya lo ten\u00edamos todos bastante bien atado y hemos tenido que hacer muchas renegociaciones, muchas conversaciones con los actores, con las salas, con Ayuntamientos que ya nos ten\u00edan contratados\u2026 Ah\u00ed s\u00ed que me he tenido que esforzar al m\u00e1ximo.<\/p>\n<p style=\"text-align: justify;\">Tambi\u00e9n est\u00e1, por ejemplo, la elecci\u00f3n del vestuario, aunque para esto he contado con la colaboraci\u00f3n de la marca <strong>Verde Esmeralda<\/strong>, propiedad de B\u00e1rbara Trias de Bes. Esta firma nos proporciona todo el verde que vamos a necesitar y en general, buena parte del vestuario, como los guantes, el bolso\u2026<\/p>\n<p style=\"text-align: justify;\"><strong>\u00a0P: <\/strong>Ahora que conocemos la obra y la actriz, \u00bfcrees que nos dejamos algo en el tintero?<\/p>\n<p style=\"text-align: justify;\">R: Me gustar\u00eda transmitir bastante ilusi\u00f3n. Esta es una oportunidad de que las mujeres que ya tienen una edad comprueben que a\u00fan nos queda mucho potencial y mucho por dar a los dem\u00e1s. Cuento con todas estas mujeres y el resto de personas para que nos visiten en nuestras representaciones por la geograf\u00eda espa\u00f1ola.<\/p>\n<p style=\"text-align: justify;\">\n<p style=\"text-align: right;\"><strong>Carlos \u00c1lvaro Segura Venegas<\/strong><\/p>\n","protected":false},"excerpt":{"rendered":"<p>A ti, Yolanda es una novela escrita por la Directora de la Academia de las Ciencias, Bellas Artes y Buenas&hellip;<\/p>\n","protected":false},"author":3,"featured_media":24876,"comment_status":"open","ping_status":"open","sticky":false,"template":"","format":"standard","meta":{"om_disable_all_campaigns":false,"_mi_skip_tracking":false,"_monsterinsights_sitenote_active":false,"_monsterinsights_sitenote_note":"","_monsterinsights_sitenote_category":0,"footnotes":""},"categories":[19],"tags":[],"aioseo_notices":[],"_links":{"self":[{"href":"https:\/\/granadacostaglobal.es\/index.php?rest_route=\/wp\/v2\/posts\/24875"}],"collection":[{"href":"https:\/\/granadacostaglobal.es\/index.php?rest_route=\/wp\/v2\/posts"}],"about":[{"href":"https:\/\/granadacostaglobal.es\/index.php?rest_route=\/wp\/v2\/types\/post"}],"author":[{"embeddable":true,"href":"https:\/\/granadacostaglobal.es\/index.php?rest_route=\/wp\/v2\/users\/3"}],"replies":[{"embeddable":true,"href":"https:\/\/granadacostaglobal.es\/index.php?rest_route=%2Fwp%2Fv2%2Fcomments&post=24875"}],"version-history":[{"count":0,"href":"https:\/\/granadacostaglobal.es\/index.php?rest_route=\/wp\/v2\/posts\/24875\/revisions"}],"wp:featuredmedia":[{"embeddable":true,"href":"https:\/\/granadacostaglobal.es\/index.php?rest_route=\/"}],"wp:attachment":[{"href":"https:\/\/granadacostaglobal.es\/index.php?rest_route=%2Fwp%2Fv2%2Fmedia&parent=24875"}],"wp:term":[{"taxonomy":"category","embeddable":true,"href":"https:\/\/granadacostaglobal.es\/index.php?rest_route=%2Fwp%2Fv2%2Fcategories&post=24875"},{"taxonomy":"post_tag","embeddable":true,"href":"https:\/\/granadacostaglobal.es\/index.php?rest_route=%2Fwp%2Fv2%2Ftags&post=24875"}],"curies":[{"name":"wp","href":"https:\/\/api.w.org\/{rel}","templated":true}]}}