{"id":24872,"date":"2020-07-19T08:32:59","date_gmt":"2020-07-19T08:32:59","guid":{"rendered":"http:\/\/granadacostanacional.es\/?p=24872"},"modified":"2020-07-19T08:32:59","modified_gmt":"2020-07-19T08:32:59","slug":"empatia","status":"publish","type":"post","link":"https:\/\/granadacostaglobal.es\/?p=24872","title":{"rendered":"EMPAT\u00cdA"},"content":{"rendered":"<p style=\"text-align: justify;\">Los escasos cien metros que me separan del patio donde ser\u00e9 fusilado, se me est\u00e1n haciendo eternos, las piernas apenas me soportan, las fl\u00e1cidas articulaciones, hu\u00e9rfanas de musculatura que las sostengan me abocan a tropiezos y ca\u00eddas a cada paso, que puedo salvar usando como b\u00e1culo a mi carcelero; el cansino capell\u00e1n no descansa queri\u00e9ndome reconciliar con quien permiti\u00f3 que me viera en este embrollo para despu\u00e9s dejarme abandonado.<\/p>\n<p style=\"text-align: justify;\">Algo en el interior de mi cerebro palpita alocadamente oprimi\u00e9ndolo contra los clavos que recubren el interior de mi cr\u00e1neo. El dolor me impide abrir los ojos heridos a\u00fan por la menesterosa iluminaci\u00f3n del corredor.<\/p>\n<p style=\"text-align: justify;\">Ante m\u00ed, encabezando la macabra comitiva, el oficial que rige los destinos del presidio, ufano carro\u00f1ero, se muestra complacido de llevarme hasta su ara de los sacrificios.<\/p>\n<p style=\"text-align: justify;\">No es la muerte lo que me preocupa, la espero desde que la anunci\u00f3 el portavoz de la corte militar. Si la ejecuci\u00f3n hubiera sido tan apremiante como sumario el proceso har\u00eda tiempo que estar\u00eda muerto y olvidadas mis preocupaciones.<\/p>\n<p style=\"text-align: justify;\">Pero el tribunal decidi\u00f3 que deb\u00eda ser ejecutado por miembros de la compa\u00f1\u00eda que mand\u00e9 y hubo que buscarlos por los regimientos en que los dispersaron.<\/p>\n<p style=\"text-align: justify;\">Hab\u00eda tenido tiempo de despedirme de mis recuerdos, de conciliarme con mi memoria, aunque la verdad es que no quise hurgar demasiado en ella, pues al desconcierto que la presidia desde que perd\u00ed media compa\u00f1\u00eda en una acci\u00f3n, que nadie admiti\u00f3 haberme ordenado, se le un\u00edan todas las versiones vertidas en aquella patochada sumar\u00edsima.<\/p>\n<p style=\"text-align: justify;\">No creo ser responsable de lo que me achacan, pero necesito sentirme culpable para que mi muerte no sea en vano. Hasta ah\u00ed llega mi sentido de obediencia y lealtad.<\/p>\n<p style=\"text-align: justify;\">Cuando quise evocar a quienes me a\u00f1orar\u00edan, tuve que liberalizar ampliamente el concepto para hallar nombres con los que llenar los dedos de una mano, siempre y cuando desconocieran el motivo de mi condena.<\/p>\n<p style=\"text-align: justify;\">Discrepo de ese lugar com\u00fan que dice que toda la vida desfila ante nuestros ojos en v\u00edsperas de la muerte, no, no es la vida lo que ves, es su parte frustrante: errores, omisiones, lo que pudo haber sido y no fue.<\/p>\n<p style=\"text-align: justify;\">O acaso, tambi\u00e9n en eso soy un bicho raro.<\/p>\n<p style=\"text-align: justify;\">No he sido capaz de controlar mis esf\u00ednteres. Bonita imagen para una fecha tan se\u00f1alada.<\/p>\n<p style=\"text-align: justify;\">No es miedo a la muerte, es miedo al sufrimiento, mi verdadera condena es recorrer aquel pasillo y esperar el acierto del disparo de gracia.<\/p>\n<p style=\"text-align: justify;\">El pasillo es interminable, cuanto m\u00e1s avanzo m\u00e1s lejano est\u00e1 el final. No s\u00e9 si llegar\u00e9 vivo hasta el final. Si muriera antes de enfrentarme al pelot\u00f3n de fusilamiento. \u00bfSer\u00eda considerado deserci\u00f3n?<\/p>\n<p style=\"text-align: justify;\">No soy un h\u00e9roe, ni puede consider\u00e1rseme valeroso, en eso, como de mi culpabilidad, hubo unanimidad entre mis juzgadores, pero empiezo a sentir alivio ante la inminencia de la muerte.<\/p>\n<p style=\"text-align: justify;\">Tormento hab\u00eda sido el transcurso de las horas a la espera de la nada, suplicio es el recorrido de aquel oscuro pasillo por entre an\u00f3nimos suspiros, expresiones circunstanciales contempl\u00e1ndome morbosas detr\u00e1s de otras rejas.<\/p>\n<p style=\"text-align: justify;\">Los compa\u00f1eros de apenas tres d\u00edas, esperan escuchar la descarga de fusiler\u00eda para deshacerse del mayor de los suspiros y olvidar el episodio.<\/p>\n<p style=\"text-align: justify;\">De ninguno me desped\u00ed, pues a ninguno conoc\u00eda, ni se interes\u00f3 por m\u00ed.<\/p>\n<p style=\"text-align: justify;\">Espero que la ejecuci\u00f3n sea r\u00e1pida y concluyente, pero el pasillo se me est\u00e1 haciendo interminable, luego vendr\u00e1 la formaci\u00f3n del piquete, las sucesivas \u00f3rdenes y, conociendo a quien lo comanda, seguro que no se salta ninguna, procurara alargar la angustia del momento. Deseo que acierten en mis puntos vitales, pues no puedo confiar en la gracia del disparo del oficial.<\/p>\n<p style=\"text-align: justify;\">Ya falta menos pasillo por recorrer, la turbia luz del amanecer al final clarea el patio designado para la inmolaci\u00f3n.<\/p>\n<p style=\"text-align: justify;\">\u00a1Por fin el patio!<\/p>\n<p style=\"text-align: justify;\">\u00a0Me hacen desfilar ante mis verdugos.<\/p>\n<p style=\"text-align: justify;\">Persigo sus miradas evasivas para gritarles en silencio: Tirad bien, apuntad a la cabeza.<\/p>\n<p style=\"text-align: justify;\">El vicario insiste en su apost\u00f3lica persecuci\u00f3n: dan ganas de decirle que me arrepiento de lo que quiera, como hice con el fiscal, pero con un error tengo suficiente.<\/p>\n<p style=\"text-align: justify;\">Los cinco soldados se encuentran en relajada y antirreglamentaria posici\u00f3n de descanso, mirada p\u00e9rdida, manos crispadas sobre los fusiles. Uno de ellos, apoyado en la pared, parece adormecido.<\/p>\n<p style=\"text-align: justify;\">Los hacen formar. Todos piensan que su fusil es el cargado con el cartucho de salva.<\/p>\n<p style=\"text-align: justify;\">El oficial que los manda, compa\u00f1ero de alg\u00fan combate y de mil y una parrandas, rival en los entorchados, al que mi muerte le abrir\u00e1 expectativas, sin tener que competirlas y sin nadie que denuncie sus envidias y maquinaciones, pero me habr\u00e9 librado de sus intrigas.<\/p>\n<p style=\"text-align: justify;\">Es el encargado del tiro de gracia y estoy seguro de que solo lo dar\u00e1 tras hacerme sufrir un cargador completo. No es ineptitud, es crueldad.<\/p>\n<p style=\"text-align: justify;\">Rechazo que me venden los ojos, hasta el \u00faltimo segundo quiero rogarles que acierten con sus disparos. \u00a1No quiero sufrir!<\/p>\n<p style=\"text-align: justify;\">El oficial no elude ni un solo movimiento en sus \u00f3rdenes, es m\u00e1s entre cada una de ellas se toma su tiempo, quiere disfrutar de mi sufrimiento.<\/p>\n<p style=\"text-align: justify;\">Por fin ordena fue\u2026<\/p>\n<p style=\"text-align: justify;\">\n<p style=\"text-align: justify;\">\u2014\u00bfQu\u00e9 ha sido eso?<\/p>\n<p style=\"text-align: justify;\">Me ha despertado un sonoro golpe en el casco.<\/p>\n<p style=\"text-align: justify;\">\u2014Despierta que tu capit\u00e1n est\u00e1 esperando que lo fusiles \u2014El teniente siempre con sus bromitas me ha despertado de un culatazo en el casco.<\/p>\n<p style=\"text-align: justify;\">Nos hacen formar.<\/p>\n<p style=\"text-align: justify;\">Apunto cuidadosamente entre los ojos del capit\u00e1n, obvio el tri\u00e1ngulo pintado a la altura de su coraz\u00f3n, aprieto el gatillo y concluye el sue\u00f1o que me hab\u00eda perseguido desde que supe que formar\u00eda en el pelot\u00f3n de ejecuci\u00f3n.<\/p>\n<p style=\"text-align: justify;\">So\u00f1aba que era el reo.<\/p>\n<p style=\"text-align: justify;\">El capit\u00e1n nunca me cay\u00f3 bien, pero tampoco era cuesti\u00f3n de hacerlo sufrir.<\/p>\n<p style=\"text-align: justify;\">\n<p style=\"text-align: right;\"><strong>Alberto Gim\u00e9nez Prieto<\/strong><\/p>\n","protected":false},"excerpt":{"rendered":"<p>Los escasos cien metros que me separan del patio donde ser\u00e9 fusilado, se me est\u00e1n haciendo eternos, las piernas apenas&hellip;<\/p>\n","protected":false},"author":3,"featured_media":23523,"comment_status":"open","ping_status":"open","sticky":false,"template":"","format":"standard","meta":{"om_disable_all_campaigns":false,"_mi_skip_tracking":false,"_monsterinsights_sitenote_active":false,"_monsterinsights_sitenote_note":"","_monsterinsights_sitenote_category":0,"footnotes":""},"categories":[21],"tags":[],"aioseo_notices":[],"_links":{"self":[{"href":"https:\/\/granadacostaglobal.es\/index.php?rest_route=\/wp\/v2\/posts\/24872"}],"collection":[{"href":"https:\/\/granadacostaglobal.es\/index.php?rest_route=\/wp\/v2\/posts"}],"about":[{"href":"https:\/\/granadacostaglobal.es\/index.php?rest_route=\/wp\/v2\/types\/post"}],"author":[{"embeddable":true,"href":"https:\/\/granadacostaglobal.es\/index.php?rest_route=\/wp\/v2\/users\/3"}],"replies":[{"embeddable":true,"href":"https:\/\/granadacostaglobal.es\/index.php?rest_route=%2Fwp%2Fv2%2Fcomments&post=24872"}],"version-history":[{"count":0,"href":"https:\/\/granadacostaglobal.es\/index.php?rest_route=\/wp\/v2\/posts\/24872\/revisions"}],"wp:featuredmedia":[{"embeddable":true,"href":"https:\/\/granadacostaglobal.es\/index.php?rest_route=\/"}],"wp:attachment":[{"href":"https:\/\/granadacostaglobal.es\/index.php?rest_route=%2Fwp%2Fv2%2Fmedia&parent=24872"}],"wp:term":[{"taxonomy":"category","embeddable":true,"href":"https:\/\/granadacostaglobal.es\/index.php?rest_route=%2Fwp%2Fv2%2Fcategories&post=24872"},{"taxonomy":"post_tag","embeddable":true,"href":"https:\/\/granadacostaglobal.es\/index.php?rest_route=%2Fwp%2Fv2%2Ftags&post=24872"}],"curies":[{"name":"wp","href":"https:\/\/api.w.org\/{rel}","templated":true}]}}