{"id":24867,"date":"2020-07-18T11:17:27","date_gmt":"2020-07-18T11:17:27","guid":{"rendered":"http:\/\/granadacostanacional.es\/?p=24867"},"modified":"2020-07-18T11:17:27","modified_gmt":"2020-07-18T11:17:27","slug":"entrevista-al-fotografo-y-periodista-de-ajedrez-david-llada","status":"publish","type":"post","link":"https:\/\/granadacostaglobal.es\/?p=24867","title":{"rendered":"ENTREVISTA AL FOT\u00d3GRAFO Y PERIODISTA DE AJEDREZ DAVID LLADA"},"content":{"rendered":"<p style=\"text-align: justify;\">\u00a0\u00a0\u00a0\u00a0\u00a0\u00a0\u00a0\u00a0\u00a0\u00a0\u00a0\u00a0\u00a0\u00a0\u00a0 Para esta ocasi\u00f3n y sali\u00e9ndome de mis entrevistados habituales, tengo el enorme placer de entrevista al periodista y fot\u00f3grafo asturiano David Llada (Pravia, Noviembre 1978) que para el que no le conozca, ha publicado diversos libros relacionados con el mundo de las 64 casillas, como Ajedrez para padres y educadores, The Thinkers, Anatoly Karpov: el camino de una voluntad, todos ellos de cierto \u00e9xito en ventas y en cr\u00edtica. Entre otras colaboraciones que realiza con sus fotograf\u00edas para libros y revistas especializadas en ajedrez, como Pe\u00f3n de Rey, cuyo director es el ocho veces Campe\u00f3n de Espa\u00f1a Miguel Illescas, Chessbase, etc\u2026<\/p>\n<p style=\"text-align: justify;\">\u00a0\u00a0\u00a0\u00a0\u00a0\u00a0\u00a0\u00a0\u00a0\u00a0\u00a0\u00a0\u00a0\u00a0\u00a0 En marzo del a\u00f1o pasado, fue escogido como miembro de la FIDE (Federaci\u00f3n Internacional de Ajedrez) que actualmente preside Arkady Dvorkovich. Para realizar laborales de Marketing y comunicaciones. Por lo que su tiempo lo dedica entre cuidar de su familia, el periodismo, jugar al ajedrez y la fotograf\u00eda, con la que consigue ilustrar sus libros o los de otros autores, y vistiendo con im\u00e1genes llenas de vida y fuerza, revistas o p\u00e1ginas de internet especializadas en ajedrez.<\/p>\n<p style=\"text-align: justify;\">\u00a0\u00a0\u00a0\u00a0\u00a0\u00a0\u00a0\u00a0\u00a0\u00a0\u00a0\u00a0\u00a0\u00a0\u00a0 Sin m\u00e1s pre\u00e1mbulos, dar\u00e9 comienzo esta entrevista a toda una personalidad dentro y fuera del tablero, que ayudar\u00e1 a conocerle mejor entre aquellos lectores que desconozcan qui\u00e9n es.<\/p>\n<p style=\"text-align: justify;\">\n<p style=\"text-align: justify;\">\u00a0\u00a0\u00a0\u00a0\u00a0\u00a0\u00a0\u00a0\u00a0\u00a0\u00a0\u00a0\u00a0\u00a0\u00a0 Pregunta: Lo primero, quiero agradecerte enormemente que me concedas esta entrevista. Con la que espero poder contribuir al conocimiento del Ajedrez y de las labores que desempe\u00f1as por difundirlo. Mi primera pregunta como no puede ser de otra manera, \u00bfa qu\u00e9 edad y c\u00f3mo comenzaste a sentirte atra\u00eddo por nuestro noble juego?<\/p>\n<p style=\"text-align: justify;\">\n<p style=\"text-align: justify;\">\u00a0\u00a0\u00a0\u00a0\u00a0\u00a0\u00a0\u00a0\u00a0\u00a0\u00a0\u00a0\u00a0\u00a0\u00a0 Respuesta:<\/p>\n<p style=\"text-align: justify;\">\n<p style=\"text-align: justify;\"><strong>Ten\u00eda siete a\u00f1os cuando por casualidad vi en un peri\u00f3dico una imagen que atrap\u00f3 mi atenci\u00f3n: se trataba de una foto del segundo match entre Karpov y Kasparov. Me caus\u00f3 mucha curiosidad el ambiente solemne de la imagen, y el ver a dos adultos tan concentrados ante un juego de tablero. Me qued\u00e9 intrigad\u00edsimo. \u00a1Un juego capaz de atraer de tal manera a dos \u201cmayores\u201d ten\u00eda que ser algo incre\u00edble! <\/strong><\/p>\n<p style=\"text-align: justify;\"><strong>\u00a0<\/strong><\/p>\n<p style=\"text-align: justify;\"><strong>Una o dos semanas despu\u00e9s (supongo que no ser\u00eda casualidad) uno de los profesores en el colegio nos ense\u00f1\u00f3 como mover las piezas, y me qued\u00e9 completamente enganchado. Lamentablemente, nadie m\u00e1s en mi familia sab\u00eda jugar. Ni hab\u00eda un club de ajedrez, ni nadie daba clases en los colegios. Poco a poco, fue aprendiendo por mi mismo y yo empec\u00e9 a ocupar esos papeles.<\/strong><\/p>\n<p style=\"text-align: justify;\">\n<p style=\"text-align: justify;\">\n<p style=\"text-align: justify;\">\u00a0\u00a0\u00a0\u00a0\u00a0\u00a0\u00a0\u00a0\u00a0\u00a0\u00a0\u00a0\u00a0\u00a0\u00a0 Pregunta: \u00bfEn qu\u00e9 momento de tu vida, te sentiste enganchando al mundo de la fotograf\u00eda, y concretamente al que nos muestras con tus obras de arte vinculadas al Ajedrez?<\/p>\n<p style=\"text-align: justify;\">\n<p style=\"text-align: justify;\">\u00a0\u00a0\u00a0\u00a0\u00a0\u00a0\u00a0\u00a0\u00a0\u00a0\u00a0\u00a0\u00a0\u00a0\u00a0 Respuesta:<\/p>\n<p style=\"text-align: justify;\">\n<p style=\"text-align: justify;\"><strong>Durante unos a\u00f1os, entre 1999 y 2005, me dediqu\u00e9 al periodismo a tiempo completo. Principalmente escrib\u00eda sobre ajedrez, pero no en exclusiva. Tambi\u00e9n escrib\u00eda sobre ciencia, opini\u00f3n\u2026 en 2003 fui a Iraq como freelance. En principio mi \u00fanica ambici\u00f3n era poder ilustrar mis textos con fotos tomadas por mi mismo. En aquella \u00e9poca empec\u00e9 a darme cuenta de que en el futuro, un periodista tendr\u00eda que ser un hombre orquesta, y encargarse del texto, de las fotos, el video, y la producci\u00f3n\u2026<\/strong><\/p>\n<p style=\"text-align: justify;\"><strong>\u00a0<\/strong><\/p>\n<p style=\"text-align: justify;\"><strong>Parad\u00f3jicamente, s\u00f3lo empec\u00e9 a tomar fotos en torneos una vez que me vida profesional dio un giro y me apart\u00e9 del ajedrez. Empec\u00e9 a tomar fotos cuando iba a los torneos \u201cde turista\u201d. Pero pronto me di cuenta de que, si me aplicaba, la fotograf\u00eda me permitir\u00eda tener un vinculo flexible con el ajedrez: durante unos diez d\u00edas, con un poco de esfuerzo, podr\u00eda viajar a alg\u00fan lugar del mundo, dedicar cuatro o cinco horas a mi \u201ctrabajo principal\u201d, y otras cuatro o cinco a hacer fotos. Y tras el viaje, vuelta a mi rutina.<\/strong><\/p>\n<p style=\"text-align: justify;\"><strong>\u00a0<\/strong><\/p>\n<p style=\"text-align: justify;\"><strong>Durante varios a\u00f1os logr\u00e9 compaginar ambas cosas. \u00a1El equilibro fue bonito mientras dur\u00f3! Pero al final, empezaba a pesar un poco que todas mis vacaciones y tiempo libre eran empleadas en esta segunda ocupaci\u00f3n.<\/strong><\/p>\n<p style=\"text-align: justify;\">\n<p style=\"text-align: justify;\">\n<p style=\"text-align: justify;\">Pregunta: Adem\u00e1s de las fotograf\u00edas que haces sobre el tablero, a lo largo de estos a\u00f1os, imagino que habr\u00e1s fotografiado otras cosas que hayan llamado tu atenci\u00f3n e inter\u00e9s art\u00edstico. \u00bfQu\u00e9 nos puedes contar sobre ello?<\/p>\n<p style=\"text-align: justify;\">\n<p style=\"text-align: justify;\">Respuesta:<\/p>\n<p style=\"text-align: justify;\">\n<p style=\"text-align: justify;\"><strong>En realidad, no demasiado. No me gusta hacer fotograf\u00eda de paisajes, o de viaje. Suelo dejarme la c\u00e1mara en casa. Me gusta hacer retratos, eso s\u00ed. Lo que me resulta interesante es la gente, y eso fotograf\u00edo: tengo un peque\u00f1o estudio en mi garaje y a menudo se pasa por ah\u00ed alg\u00fan amigo. Tambi\u00e9n he hecho unas fotos muy meritorias en varias funciones de ballet, y me han ofrecido algunos proyectos en esa direcci\u00f3n. <\/strong><\/p>\n<p style=\"text-align: justify;\">\n<p style=\"text-align: justify;\">\n<p style=\"text-align: justify;\">Pregunta: \u00bfQu\u00e9 sientes cada vez que coges la c\u00e1mara, y qu\u00e9 buscas a trav\u00e9s de ella, antes de hacer la foto con el momento preciso que has querido captar para la posteridad?<\/p>\n<p style=\"text-align: justify;\">\n<p style=\"text-align: justify;\">Respuesta:<\/p>\n<p style=\"text-align: justify;\">\n<p style=\"text-align: justify;\"><strong>Me gusta que he llegado a dominar lo bastante bien esta herramienta, la c\u00e1mara, hasta el punto de no tener que pensar en par\u00e1metros cuando voy a tomar una foto. Es como cuando alcanzas cierto nivel en ajedrez y empiezas a jugar con fluidez y naturalidad, sin tantas dudas.<\/strong><\/p>\n<p style=\"text-align: justify;\"><strong>\u00a0<\/strong><\/p>\n<p style=\"text-align: justify;\"><strong>Esto me permite concentrar en \u201cobservar, observar y observar\u201d, como promulgaba Cartier Bresson, quien dec\u00eda que no hay nada en el mundo que, si lo observas lo suficiente, no acabe revel\u00e1ndonos ese \u201cmomento decisivo\u201d e irrepetible en el que algo sucede, se ilumina.<\/strong><\/p>\n<p style=\"text-align: justify;\">\n<p style=\"text-align: justify;\">\n<p style=\"text-align: justify;\">Pregunta: Has colaborado en varios libros y revistas, adem\u00e1s de haber publicado tres libros de cierto \u00e9xito entre la familia ajedrecista. \u00bfQu\u00e9 nos puedes contar de esas experiencias?, \u00bfen un futuro pr\u00f3ximo nos deleitar\u00e1s con alguna nueva joya, con la que narres por medio de im\u00e1genes, los entresijos que transmiten los rostros de miles de jugadores, antes, durante o despu\u00e9s de una lucha intensa en un tablero lleno de historias?<\/p>\n<p style=\"text-align: justify;\">\n<p style=\"text-align: justify;\">Respuesta:<\/p>\n<p style=\"text-align: justify;\">\n<p style=\"text-align: justify;\"><strong>Algo que me satisface mucho es que los tres libros que he publicado son completamente distintos entre s\u00ed: hay una biograf\u00eda, hay un libro dirigido a padres y educadores, y hay un libro de fotograf\u00eda en formato \u201ccoffee table\u201d. Me da cierto orgullo esa versatilidad. A menudo bromeo con que el pr\u00f3ximo deber\u00eda de ser una novela, y la verdad es que no lo digo completamente en broma.<\/strong><\/p>\n<p style=\"text-align: justify;\"><strong>\u00a0<\/strong><\/p>\n<p style=\"text-align: justify;\"><strong>Pero por el momento, el nuestro trabajo en la FIDE no deja tiempo para proyectos personales demasiado ambiciosos. A corto plazo el \u00fanico proyecto que tengo es lanzar varias exposiciones de fotograf\u00eda en gran formato (la primera de ellas, este verano en San Petersburgo), y probablemente un segundo volumen de \u201cThe Thinkers\u201d.<\/strong><\/p>\n<p style=\"text-align: justify;\">\n<p style=\"text-align: justify;\"><a href=\"http:\/\/granadacostanacional.es\/wp-content\/uploads\/2020\/07\/r_20160828_libro_anaya_4820-llada-promo.jpg\"><img decoding=\"async\" loading=\"lazy\" class=\"aligncenter size-large wp-image-24869\" src=\"http:\/\/granadacostanacional.es\/wp-content\/uploads\/2020\/07\/r_20160828_libro_anaya_4820-llada-promo-906x1024.jpg\" alt=\"r_20160828_libro_anaya_4820 llada promo\" width=\"906\" height=\"1024\" \/><\/a><\/p>\n<p style=\"text-align: justify;\">\n<p style=\"text-align: justify;\">Pregunta: De tus libros Ajedrez para padres y educadores, The\u00a0 Thinkers y Anatoly Karpov: el camino de una voluntad \u2013este \u00faltimo lo adquir\u00ed en el Ayuntamiento de San Sebasti\u00e1n en el 2009 en Julio, cuando se disputaban aquellos cuatro torneos para promocionar a Donostia como Capital Cultural Europea, a la que vino como jugador Anatoly Karpov. Ese libro me gusto mucho, de todos ellos, \u00bfcon cu\u00e1l te sientes m\u00e1s satisfecho y en el que veremos lo mejor de David Llada?<\/p>\n<p style=\"text-align: justify;\">\n<p style=\"text-align: justify;\">Respuesta:<\/p>\n<p style=\"text-align: justify;\">\n<p style=\"text-align: justify;\"><strong>Tanto la biograf\u00eda de Karpov como el libro para padres fueron escritos con poqu\u00edsimo tiempo, y son libros modestos: pocas p\u00e1ginas, tapa blanda\u2026 Por supuesto estoy orgullos de ellos igualmente: el de Karpov me hizo aparecer en el libro Guinness de los r\u00e9cords junto a mi h\u00e9roe de infancia, y el de \u201cAjedrez para padres\u2026\u201d lleva en portada una foto de mi con mis propias hijas.<\/strong><\/p>\n<p style=\"text-align: justify;\"><strong>\u00a0<\/strong><\/p>\n<p style=\"text-align: justify;\"><strong>Pero del que estoy m\u00e1s orgullo es \u201cThe Thinkers\u201d. En este proyecto el editor no repar\u00f3 en medio y me dej\u00f3 completa libertad creativa: pude decidir el tama\u00f1o, el dise\u00f1o de la portada, el papel, la imprenta donde se cre\u00f3, o qui\u00e9n escribir\u00eda el pr\u00f3logo (Antonio Gude: \u00a1qu\u00e9 lujazo!).<\/strong><\/p>\n<p style=\"text-align: justify;\">\n<p style=\"text-align: justify;\">\n<p style=\"text-align: justify;\">\n<p style=\"text-align: justify;\">Pregunta: \u00bfQu\u00e9 opini\u00f3n te genera la actual situaci\u00f3n de tantas tablas, donde el alto conocimiento existente entre la elite, ha provocado que mayormente veamos la repartici\u00f3n del punto, salvo en contadas ocasiones por los dedos de una mano?. \u00bfQu\u00e9 propondr\u00edas para mejorar ese camino venenoso que atraviesa el Ajedrez actual entre las altas esferas mentales?<\/p>\n<p style=\"text-align: justify;\">\n<p style=\"text-align: justify;\">Respuesta:<\/p>\n<p style=\"text-align: justify;\">\n<p style=\"text-align: justify;\"><strong>La teor\u00eda de aperturas, la t\u00e9cnica de finales, el estudio sistem\u00e1tico del rival\u2026 todo ha progresado mucho, y eso hace que sea m\u00e1s dif\u00edcil romper el equilibro en una partida, y que el punto caiga para un lado u otro. El mundo se divide entre puristas, que defienden que esto sea as\u00ed, y revolucionarios, que proclaman que el ajedrez tiene que revolucionarse por completo para sobrevivir. Yo me siento un poco en medio: creo que las modalidades r\u00e1pidas, el Fischerandom, o incluso el \u201cajedrez vasco\u201d reclaman su espacio. Me parecen un complemento fundamental para el ajedrez, pero no un sustituto.<\/strong><\/p>\n<p style=\"text-align: justify;\">\n<p style=\"text-align: justify;\">\n<p style=\"text-align: justify;\">\n<p style=\"text-align: justify;\">Pregunta: \u00bfC\u00f3mo surgi\u00f3 que la FIDE actualmente presidida por Arkady Dvorkovich, te propusieran para el cargo que ostentas de Marketing y Comunicaciones del Ajedrez? Imagino que te sorprender\u00eda enormemente. \u00bfC\u00f3mo recibiste la noticia de hacerte cargo de un puesto tan importante?<\/p>\n<p style=\"text-align: justify;\">\n<p style=\"text-align: justify;\">Respuesta:<\/p>\n<p style=\"text-align: justify;\">\n<p style=\"text-align: justify;\"><strong>Durante las elecciones me mantuve bastante distante, porque no me gusta demasiado la pol\u00edtica y, honestamente, en el pasado la FIDE no ten\u00eda la mejor de las reputaciones. Pero apenas 1 \u00f3 2 meses despu\u00e9s de haber sido elegido Dvorkovich, dio la casualidad de que yo me encontr\u00e9 por primera vez sin trabajo, y sin ning\u00fan proyecto personal a la vista. Y me llam\u00f3 la atenci\u00f3n que varias de las personas que m\u00e1s respeto en el mundillo del ajedrez se estaban incorporando a la FIDE. As\u00ed que hice una propuesta a la FIDE, y el buen entendimiento fue inmediato, conectamos muy bien. <\/strong><\/p>\n<p style=\"text-align: justify;\">\n<p style=\"text-align: justify;\">\n<p style=\"text-align: justify;\">\u00a0\u00a0\u00a0\u00a0\u00a0\u00a0\u00a0\u00a0\u00a0\u00a0\u00a0\u00a0\u00a0\u00a0\u00a0 Pregunta: \u00bfEn la actualidad c\u00f3mo ves a la FIDE, en lo que respecta al Ajedrez mundial? \u00bfVan por buen camino, o existen cosas mejorables para que nuestro noble juego alcance las cotas a las que esta predestinado?<\/p>\n<p style=\"text-align: justify;\">\n<p style=\"text-align: justify;\">\u00a0\u00a0\u00a0\u00a0\u00a0\u00a0\u00a0\u00a0\u00a0\u00a0\u00a0\u00a0\u00a0\u00a0\u00a0 Respuesta:<\/p>\n<p style=\"text-align: justify;\">\n<p style=\"text-align: justify;\"><strong>Va por el buen camino, pero la cantidad de trabajo acumulada es enorme, y los recursos, muy limitados. Toda la parte comercial y de comunicaci\u00f3n simplemente no exist\u00eda: la negligencia hab\u00eda campado a sus anchas por varias d\u00e9cadas. En otras \u00e1reas las cosas no estaban mucho mejor tampoco. <\/strong><\/p>\n<p style=\"text-align: justify;\"><strong>\u00a0<\/strong><\/p>\n<p style=\"text-align: justify;\"><strong>Creo que nos quedan al menos 2 \u00f3 3 a\u00f1os m\u00e1s de \u201climpiar\u201d y \u201crecuperar\u201d, de ponernos al d\u00eda, antes de que podamos dedicar todas nuestras energ\u00edas a construir y avanzar, sin cargar con un lastre. <\/strong><\/p>\n<p style=\"text-align: justify;\">\n<p style=\"text-align: justify;\">\u00a0\u00a0\u00a0\u00a0\u00a0\u00a0\u00a0\u00a0\u00a0\u00a0\u00a0\u00a0\u00a0\u00a0\u00a0 Pregunta: Aproximadamente por las mismas fechas, en las que la FIDE te escogi\u00f3 para ese cargo, nuestro amigo com\u00fan Leontxo Garc\u00eda, tambi\u00e9n fue fichado para la difusi\u00f3n del Ajedrez dentro de la pedagog\u00eda. \u00bfC\u00f3mo es saber que alguien con su reconocimiento internacional, tambi\u00e9n est\u00e1 ayudando a que el mundo del Ajedrez mejore con respecto a a\u00f1os de atascamiento?<\/p>\n<p style=\"text-align: justify;\">\n<p style=\"text-align: justify;\">\u00a0\u00a0\u00a0\u00a0\u00a0\u00a0\u00a0\u00a0\u00a0\u00a0\u00a0\u00a0\u00a0\u00a0\u00a0 Respuesta:<\/p>\n<p style=\"text-align: justify;\">\n<p style=\"text-align: justify;\"><strong>Durante el Mundial de Londres entre Carlsen y Caruana, al d\u00eda siguiente de reunirme con la FIDE, cen\u00e9 con Leontxo y discutimos todo esto en profundidad. Los dos nos animamos mutuamente a dar al paso. Cuando te embarcas en nuevo proyecto resulta un gran est\u00edmulo saber que no lo haces s\u00f3lo, sino que contar\u00e1s con el apoyo de alguien que es compa\u00f1ero y amigo, alguien que te da confianza en todos los aspectos.<\/strong><\/p>\n<p style=\"text-align: justify;\">\n<p style=\"text-align: justify;\">\n<p style=\"text-align: justify;\">\u00a0\u00a0\u00a0\u00a0\u00a0\u00a0\u00a0\u00a0\u00a0\u00a0\u00a0\u00a0\u00a0\u00a0\u00a0 Pregunta: Al igual que Leontxo, has viajado a innumerables pa\u00edses y lugares, como fot\u00f3grafo y difuso del Ajedrez. \u00bfQu\u00e9 nos puedes contar de tantos viajes y personas que has ido conociendo a lo largo de tantos a\u00f1os?<\/p>\n<p style=\"text-align: justify;\">\n<p style=\"text-align: justify;\">\u00a0\u00a0\u00a0\u00a0\u00a0\u00a0\u00a0\u00a0\u00a0\u00a0\u00a0\u00a0\u00a0\u00a0\u00a0 Respuesta:<\/p>\n<p style=\"text-align: justify;\"><strong>\u00a0<\/strong><\/p>\n<p style=\"text-align: justify;\"><strong>Podr\u00eda responderte a esta pregunta, pero entonces, \u00bfqui\u00e9n iba a comprar mi futura novela?<\/strong><\/p>\n<p style=\"text-align: justify;\">\n<p style=\"text-align: justify;\">\n<p style=\"text-align: justify;\">\n<p style=\"text-align: justify;\">\u00a0\u00a0\u00a0\u00a0\u00a0\u00a0\u00a0\u00a0\u00a0\u00a0\u00a0\u00a0\u00a0\u00a0\u00a0 Pregunta: Tengo entendido que lograste convencer para que se fuese a vivir a San Sebasti\u00e1n, todo un profesional del ajedrez, que ha llegado a ser n\u00famero 2 del Mundo nada menos, y que es muy apreciado y querido por los aficionados al noble juego, como es el armenio Levon Aronian -al que le mando mi m\u00e1s sincero p\u00e9same, por el tr\u00e1gico fallecimiento de su esposa Arianne Caoili en accidente de tr\u00e1fico\u2013 \u00bfqu\u00e9 nos puedes contar de tu amistad con tan formidable jugador y c\u00f3mo conseguiste convencerle para que quisiese comprar vivienda en Donostia?. Dado que siendo asturiano, algo te enamorar\u00eda de la capital guipuzcoana, para terminases viviendo all\u00ed con los tuyos.<\/p>\n<p style=\"text-align: justify;\">\n<p style=\"text-align: justify;\">\u00a0\u00a0\u00a0\u00a0\u00a0\u00a0\u00a0\u00a0\u00a0\u00a0\u00a0\u00a0\u00a0\u00a0\u00a0 Respuesta:<\/p>\n<p style=\"text-align: justify;\">\n<p style=\"text-align: justify;\"><strong>En realidad, no necesit\u00e9 convencerle: fue la comida de San Sebasti\u00e1n la que cumpli\u00f3 esa misi\u00f3n. Durante un tiempo Levon se aloj\u00f3 en mi casa y yo les ayud\u00e9 a buscar un apartamento que encajase con lo que buscaban. Cuando yo me instal\u00e9 aqu\u00ed tras varios a\u00f1os en el extranjero, para mi fue como volver a casa: la comida, el clima, la gente y las costumbres son bastante parecidas a las de Asturias.<\/strong><\/p>\n<p style=\"text-align: justify;\">\n<p style=\"text-align: justify;\"><a href=\"http:\/\/granadacostanacional.es\/wp-content\/uploads\/2020\/07\/r_20170614_llada_promocion_6772.jpg\"><img decoding=\"async\" loading=\"lazy\" class=\"aligncenter size-large wp-image-24870\" src=\"http:\/\/granadacostanacional.es\/wp-content\/uploads\/2020\/07\/r_20170614_llada_promocion_6772-1024x734.jpg\" alt=\"r_20170614_llada_promocion_6772\" width=\"1024\" height=\"734\" \/><\/a><\/p>\n<p style=\"text-align: justify;\">\n<p style=\"text-align: justify;\">\u00a0\u00a0\u00a0\u00a0\u00a0\u00a0\u00a0\u00a0\u00a0\u00a0\u00a0\u00a0\u00a0\u00a0\u00a0 Pregunta: De entre los miembros de tu familia, \u00bfalguno comienza a mostrar cierto inter\u00e9s por el ajedrez o por la fotograf\u00eda? Como medio expresivo con el que soltar su imaginaci\u00f3n art\u00edstica.<\/p>\n<p style=\"text-align: justify;\">\n<p style=\"text-align: justify;\">\u00a0\u00a0\u00a0\u00a0\u00a0\u00a0\u00a0\u00a0\u00a0\u00a0\u00a0\u00a0\u00a0\u00a0\u00a0 Respuesta:<\/p>\n<p style=\"text-align: justify;\">\n<p style=\"text-align: justify;\"><strong>Mi hija mayor es la m\u00e1s intelectual de la familia, y se est\u00e1 convirtiendo en una fot\u00f3grafa muy decente. Mi hija peque\u00f1a es la que tiene alma de artista, pero es la que tiene m\u00e1s inter\u00e9s en el ajedrez. A priori puede sonar contradictorio, pero yo lo achaco a que la peque\u00f1a tiene un car\u00e1cter m\u00e1s fuerte, m\u00e1s competitivo. El ajedrez es un juego que demanda mucho car\u00e1cter. <\/strong><\/p>\n<p style=\"text-align: justify;\">\n<p style=\"text-align: justify;\">\n<p style=\"text-align: justify;\">Pregunta: Para concluir, \u00bfexiste alguna pregunta que te hubiera haber gustado responder, pero que no hayas tenido oportunidad de hacerlo?<\/p>\n<p style=\"text-align: justify;\">\n<p style=\"text-align: justify;\">Respuesta: <strong>No, ninguna. <\/strong><\/p>\n<p style=\"text-align: justify;\">\n<p style=\"text-align: justify;\">\n<p style=\"text-align: justify;\">Quiero agradecerte enormemente David Llada, el tiempo que me has dispensado a la hora de responder a todas estas preguntas. Con las que espero darte a conocer entre otros c\u00edrculos lectores, que sabr\u00e1n apreciar y valorar, el trabajo que desempe\u00f1as por el ajedrez y con esas fotograf\u00edas tan llenas de vida y fuerza, que logras conseguir con tu visi\u00f3n \u00fanica.<\/p>\n<p style=\"text-align: justify;\">Te ruego que respondas a una serie de preguntas tipo test, que nos ayudaran a conocerte un poquito mejor.<\/p>\n<p style=\"text-align: justify;\">\n<p style=\"text-align: justify;\">\u00a1Muchas gracias, David!<\/p>\n<p style=\"text-align: justify;\">\n<p style=\"text-align: justify;\">\n<p style=\"text-align: justify;\">PREGUNTAS TIPO TEST:<\/p>\n<p style=\"text-align: justify;\">\n<p style=\"text-align: justify;\">\u00a0\u00a0\u00a0\u00a0\u00a0\u00a0\u00a0\u00a0\u00a0\u00a0\u00a0\u00a0\u00a0\u00a0\u00a0 \u00bfUn personaje hist\u00f3rico? Los grandes escritores: Borges, Nabokov, Cortazar, Gabo\u2026<\/p>\n<p style=\"text-align: justify;\">\u00a0\u00a0\u00a0\u00a0\u00a0\u00a0\u00a0\u00a0\u00a0\u00a0\u00a0\u00a0\u00a0\u00a0\u00a0 \u00bfUna \u00e9poca? La ilustraci\u00f3n francesa.<\/p>\n<p style=\"text-align: justify;\">\u00a0\u00a0\u00a0\u00a0\u00a0\u00a0\u00a0\u00a0\u00a0\u00a0\u00a0\u00a0\u00a0\u00a0\u00a0 \u00bfUn pintor? Johannes Vermeer.<\/p>\n<p style=\"text-align: justify;\">\u00a0\u00a0\u00a0\u00a0\u00a0\u00a0\u00a0\u00a0\u00a0\u00a0\u00a0\u00a0\u00a0\u00a0\u00a0 \u00bfUn escultor? Gian Lorenzo Bernini.<\/p>\n<p style=\"text-align: justify;\">\u00a0\u00a0\u00a0\u00a0\u00a0\u00a0\u00a0\u00a0\u00a0\u00a0\u00a0\u00a0\u00a0\u00a0\u00a0 \u00bfUn escritor? Ant\u00f3n Chejov.<\/p>\n<p style=\"text-align: justify;\">\u00a0\u00a0\u00a0\u00a0\u00a0\u00a0\u00a0\u00a0\u00a0\u00a0\u00a0\u00a0\u00a0\u00a0\u00a0 \u00bfUn poeta? Fernando Pessoa.<\/p>\n<p style=\"text-align: justify;\">\u00a0\u00a0\u00a0\u00a0\u00a0\u00a0\u00a0\u00a0\u00a0\u00a0\u00a0\u00a0\u00a0\u00a0\u00a0 \u00bfUn libro? \u201cLa t\u00eda Julia y el escribidor\u201d.<\/p>\n<p style=\"text-align: justify;\">\u00a0\u00a0\u00a0\u00a0\u00a0\u00a0\u00a0\u00a0\u00a0\u00a0\u00a0\u00a0\u00a0\u00a0\u00a0 \u00bfUna pel\u00edcula?\u00a0\u00a0 \u201cBig Fish\u201d.<\/p>\n<p style=\"text-align: justify;\">\u00a0\u00a0\u00a0\u00a0\u00a0\u00a0\u00a0\u00a0\u00a0\u00a0\u00a0\u00a0\u00a0\u00a0\u00a0 \u00bfUn director de cine, teatro o televisi\u00f3n? Bernardo Bertolucci.<\/p>\n<p style=\"text-align: justify;\">\u00a0\u00a0\u00a0\u00a0\u00a0\u00a0\u00a0\u00a0\u00a0\u00a0\u00a0\u00a0\u00a0\u00a0\u00a0 \u00bfUn actor? Al Pacino.<\/p>\n<p style=\"text-align: justify;\">\u00a0\u00a0\u00a0\u00a0\u00a0\u00a0\u00a0\u00a0\u00a0\u00a0\u00a0\u00a0\u00a0\u00a0\u00a0 \u00bfUna actriz? Julianne Moore.<\/p>\n<p style=\"text-align: justify;\">\u00a0\u00a0\u00a0\u00a0\u00a0\u00a0\u00a0\u00a0\u00a0\u00a0\u00a0\u00a0\u00a0\u00a0\u00a0 \u00bfUn compositor? Antonio Vivaldi.<\/p>\n<p style=\"text-align: justify;\">\u00a0\u00a0\u00a0\u00a0\u00a0\u00a0\u00a0\u00a0\u00a0\u00a0\u00a0\u00a0\u00a0\u00a0\u00a0 \u00bfUn cantante? Leonard Cohen<\/p>\n<p style=\"text-align: justify;\">\u00a0\u00a0\u00a0\u00a0\u00a0\u00a0\u00a0\u00a0\u00a0\u00a0\u00a0\u00a0\u00a0\u00a0\u00a0 \u00bfUn m\u00fasico? Sixto Rodr\u00edguez \u201cSugarman\u201d.<\/p>\n<p style=\"text-align: justify;\">\u00a0\u00a0\u00a0\u00a0\u00a0\u00a0\u00a0\u00a0\u00a0\u00a0\u00a0\u00a0\u00a0\u00a0\u00a0 \u00bfUna flor? Lavanda.<\/p>\n<p style=\"text-align: justify;\">\u00a0\u00a0\u00a0\u00a0\u00a0\u00a0\u00a0\u00a0\u00a0\u00a0\u00a0\u00a0\u00a0\u00a0\u00a0 \u00bfUn animal? Cualquier perro.<\/p>\n<p style=\"text-align: justify;\">\u00a0\u00a0\u00a0\u00a0\u00a0\u00a0\u00a0\u00a0\u00a0\u00a0\u00a0\u00a0\u00a0\u00a0\u00a0 \u00bfUna estaci\u00f3n del a\u00f1o? La primavera.<\/p>\n<p style=\"text-align: justify;\">\u00a0\u00a0\u00a0\u00a0\u00a0\u00a0\u00a0\u00a0\u00a0\u00a0\u00a0\u00a0\u00a0\u00a0\u00a0 \u00bfUn lugar donde residir? Londres en verano, cualquier otro el resto del a\u00f1o.<\/p>\n<p style=\"text-align: justify;\">\u00a0\u00a0\u00a0\u00a0\u00a0\u00a0\u00a0\u00a0\u00a0\u00a0\u00a0\u00a0\u00a0\u00a0\u00a0 \u00bfUn lugar que te gustar\u00eda visitar antes de morir? Tokyo y Buenos Aires siguen en la lista de pendientes.<\/p>\n<p style=\"text-align: justify;\">\u00a0\u00a0\u00a0\u00a0\u00a0\u00a0\u00a0\u00a0\u00a0\u00a0\u00a0\u00a0\u00a0\u00a0\u00a0 \u00bfUn color? El verde.<\/p>\n<p style=\"text-align: justify;\">\u00a0\u00a0\u00a0\u00a0\u00a0\u00a0\u00a0\u00a0\u00a0\u00a0\u00a0\u00a0\u00a0\u00a0\u00a0 \u00bfUn jugador de Ajedrez? Levon Aronian.<\/p>\n<p style=\"text-align: justify;\">\u00a0\u00a0\u00a0\u00a0\u00a0\u00a0\u00a0\u00a0\u00a0\u00a0\u00a0\u00a0\u00a0\u00a0\u00a0 \u00bfUna jugadora de Ajedrez? Valentina Gunina.<\/p>\n<p style=\"text-align: justify;\">\u00a0\u00a0\u00a0\u00a0\u00a0\u00a0\u00a0\u00a0\u00a0\u00a0\u00a0\u00a0\u00a0\u00a0\u00a0 \u00bfUn campe\u00f3n del Mundo? Garry Kasparov.<\/p>\n<p style=\"text-align: justify;\">\u00a0\u00a0\u00a0\u00a0\u00a0\u00a0\u00a0\u00a0\u00a0\u00a0\u00a0\u00a0\u00a0\u00a0\u00a0 \u00bfUna campeona del Mundo? Hou Yifan.<\/p>\n<p style=\"text-align: justify;\">\u00a0\u00a0\u00a0\u00a0\u00a0\u00a0\u00a0\u00a0\u00a0\u00a0\u00a0\u00a0\u00a0\u00a0\u00a0 \u00bfUn match por el t\u00edtulo? El que m\u00e1s disfrut\u00e9 fue Kasparov-Anand (1995), porque por aquella \u00e9poca yo estaba completamente inmerso en el ajedrez, y \u00e9ste fue el primero que pude seguir en directo, jugada a jugada.<\/p>\n<p>&nbsp;<\/p>\n<p style=\"text-align: right;\"><strong>Ricardo Campos Urbaneja<\/strong><\/p>\n","protected":false},"excerpt":{"rendered":"<p>\u00a0\u00a0\u00a0\u00a0\u00a0\u00a0\u00a0\u00a0\u00a0\u00a0\u00a0\u00a0\u00a0\u00a0\u00a0 Para esta ocasi\u00f3n y sali\u00e9ndome de mis entrevistados habituales, tengo el enorme placer de entrevista al periodista y fot\u00f3grafo&hellip;<\/p>\n","protected":false},"author":3,"featured_media":24868,"comment_status":"open","ping_status":"open","sticky":false,"template":"","format":"standard","meta":{"om_disable_all_campaigns":false,"_mi_skip_tracking":false,"_monsterinsights_sitenote_active":false,"_monsterinsights_sitenote_note":"","_monsterinsights_sitenote_category":0,"footnotes":""},"categories":[21],"tags":[],"aioseo_notices":[],"_links":{"self":[{"href":"https:\/\/granadacostaglobal.es\/index.php?rest_route=\/wp\/v2\/posts\/24867"}],"collection":[{"href":"https:\/\/granadacostaglobal.es\/index.php?rest_route=\/wp\/v2\/posts"}],"about":[{"href":"https:\/\/granadacostaglobal.es\/index.php?rest_route=\/wp\/v2\/types\/post"}],"author":[{"embeddable":true,"href":"https:\/\/granadacostaglobal.es\/index.php?rest_route=\/wp\/v2\/users\/3"}],"replies":[{"embeddable":true,"href":"https:\/\/granadacostaglobal.es\/index.php?rest_route=%2Fwp%2Fv2%2Fcomments&post=24867"}],"version-history":[{"count":0,"href":"https:\/\/granadacostaglobal.es\/index.php?rest_route=\/wp\/v2\/posts\/24867\/revisions"}],"wp:featuredmedia":[{"embeddable":true,"href":"https:\/\/granadacostaglobal.es\/index.php?rest_route=\/"}],"wp:attachment":[{"href":"https:\/\/granadacostaglobal.es\/index.php?rest_route=%2Fwp%2Fv2%2Fmedia&parent=24867"}],"wp:term":[{"taxonomy":"category","embeddable":true,"href":"https:\/\/granadacostaglobal.es\/index.php?rest_route=%2Fwp%2Fv2%2Fcategories&post=24867"},{"taxonomy":"post_tag","embeddable":true,"href":"https:\/\/granadacostaglobal.es\/index.php?rest_route=%2Fwp%2Fv2%2Ftags&post=24867"}],"curies":[{"name":"wp","href":"https:\/\/api.w.org\/{rel}","templated":true}]}}