{"id":24793,"date":"2020-06-27T11:25:40","date_gmt":"2020-06-27T11:25:40","guid":{"rendered":"http:\/\/granadacostanacional.es\/?p=24793"},"modified":"2020-06-27T11:25:40","modified_gmt":"2020-06-27T11:25:40","slug":"coronavirus-y-virusokupa","status":"publish","type":"post","link":"https:\/\/granadacostaglobal.es\/?p=24793","title":{"rendered":"\u201cCoronavirus y virusokupa\u201d"},"content":{"rendered":"<p style=\"text-align: justify;\">Es responsabilidad de todos evitar la propagaci\u00f3n del virus como lo es de la Justicia evitar que los okupas nos echen fuera de nuestras viviendas, y propaguen el miedo o el terror de la invasi\u00f3n de delincuentes con inmunidad. \u00a0La responsabilidad es algo que no evita las medidas para la contenci\u00f3n o anticuerpos del virus o para la protecci\u00f3n de la dignidad de las personas, todo lo contrario act\u00faa en consecuencia; pero la responsabilidad institucional es velar y vigilar porque se respete las normas, por ejemplo control en los aeropuertos, con pruebas que garanticen al menos \u00a0la vuelta a la normalidad, y no rebrotes que cueste y ponga en riesgo la salud de nuestra poblaci\u00f3n\u2026.O que cuando uno vuelva a su domicilio, pueda entrar a su casa por derecho y no por restricciones de ley. Se entiende que se puede ser asintom\u00e1tico y encubarlo despu\u00e9s, se entiende que es importante la econom\u00eda pero depende de la salud y tambi\u00e9n llegamos a entender las consecuencias econ\u00f3micas devastadoras si volvemos a caer, porque se ha demostrado que nuestra atenci\u00f3n y servicio sanitario es insuficiente. Se entiende que \u00a0debe haber un desahucio express o acelerado, y que hay que proteger y dar un techo a quien lo necesite. Atender a las demandas de la sociedad \u00e9ticamente como dicen algunas de nuestras Autoridades sanitarias y algunas Autoridades pol\u00edticas para evitar errores, para mantener el bienestar\u2026 respuestas que suponen escuchar tambi\u00e9n a la ciudadan\u00eda porque es su obligaci\u00f3n para protegernos, escuchar propuestas y cr\u00edticas para mejorar porque nos representan. Entonces no se puede entender a qu\u00e9 esperamos cuando no se toman las medidas preventivas sabiendo el peligro o riesgo que corremos cuando nos desentendemos. Al ciudadano de a pie \u00a0s\u00ed le importa lo que ocurre, y el legislador deber\u00eda proteger los derechos y libertades, no s\u00f3lo crear normas y desentenderse ante situaciones de alarma, tambi\u00e9n denunciar la mentira, o los atropellos de los derechos b\u00e1sicos de la salud y la vivienda como algo que a la larga, le descubrir\u00e1 su identidad e injusta inmunidad del otro, en el sentido de privilegio del que disfrutan determinadas personas o lugares, mediante el cual quedan libres de ciertas obligaciones o cargas; y alentar la verdad en su conciencia si quiere liberarla y no depender de la obstrucci\u00f3n, extorsi\u00f3n o manipulaci\u00f3n de cualquier tipo. Porque la moral debe ser libre y respetar su c\u00f3digo de honor debe ser universal, y no para transgredir el otro cuando le venga en gana. En definitiva, si no protegemos\u00a0 \u201cla bienser\u201d como dir\u00eda don Emilio Lled\u00f3, el verdadero sentimiento o pensamiento libre sobre la dignidad est\u00e1 en v\u00edas de extinci\u00f3n, sin argumentos que justifiquen tales comportamientos, sin atenerse a razones en la otredad\u2026<\/p>\n<p style=\"text-align: justify;\"><strong>Francisco Velasco Rey<\/strong><\/p>\n","protected":false},"excerpt":{"rendered":"<p>Es responsabilidad de todos evitar la propagaci\u00f3n del virus como lo es de la Justicia evitar que los okupas nos&hellip;<\/p>\n","protected":false},"author":2,"featured_media":13093,"comment_status":"open","ping_status":"open","sticky":false,"template":"","format":"standard","meta":{"om_disable_all_campaigns":false,"_mi_skip_tracking":false,"_monsterinsights_sitenote_active":false,"_monsterinsights_sitenote_note":"","_monsterinsights_sitenote_category":0,"footnotes":""},"categories":[21,30],"tags":[],"aioseo_notices":[],"_links":{"self":[{"href":"https:\/\/granadacostaglobal.es\/index.php?rest_route=\/wp\/v2\/posts\/24793"}],"collection":[{"href":"https:\/\/granadacostaglobal.es\/index.php?rest_route=\/wp\/v2\/posts"}],"about":[{"href":"https:\/\/granadacostaglobal.es\/index.php?rest_route=\/wp\/v2\/types\/post"}],"author":[{"embeddable":true,"href":"https:\/\/granadacostaglobal.es\/index.php?rest_route=\/wp\/v2\/users\/2"}],"replies":[{"embeddable":true,"href":"https:\/\/granadacostaglobal.es\/index.php?rest_route=%2Fwp%2Fv2%2Fcomments&post=24793"}],"version-history":[{"count":0,"href":"https:\/\/granadacostaglobal.es\/index.php?rest_route=\/wp\/v2\/posts\/24793\/revisions"}],"wp:featuredmedia":[{"embeddable":true,"href":"https:\/\/granadacostaglobal.es\/index.php?rest_route=\/"}],"wp:attachment":[{"href":"https:\/\/granadacostaglobal.es\/index.php?rest_route=%2Fwp%2Fv2%2Fmedia&parent=24793"}],"wp:term":[{"taxonomy":"category","embeddable":true,"href":"https:\/\/granadacostaglobal.es\/index.php?rest_route=%2Fwp%2Fv2%2Fcategories&post=24793"},{"taxonomy":"post_tag","embeddable":true,"href":"https:\/\/granadacostaglobal.es\/index.php?rest_route=%2Fwp%2Fv2%2Ftags&post=24793"}],"curies":[{"name":"wp","href":"https:\/\/api.w.org\/{rel}","templated":true}]}}