{"id":2479,"date":"2015-10-16T10:35:11","date_gmt":"2015-10-16T10:35:11","guid":{"rendered":"http:\/\/granadacosta.es\/?p=2479"},"modified":"2015-10-16T10:35:11","modified_gmt":"2015-10-16T10:35:11","slug":"proyecto-de-vida","status":"publish","type":"post","link":"https:\/\/granadacostaglobal.es\/?p=2479","title":{"rendered":"PROYECTO DE VIDA"},"content":{"rendered":"<p>Seg\u00fan el psic\u00f3logo Jaci Regis, el hombre del siglo XXI es un ser que acumula vivencias y experiencias que delinean su estructura mental y su perfil moral. Su comportamiento representa una variedad de estados emocionales, mostrando el nivel alcanzado por esa individualidad permanente a trav\u00e9s de su personalidad en transici\u00f3n.<\/p>\n<p>A partir del conocimiento de su naturaleza espiritual, de conocer que no s\u00f3lo es el resultado de una herencia biol\u00f3gica y una educaci\u00f3n familiar y social, sino que trae una historia, un c\u00famulo de experiencias de vida que le han otorgado una personalidad particular, el hombre podr\u00e1 ensayar, con mayor responsabilidad, nuevas formas de convivencia. Ellas le aportar\u00e1n experiencias que enriquecer\u00e1n su proyecto de vida.<\/p>\n<p>El conocimiento de la vida con sentido, ante tantas presiones y situaciones de dolor en la existencia de cada ser humano, ayuda a tomar ciertas decisiones, a optar inteligentemente que tiene un origen basado en el amor y en el crecimiento de todos los seres.<\/p>\n<p>Poder comprender esto ayuda a delinear un proyecto de vida que no se atenga solamente a lo ef\u00edmero y a lo material, sino a \u201ccombatir\u201d diariamente para alcanzar la verdadera felicidad, la que anida fuertemente en una conciencia serena, sin opacidades\u00a0 ni eriales. De esa manera, en la conjunci\u00f3n de sentimientos de paz, que brinda el saber que se est\u00e1 en el camino correcto, se delinea un hombre de bien.<\/p>\n<p>El hombre actual es consciente de que aquel que lucha contra sus propias imperfecciones, que sabe que la vida tiene sus matices que lo ayudan y lo ponen a prueba con su propia conciencia; aquel que act\u00faa con firmeza con sus propias convicciones de bien a pesar de las circunstancias y modas sociales; aquel que trabaja moralmente por la propia superaci\u00f3n y la de su entorno\u2026 es sencillamente un ser con conciencia de bien. Se concreta la teor\u00eda y la pr\u00e1ctica cotidianas, amalgamadas en acciones, pensamientos y sentimientos positivos, que tienden al crecimiento y la fortificaci\u00f3n racional del individuo.<\/p>\n<p>Mantener esta actitud y postura de vida es un desaf\u00edo en medio de una sociedad que propone a veces otros modelos y valores. A partir de esta base, lo que podamos conseguir ser\u00e1 nuestra responsabilidad y nuestro m\u00e9rito.<\/p>\n<p>El hombre de bien se siente responsable de su vida. Intenta comprenderse a s\u00ed mismo para comprender a los dem\u00e1s. Desea salir de s\u00ed mismo, dejar de temer que los dem\u00e1s entren en su espacio, y entiende que no existe paz ni felicidad fuera de la benevolencia, la solidaridad y el amor entre los hombres.<\/p>\n<p>Tratemos de cultivar diariamente nuestros pensamientos, sentimientos, brind\u00e1ndonos a los dem\u00e1s en acciones sencillas, percibiendo la emoci\u00f3n propia y de los otros, expresando el afecto, obrando con honestidad y respeto por el semejante. A veces podemos pensar que en un mundo competitivo, agresivo, s\u00f3lo triunfar\u00e1n los fuertes, pero los fuertes son los esp\u00edritus educados en el amor. Los fuertes son aquellos que ante la violencia reaccionan con serenidad, ante el insulto, con comprensi\u00f3n.<\/p>\n<p>Y la mejor manera de construir un mundo mejor para nosotros y para nuestros hijos es educando nuestra personalidad y desarroll\u00e1ndola en el amor y la felicidad, con la convicci\u00f3n de que cada uno de nosotros es un elemento importante en la evoluci\u00f3n de la humanidad.<\/p>\n<p>&nbsp;<\/p>\n<p style=\"text-align: right;\"><strong>Carlos Ben\u00edtez Villodres<\/strong><\/p>\n","protected":false},"excerpt":{"rendered":"<p>Seg\u00fan el psic\u00f3logo Jaci Regis, el hombre del siglo XXI es un ser que acumula vivencias y experiencias que delinean&hellip;<\/p>\n","protected":false},"author":2,"featured_media":1115,"comment_status":"open","ping_status":"open","sticky":false,"template":"","format":"standard","meta":{"om_disable_all_campaigns":false,"_mi_skip_tracking":false,"_monsterinsights_sitenote_active":false,"_monsterinsights_sitenote_note":"","_monsterinsights_sitenote_category":0,"footnotes":""},"categories":[21],"tags":[],"aioseo_notices":[],"_links":{"self":[{"href":"https:\/\/granadacostaglobal.es\/index.php?rest_route=\/wp\/v2\/posts\/2479"}],"collection":[{"href":"https:\/\/granadacostaglobal.es\/index.php?rest_route=\/wp\/v2\/posts"}],"about":[{"href":"https:\/\/granadacostaglobal.es\/index.php?rest_route=\/wp\/v2\/types\/post"}],"author":[{"embeddable":true,"href":"https:\/\/granadacostaglobal.es\/index.php?rest_route=\/wp\/v2\/users\/2"}],"replies":[{"embeddable":true,"href":"https:\/\/granadacostaglobal.es\/index.php?rest_route=%2Fwp%2Fv2%2Fcomments&post=2479"}],"version-history":[{"count":0,"href":"https:\/\/granadacostaglobal.es\/index.php?rest_route=\/wp\/v2\/posts\/2479\/revisions"}],"wp:featuredmedia":[{"embeddable":true,"href":"https:\/\/granadacostaglobal.es\/index.php?rest_route=\/"}],"wp:attachment":[{"href":"https:\/\/granadacostaglobal.es\/index.php?rest_route=%2Fwp%2Fv2%2Fmedia&parent=2479"}],"wp:term":[{"taxonomy":"category","embeddable":true,"href":"https:\/\/granadacostaglobal.es\/index.php?rest_route=%2Fwp%2Fv2%2Fcategories&post=2479"},{"taxonomy":"post_tag","embeddable":true,"href":"https:\/\/granadacostaglobal.es\/index.php?rest_route=%2Fwp%2Fv2%2Ftags&post=2479"}],"curies":[{"name":"wp","href":"https:\/\/api.w.org\/{rel}","templated":true}]}}