{"id":24719,"date":"2020-06-17T16:00:49","date_gmt":"2020-06-17T16:00:49","guid":{"rendered":"http:\/\/granadacostanacional.es\/?p=24719"},"modified":"2020-06-17T16:00:49","modified_gmt":"2020-06-17T16:00:49","slug":"nuestras-especias-especiales","status":"publish","type":"post","link":"https:\/\/granadacostaglobal.es\/?p=24719","title":{"rendered":"Nuestras Especias Especiales"},"content":{"rendered":"<h2 style=\"text-align: justify;\">Agot\u00e1ndose la primavera, vecina ya del verano, alcanzan protagonismo la canela y el lim\u00f3n<\/h2>\n<p style=\"text-align: justify;\">En particular por todo el litoral del Mediterr\u00e1neo Espa\u00f1ol, los meses de julio y agosto, en plena can\u00edcula estival, son los que adquieren una peculiar relevancia.<\/p>\n<p style=\"text-align: justify;\">Son aromas y sabores nuestros, que perfuman y aderezan tanto la leche merengada, el caf\u00e9 granizado, como la sangr\u00eda, que fresquita y ligera se cuela atrevida por nuestra garganta aliviando las altas temperaturas y luego nos invita a buscar un acomodo, una sombra, una hamaca, donde descansar, en el monte o en un recoveco de la playa bajo colorista sombrilla.<\/p>\n<p style=\"text-align: justify;\"><a href=\"http:\/\/granadacostanacional.es\/wp-content\/uploads\/2020\/06\/d\u00eda-de-playa.jpg\"><img decoding=\"async\" loading=\"lazy\" class=\"aligncenter size-large wp-image-24720\" src=\"http:\/\/granadacostanacional.es\/wp-content\/uploads\/2020\/06\/d\u00eda-de-playa-862x1024.jpg\" alt=\"d\u00eda-de-playa\" width=\"862\" height=\"1024\" \/><\/a><\/p>\n<p style=\"text-align: justify;\">Somos pueblo dado a las especias que nos llegaban desde oriente a trav\u00e9s de la ruta que pasa por Venecia, G\u00e9nova y N\u00e1poles; y de todas ellas fue la canela de Ceil\u00e1n, a la que se le atribuye un efecto excitante, la preferida.<\/p>\n<p style=\"text-align: justify;\">Con las especias, tom\u00f3 m\u00e1xima importancia la utilizaci\u00f3n de las hierbas en nuestra cocina desde \u00e9pocas inmemoriales, cuando se descubri\u00f3 la ra\u00edz de la galanga procedente de Sumatra; la malvas\u00eda y el picante jengibre, que goz\u00f3 de las m\u00e1s encendidas alabanzas del valenciano Joanot Martorell en su \u201cTirant lo Blanc\u201d, una novela que tiende un puente entre la Edad Media y el Renacimiento, pues en sus p\u00e1ginas la tradici\u00f3n caballeresca de aventuras, con su exceso anecd\u00f3tico y lo rudimentario de la construcci\u00f3n, se refina y enriquece con agudezas juiciosas, humor e iron\u00edas que anuncian ya la gran literatura narrativa del Siglo de Oro.<\/p>\n<p style=\"text-align: justify;\">El secreto de numerosos guisos que hoy son t\u00edpicos de las diversas regiones que forman nuestra piel de toro, y que ya tientan desde la cocina antes de ser servidos, por su penetrante aroma capaz de despertar los apetitos m\u00e1s dormidos, sigue consistiendo en el \u201ctoquecito\u201d de hierbas provenzales, estrag\u00f3n, tomillo o romero para carnes; el hinojo, el laurel y el eneldo para el pescado; hierbabuena seca en las sopas, y as\u00ed un largo etc\u00e9tera, hasta llegar al cardamomo que se recomienda para los dulces, legados por los \u00e1rabes y que en \u201cLas Mil y Una Noches\u201d, toman activo protagonismo enalteciendo las propiedades afrodis\u00edacas, y su aroma evoca los placeres de oriente.<\/p>\n<p style=\"text-align: justify;\">Para luego de tan exquisitos manjares y siempre en busca del placer gustativo, las bebidas refrescantes como el \u201cblanco y negro\u201d (helado de vainilla y caf\u00e9), la horchata, el lim\u00f3n granizado con su ramita de menta fresca se colar\u00e1n, con sus aromas, por la persianas echadas y pondr\u00e1n su preludio a la siesta o a ese duermevela en la mecedora de rejilla color miel, que permite so\u00f1ar siempre con cosas placenteras.<\/p>\n<p style=\"text-align: justify;\"><a href=\"http:\/\/granadacostanacional.es\/wp-content\/uploads\/2020\/06\/2020-06-15_170650.jpg\"><img decoding=\"async\" loading=\"lazy\" class=\"aligncenter size-large wp-image-24721\" src=\"http:\/\/granadacostanacional.es\/wp-content\/uploads\/2020\/06\/2020-06-15_170650-713x1024.jpg\" alt=\"2020-06-15_170650\" width=\"713\" height=\"1024\" \/><\/a><\/p>\n<p style=\"text-align: justify;\">\u00a1Buen apetito y felices vacaciones a todos!<\/p>\n<p style=\"text-align: right;\"><em><strong>Francisco Ponce Carrasco<\/strong><\/em><\/p>\n","protected":false},"excerpt":{"rendered":"<p>Agot\u00e1ndose la primavera, vecina ya del verano, alcanzan protagonismo la canela y el lim\u00f3n En particular por todo el litoral&hellip;<\/p>\n","protected":false},"author":2,"featured_media":24452,"comment_status":"open","ping_status":"open","sticky":false,"template":"","format":"standard","meta":{"om_disable_all_campaigns":false,"_mi_skip_tracking":false,"_monsterinsights_sitenote_active":false,"_monsterinsights_sitenote_note":"","_monsterinsights_sitenote_category":0,"footnotes":""},"categories":[21,30],"tags":[],"aioseo_notices":[],"_links":{"self":[{"href":"https:\/\/granadacostaglobal.es\/index.php?rest_route=\/wp\/v2\/posts\/24719"}],"collection":[{"href":"https:\/\/granadacostaglobal.es\/index.php?rest_route=\/wp\/v2\/posts"}],"about":[{"href":"https:\/\/granadacostaglobal.es\/index.php?rest_route=\/wp\/v2\/types\/post"}],"author":[{"embeddable":true,"href":"https:\/\/granadacostaglobal.es\/index.php?rest_route=\/wp\/v2\/users\/2"}],"replies":[{"embeddable":true,"href":"https:\/\/granadacostaglobal.es\/index.php?rest_route=%2Fwp%2Fv2%2Fcomments&post=24719"}],"version-history":[{"count":0,"href":"https:\/\/granadacostaglobal.es\/index.php?rest_route=\/wp\/v2\/posts\/24719\/revisions"}],"wp:featuredmedia":[{"embeddable":true,"href":"https:\/\/granadacostaglobal.es\/index.php?rest_route=\/"}],"wp:attachment":[{"href":"https:\/\/granadacostaglobal.es\/index.php?rest_route=%2Fwp%2Fv2%2Fmedia&parent=24719"}],"wp:term":[{"taxonomy":"category","embeddable":true,"href":"https:\/\/granadacostaglobal.es\/index.php?rest_route=%2Fwp%2Fv2%2Fcategories&post=24719"},{"taxonomy":"post_tag","embeddable":true,"href":"https:\/\/granadacostaglobal.es\/index.php?rest_route=%2Fwp%2Fv2%2Ftags&post=24719"}],"curies":[{"name":"wp","href":"https:\/\/api.w.org\/{rel}","templated":true}]}}