{"id":24716,"date":"2020-06-17T15:57:31","date_gmt":"2020-06-17T15:57:31","guid":{"rendered":"http:\/\/granadacostanacional.es\/?p=24716"},"modified":"2020-06-17T15:57:31","modified_gmt":"2020-06-17T15:57:31","slug":"tren-de-lluvia","status":"publish","type":"post","link":"https:\/\/granadacostaglobal.es\/?p=24716","title":{"rendered":"TREN DE LLUVIA"},"content":{"rendered":"<p style=\"text-align: justify;\">Roberto acaba de subir al tren y recuerda cuando viajaba con su familia. Siempre se sentaban junto a la ventanilla en el vag\u00f3n n\u00famero 13 y oteaban como el paisaje se desplegaba ante su mirada. Prefer\u00edan los d\u00edas de lluvia para viajar. Cuando las gotas resbalaban por el vidrio, parec\u00eda una cortina a trav\u00e9s de la cual todo se ve\u00eda distinto, difuso. La lluvia parec\u00eda una ninfa que ca\u00eda del cielo con un vestido de hada.<\/p>\n<p style=\"text-align: justify;\">Dejaban atr\u00e1s la estaci\u00f3n de M\u00e1laga en el atardecer de un s\u00e1bado de septiembre. El silbato del conductor cayendo al pozo gris de la noche. Era una noche de tormenta. Incluso los \u00e1rboles se llenaron de l\u00e1grimas errantes. \u00abLa noche tambi\u00e9n tiene su encanto\u00bb, pensaba; cuando la oscuridad es salpicada por brillantes puntos plateados que titilan en la lejan\u00eda. \u00a1Qu\u00e9 bonita era la lluvia! Comentaba su madre, \u00abqu\u00e9 a la tierra nutre y salva, y por ello las flores y plantas su sed y fatigas calma\u00bb. En la propia vida surgen tiempos nublados. Aquella ma\u00f1ana, sin ir m\u00e1s lejos, el cielo hab\u00eda amanecido como entramado de algod\u00f3n, difuminado en tonalidades grises. El viento en cambio, parec\u00eda susurrar melod\u00edas de tormenta, pensaba en la melod\u00eda de Yanni. Daba la impresi\u00f3n que las nubes, se fund\u00edan con abrazos formando figuras.<\/p>\n<p style=\"text-align: justify;\">Roberto se hab\u00eda levantado con entusiasmo buscando ese nuevo mar de experiencias, en el centro de la ciudad, probablemente esperando un d\u00eda m\u00e1s largo. Sonaba la banda Municipal; a lo lejos se escuchan los golpes secos del arcabuz. Algunos miraban al cielo, otras los m\u00f3viles. Las redes sociales avanzando noticias no deseadas, se atrev\u00edan a ser sibilas. Los hermanos de Roberto estaban felices con el pasacalle. Grupos de personas se agolpaban en la plaza de la Constituci\u00f3n mirando al alma y al cielo, intentando buscar alguna explicaci\u00f3n del porqu\u00e9 de las nubes, se atrev\u00edan a esconder al sol. Un suave sirimiri contemplaba el ruedo de banderas, y minutos m\u00e1s tarde, condensadas gotas golpeaban el asfalto de la calle Larios. El algod\u00f3n de las nubes, no hab\u00eda respetado la tregua imaginaria. La meteorolog\u00eda no era una ciencia exacta, el hombre del tiempo se volvi\u00f3 a afeitar el bigote al d\u00eda siguiente.<\/p>\n<p style=\"text-align: justify;\">Cuando Roberto y su familia se dirig\u00edan a la estaci\u00f3n jarreaba. Sol\u00edan tomar el tren con destino a la estaci\u00f3n de Atocha de Madrid. Levant\u00f3 la ventanilla, para que entrase un poco de aire fresco. Pas\u00f3 la palma de la mano, dibujaba un c\u00edrculo e intentaba desempa\u00f1ar el vidrio: hizo vapor con su aliento para garabatear el nombre de su hermana peque\u00f1a. La estaci\u00f3n herv\u00eda de gente, de actividad, de movimiento. Era como el incansable coraz\u00f3n que bombeaba sangre a todo el resto del cuerpo. Aguardaban cada d\u00eda la llegada del AVE que les tra\u00eda el diario, las cartas ansiosamente esperadas, las encomiendas de Madrid, la gente que ven\u00eda a hacer negocios a la ciudad. En una palabra, la vida. Era una vida tranquila, un momento en el que todos eran felices.<\/p>\n<p style=\"text-align: justify;\">Final del formulario<\/p>\n<p style=\"text-align: justify;\">\u00a0\u00a0\u00a0\u00a0\u00a0\u00a0\u00a0\u00a0\u00a0Ahora Roberto viaja solo un d\u00eda cualquiera. Se vuelve a sentar junto a la ventanilla del tren en el vag\u00f3n n\u00famero 13. En el mismo lugar de siempre, para mirar como el paisaje se despliega ante su vista.\u00a0\u00a0Rememora otra ma\u00f1ana de s\u00e1bado con lluvia: las gotas recorr\u00edan su frente tras resbalar de su pelo pelirrojo, hasta alcanzar ese t\u00f3rrido escote y morir en sus cr\u00e1teres de su compa\u00f1era de trabajo. Se secaron la lluvia bajo unas s\u00e1banas de raso, envueltos en la melod\u00eda del agua contra los cristales. Solo le quedaba buscar una coartada para evitar las sospechas y preguntas de su mujer. En su m\u00f3vil, guardaba fotos de comidas y cenas de trabajo\u2026 Finalmente se decant\u00f3 por una foto interior de la oficina, y le a\u00f1adi\u00f3 el texto: \u00abfinalizando tareas de un aburrido s\u00e1bado\u00bb, justo antes de enviarla a su mujer. Inmediatamente, borr\u00f3 la imagen para no volver a utilizarla en el futuro.<\/p>\n<p style=\"text-align: justify;\">\u00a0\u00a0\u00a0\u00a0\u00a0\u00a0\u00a0\u00a0\u00a0\u00a0\u00a0 Al llegar a su casa, la encontr\u00f3 vac\u00eda. Su esposa no respond\u00eda a llamadas ni mensajes. Ni una nota, ni una pista\u2026 salvo el ordenador encendido. Desbloque\u00f3 la pantalla, y apareci\u00f3 la foto que le hab\u00eda enviado a su m\u00f3vil. A esa escala, se apreciaban mejor los detalles: papeles ordenados sobre la mesa, un tel\u00e9fono, bol\u00edgrafos\u2026 y en la esquina superior derecha de la imagen\u2026Al ampliar la foto, en esa zona se distingu\u00eda una m\u00ednima fracci\u00f3n de una peque\u00f1a ventana. Mostrando un cielo azul despejado, ajeno a la belleza de la lluvia que hab\u00eda empapado el d\u00eda sin conceder un respiro.<\/p>\n<p style=\"text-align: justify;\">\u00a0\u00a0\u00a0\u00a0\u00a0\u00a0\u00a0\u00a0\u00a0\u00a0\u00a0 Siempre hab\u00eda amado la lluvia. Hasta ese maldito s\u00e1bado en que le cost\u00f3 un divorcio.<\/p>\n<p style=\"text-align: justify;\">Cuando Roberto cumpli\u00f3 los cuarenta segu\u00eda viajando en tren. Mientras oteaba los pastizales que ocultaban las v\u00edas comenz\u00f3 a llover. Rememoraba cuando iba con sus amigos a jugar en los vagones abandonados, llevando un poco de vida. Esperaba en vano que un d\u00eda pudiese ir lejos en busca de un futuro mejor. Ahora en el presente el and\u00e9n desolado, habitado por fantasmas que se han negado a partir. El flujo vital que proviene de su red de numerosos afluentes se cort\u00f3 hace poco. \u00abNo es rentable\u00bb, dijeron algunos; mientras otros observ\u00e1bamos con horror cuales ser\u00edan las inevitables consecuencias de tal desprop\u00f3sito. En una palabra, la muerte.<\/p>\n<p style=\"text-align: justify;\">\n<p style=\"text-align: right;\"><strong>Ana Mar\u00eda L\u00f3pez Exp\u00f3sito<\/strong><\/p>\n","protected":false},"excerpt":{"rendered":"<p>Roberto acaba de subir al tren y recuerda cuando viajaba con su familia. Siempre se sentaban junto a la ventanilla&hellip;<\/p>\n","protected":false},"author":2,"featured_media":24717,"comment_status":"open","ping_status":"open","sticky":false,"template":"","format":"standard","meta":{"om_disable_all_campaigns":false,"_mi_skip_tracking":false,"_monsterinsights_sitenote_active":false,"_monsterinsights_sitenote_note":"","_monsterinsights_sitenote_category":0,"footnotes":""},"categories":[21],"tags":[],"aioseo_notices":[],"_links":{"self":[{"href":"https:\/\/granadacostaglobal.es\/index.php?rest_route=\/wp\/v2\/posts\/24716"}],"collection":[{"href":"https:\/\/granadacostaglobal.es\/index.php?rest_route=\/wp\/v2\/posts"}],"about":[{"href":"https:\/\/granadacostaglobal.es\/index.php?rest_route=\/wp\/v2\/types\/post"}],"author":[{"embeddable":true,"href":"https:\/\/granadacostaglobal.es\/index.php?rest_route=\/wp\/v2\/users\/2"}],"replies":[{"embeddable":true,"href":"https:\/\/granadacostaglobal.es\/index.php?rest_route=%2Fwp%2Fv2%2Fcomments&post=24716"}],"version-history":[{"count":0,"href":"https:\/\/granadacostaglobal.es\/index.php?rest_route=\/wp\/v2\/posts\/24716\/revisions"}],"wp:featuredmedia":[{"embeddable":true,"href":"https:\/\/granadacostaglobal.es\/index.php?rest_route=\/"}],"wp:attachment":[{"href":"https:\/\/granadacostaglobal.es\/index.php?rest_route=%2Fwp%2Fv2%2Fmedia&parent=24716"}],"wp:term":[{"taxonomy":"category","embeddable":true,"href":"https:\/\/granadacostaglobal.es\/index.php?rest_route=%2Fwp%2Fv2%2Fcategories&post=24716"},{"taxonomy":"post_tag","embeddable":true,"href":"https:\/\/granadacostaglobal.es\/index.php?rest_route=%2Fwp%2Fv2%2Ftags&post=24716"}],"curies":[{"name":"wp","href":"https:\/\/api.w.org\/{rel}","templated":true}]}}