{"id":24707,"date":"2020-06-15T17:31:05","date_gmt":"2020-06-15T17:31:05","guid":{"rendered":"http:\/\/granadacostanacional.es\/?p=24707"},"modified":"2020-06-15T17:31:05","modified_gmt":"2020-06-15T17:31:05","slug":"educacion-sin-rostros-voces-aisladas-emociones-a-la-distancia","status":"publish","type":"post","link":"https:\/\/granadacostaglobal.es\/?p=24707","title":{"rendered":"Educaci\u00f3n sin rostros, voces aisladas, emociones a la distancia"},"content":{"rendered":"<p style=\"text-align: justify;\">La pandemia, COVID 19, coronavirus, terminolog\u00edas que a diario resuenan en nuestra mente, escuchan nuestros o\u00eddos, leen nuestros ojos y por sobre todo generan distintas emociones en cada ser humano; existiendo, detr\u00e1s de esto un concierto poco orquestado de situaciones que se viven al interior de cada familia, de cada persona.<\/p>\n<p style=\"text-align: justify;\"><a href=\"http:\/\/granadacostanacional.es\/wp-content\/uploads\/2020\/06\/nino-mirando-mapa-en-el-ordenador.r_d.323-164-12738.jpeg\"><img decoding=\"async\" loading=\"lazy\" class=\"alignnone size-medium wp-image-24710 alignleft\" src=\"http:\/\/granadacostanacional.es\/wp-content\/uploads\/2020\/06\/nino-mirando-mapa-en-el-ordenador.r_d.323-164-12738-300x169.jpeg\" alt=\"nino-mirando-mapa-en-el-ordenador.r_d.323-164-12738\" width=\"300\" height=\"169\" \/><\/a>Una partitura de este nuevo concierto est\u00e1 intentando ser interpretada por peque\u00f1os(as) y grandes estudiantes, que sin saber tocar la totalidad de los instrumentos han tenido que colocarse al frente del director de orquesta, EL PROFESOR, quien, por su parte,ha aprendido a dirigir con batuta en mano, sincronizando todo su talento y vocaci\u00f3n docente para lograr destellar con el mejor concierto que, en su vida, imagin\u00f3 tener que brindar.<\/p>\n<p style=\"text-align: justify;\"><strong>\u00bfEducaci\u00f3n o ense\u00f1anza virtual?<\/strong>,<strong> \u00bfse puede educar y ense\u00f1ar a la vez a trav\u00e9s de una pantalla que invisibiliza a rostros y emociones?<\/strong>, son distintos los contextos virtuales que hoy d\u00eda abren la puerta al director de orquesta y frente a cada uno de esos escenarios; cada profesional de la educaci\u00f3n se esmera por dise\u00f1ar y ejecutar un concierto lo m\u00e1s orquestado posible.<\/p>\n<p style=\"text-align: justify;\">En estos escenarios resulta de gran relevancia hacer la siguiente pregunta <strong>\u00bfqu\u00e9 privilegiar al momento de definir qu\u00e9 concierto presentar?<\/strong>; como docente, considerando que, para muchos de nuestros estudiantes, cada uno de estos encuentros resulta ser una oportunidad \u00fanica en su vida para vincularse con experiencias de aprendizajes significativos \u00bfnos concentramos en la contenci\u00f3n emocional? o \u00bfen abordar el mayor n\u00famero posible de contenidos?<\/p>\n<p style=\"text-align: justify;\">A nivel de ense\u00f1anza b\u00e1sica y ense\u00f1anza media, resulta \u00fatil y significativamente necesaria la llamada priorizaci\u00f3n curricular; pero que pasa con los estudiantes de educaci\u00f3n superior,considerando que cada concierto resulta ser una instancia para desarrollar habilidades a trav\u00e9s del\u00a0 di\u00e1logo, de la interacci\u00f3n con sus pares,\u00a0 del trabajo colaborativo; cada nueva partitura es fundamental para adquirir conocimientos te\u00f3ricos y pr\u00e1cticos necesarios en su formaci\u00f3n profesional, cada melod\u00eda genera emociones que facilitan la apropiaci\u00f3n de herramientas bases para su formaci\u00f3n integral.<\/p>\n<p style=\"text-align: justify;\">Poco f\u00e1cil y altamente desafiante resulta para un docente tratar de que todos sus estudiantes logren aprender a tocar alguno de los instrumentos de la orquesta que dirige, sobre todo al no conectarse con sus emociones y rostros,\u00a0 no tener ese feedback, esos intercambios de miradas, \u00a0al carecer de ese lenguaje gestual que permite al docente ir percibiendo si est\u00e1 \u201caprendiendo\u201d o no; es decir, nos encontramos frente a una educaci\u00f3n sin rostros, voces aisladas, emociones a la distancia; sin embargo, con toda la grandeza que contiene el ejercicio de la profesi\u00f3n docente, un PROFESOR siempre encuentra la manera de asignar los distintos instrumentos entre la diversidad de m\u00fasicos \u00a0y\u00a0 brindar en conjunto el concierto mejor orquestado de sus vidas.<\/p>\n<p style=\"text-align: justify;\">Mg .Paulina Riffo Arriagada Profesora de Educaci\u00f3n Diferencial Docente Universitaria en Educaci\u00f3n en la Diversidad.\u00a0Talcahuano, Chile.<\/p>\n<p>&nbsp;<\/p>\n","protected":false},"excerpt":{"rendered":"<p>La pandemia, COVID 19, coronavirus, terminolog\u00edas que a diario resuenan en nuestra mente, escuchan nuestros o\u00eddos, leen nuestros ojos y&hellip;<\/p>\n","protected":false},"author":4,"featured_media":24712,"comment_status":"open","ping_status":"open","sticky":false,"template":"","format":"standard","meta":{"om_disable_all_campaigns":false,"_mi_skip_tracking":false,"_monsterinsights_sitenote_active":false,"_monsterinsights_sitenote_note":"","_monsterinsights_sitenote_category":0,"footnotes":""},"categories":[25,21,35,22,19,30],"tags":[],"aioseo_notices":[],"_links":{"self":[{"href":"https:\/\/granadacostaglobal.es\/index.php?rest_route=\/wp\/v2\/posts\/24707"}],"collection":[{"href":"https:\/\/granadacostaglobal.es\/index.php?rest_route=\/wp\/v2\/posts"}],"about":[{"href":"https:\/\/granadacostaglobal.es\/index.php?rest_route=\/wp\/v2\/types\/post"}],"author":[{"embeddable":true,"href":"https:\/\/granadacostaglobal.es\/index.php?rest_route=\/wp\/v2\/users\/4"}],"replies":[{"embeddable":true,"href":"https:\/\/granadacostaglobal.es\/index.php?rest_route=%2Fwp%2Fv2%2Fcomments&post=24707"}],"version-history":[{"count":0,"href":"https:\/\/granadacostaglobal.es\/index.php?rest_route=\/wp\/v2\/posts\/24707\/revisions"}],"wp:featuredmedia":[{"embeddable":true,"href":"https:\/\/granadacostaglobal.es\/index.php?rest_route=\/"}],"wp:attachment":[{"href":"https:\/\/granadacostaglobal.es\/index.php?rest_route=%2Fwp%2Fv2%2Fmedia&parent=24707"}],"wp:term":[{"taxonomy":"category","embeddable":true,"href":"https:\/\/granadacostaglobal.es\/index.php?rest_route=%2Fwp%2Fv2%2Fcategories&post=24707"},{"taxonomy":"post_tag","embeddable":true,"href":"https:\/\/granadacostaglobal.es\/index.php?rest_route=%2Fwp%2Fv2%2Ftags&post=24707"}],"curies":[{"name":"wp","href":"https:\/\/api.w.org\/{rel}","templated":true}]}}