{"id":24698,"date":"2020-06-15T15:38:04","date_gmt":"2020-06-15T15:38:04","guid":{"rendered":"http:\/\/granadacostanacional.es\/?p=24698"},"modified":"2020-06-15T15:38:04","modified_gmt":"2020-06-15T15:38:04","slug":"avenida-de-salobrena-y-calle-molvizar-itrabo","status":"publish","type":"post","link":"https:\/\/granadacostaglobal.es\/?p=24698","title":{"rendered":"AVENIDA DE SALOBRE\u00d1A Y CALLE MOLV\u00cdZAR (\u00cdTRABO)"},"content":{"rendered":"<p style=\"text-align: justify;\"><strong>H<\/strong>ay que reconocer \u2013y as\u00ed ha sido\u2013 que, durante much\u00edsimos a\u00f1os, \u00cdtrabo se reconstru\u00eda sobre s\u00ed mismo. En mi ni\u00f1ez y adolescencia, las obras eran casi siempre de tipo restauraci\u00f3n, solamente en muy contadas ocasiones se constru\u00eda una casa nueva y, si eso suced\u00eda, era porque alguna de ellas se encontraba en una situaci\u00f3n de desplome. Recuerdo que hab\u00eda por aquel entonces solamente dos o tres hombres que se dedicaban a la alba\u00f1iler\u00eda y, aun as\u00ed, no pod\u00edan dedicarse en exclusiva a este digno menester y ten\u00edan que compaginarlo con otros trabajos para poder vivir. Por ello, la mayor\u00eda de sus edificios eran viejos, algunos de m\u00e1s de 100 o 200 a\u00f1os. Sin embargo, la impresi\u00f3n a primera vista para los que llegaban a \u00cdtrabo era la de una poblaci\u00f3n que se conservaba muy bien, pese a los a\u00f1os terribles de la posguerra, debido principalmente al cuidado que pon\u00edan las mujeres en la conservaci\u00f3n de las fachadas de sus casas, que las pintaban de cal constantemente, lo que hac\u00eda que, al darles el sol, brillaran de limpio. Quiz\u00e1s era este un arte reservado exclusivamente a las maravillosas y abnegadas mujeres del pueblo donde nac\u00ed.<\/p>\n<p style=\"text-align: justify;\">\u00a0\u00a0\u00a0\u00a0\u00a0\u00a0\u00a0\u00a0\u00a0\u00a0\u00a0 Por aquellas fechas de los a\u00f1os 50-60 del siglo pasado, en los que la subsistencia de la mayor\u00eda de las familias era un milagro constante, no restaba un \u00e1pice el que todas las casas por fuera estuvieran impecables. Por dentro la limpieza era impoluta, y solamente alrededor de las chimeneas, en \u00e9poca de invierno, hab\u00eda trozos peque\u00f1os de le\u00f1a fuera de su lugar. Tambi\u00e9n era de obligado cumplimiento, mandatado por el Ayuntamiento, que cada a\u00f1o por las fiestas patronales, que por aquel entonces se celebraban en el mes de febrero, se arreglasen las calles, es decir, los agujeros y piedras sueltas que produc\u00edan los muchos animales de carga que entonces hab\u00eda en la poblaci\u00f3n, ya que casi todas las casas dispon\u00edan de alg\u00fan mulo o burro para ayudar a las labores agr\u00edcolas. El continuo trasiego de animales, personas y la lluvia hac\u00eda que, al menos una vez cada a\u00f1o, el Ayuntamiento arreglara esos desperfectos. Hoy ya no es as\u00ed, ni las calles son empedradas, ni por sus calles pasan los animales de carga. Hoy en d\u00eda sus calles son diferentes y solamente transitan los veh\u00edculos de motor y cualquier incidencia que se produzca en la calzada se arregla de inmediato.<\/p>\n<p style=\"text-align: justify;\"><a href=\"http:\/\/granadacostanacional.es\/wp-content\/uploads\/2020\/06\/Avenida-de-Salobre\u00f1a.jpg\"><img decoding=\"async\" loading=\"lazy\" class=\"aligncenter size-large wp-image-24699\" src=\"http:\/\/granadacostanacional.es\/wp-content\/uploads\/2020\/06\/Avenida-de-Salobre\u00f1a-1024x483.jpg\" alt=\"Avenida de Salobre\u00f1a\" width=\"1024\" height=\"483\" \/><\/a><\/p>\n<p style=\"text-align: center;\"><strong>Avenida de Salobre\u00f1a<\/strong><\/p>\n<p style=\"text-align: justify;\"><strong>Avenida de Salobre\u00f1a<\/strong>, comienza delante de la parada del autob\u00fas y desemboca en la plaza de Andaluc\u00eda, es una calle ancha y llana, salvo el trozo que sube hasta la plaza, conocido popularmente como el \u201cpasa\u00edzo\u201d. Esta Avenida es pr\u00e1cticamente nueva, al menos desde su principio hasta el consultorio m\u00e9dico, que es un edificio que se construy\u00f3 siendo yo un ni\u00f1o para que sirviera de consultorio y de vivienda del m\u00e9dico. A partir de ah\u00ed hasta la plaza son edificaciones antiguas que se conservan muy bien. Ya que no solamente se han restaurado por dentro, sino tambi\u00e9n por fuera.<\/p>\n<p style=\"text-align: justify;\">\u00a0\u00a0\u00a0\u00a0\u00a0\u00a0\u00a0\u00a0\u00a0\u00a0\u00a0 Como vamos accediendo por esta calle y pasado la marquesina de la parada del autob\u00fas y a la izquierda, encontramos la <strong>Biblioteca Municipal<\/strong>, bien dotada de libros, y bajo esta hay una sala de exposiciones. Aqu\u00ed tambi\u00e9n durante un tiempo estuvo el Hogar del Pensionista. Junto a la Biblioteca hay una nave en donde se subastaba la fruta, que pertenec\u00eda a <strong>Andr\u00e9s Morcillo<\/strong>, casado con una prima hermana m\u00eda, <strong>Lola Arellano Montes. <\/strong>Andr\u00e9s falleci\u00f3 hace ya unos 10 a\u00f1os. Hoy su funci\u00f3n es para guardar enseres y veh\u00edculos. M\u00e1s arriba est\u00e1 el bar que pertenec\u00eda a <strong>Joaqu\u00edn Alabarces<\/strong> <strong>Pe\u00f1alver<\/strong> (ya fallecido), que fue Alcalde de la poblaci\u00f3n. Este bar se le ha conocido por varios nombres y ha sido regentado por distintas personas. A continuaci\u00f3n, hab\u00eda un supermercado y seguidamente estaba el conocid\u00edsimo bar de <strong>Medina<\/strong>, fundado y regentado hasta su jubilaci\u00f3n por <strong>Antonio Medina<\/strong>, con la ayuda de sus hijos, especialmente <strong>Roberto<\/strong> y <strong>Miguel \u00c1ngel<\/strong>. Bar que dispon\u00eda de dos estancias y terraza junto a la calle. En el bajo del edificio estaba ubicada la discoteca Medina Azahara, muy bien montada y que serv\u00eda de esparcimiento para los j\u00f3venes del pueblo y de los pueblos lim\u00edtrofes. Actualmente lo regenta <strong>Vicente<\/strong>, que lo ha reconvertido en un mes\u00f3n y bar, debo destacar el buen gusto que ha tenido en adornar las terrazas porticadas que dan a la avenida y la sala, m\u00e1s grandes con m\u00faltiples elementos decorativos y una gran profusi\u00f3n de macetas. A continuaci\u00f3n hab\u00eda un supermercado regentado por <strong>Virtudes<\/strong> <strong>Alabarces Villa<\/strong>. Despu\u00e9s hab\u00eda una taberna \u2013siendo yo ni\u00f1o\u2013 que regentaba <strong>Manuel Sangaya<\/strong> el <strong>\u201calmanaque<\/strong>\u201d, que emigraron a Argentina. Hoy es un edificio de tres plantas sin terminar.<\/p>\n<p style=\"text-align: justify;\">\u00a0\u00a0\u00a0\u00a0\u00a0\u00a0\u00a0\u00a0\u00a0\u00a0\u00a0 Seguimos por el lateral derecho y encontramos una casa en obras que lleva ya tiempo sin terminar. Pasada esta casa, descendemos por una escalera que va a parar a un camino que lleva a la entrada del pueblo, antes nos encontraremos con la entrada posterior del mes\u00f3n de Vicente y, a unos pasos, la entrada de lo que fue la discoteca <strong>Medina Azahara<\/strong>, que hoy es un lagar y almac\u00e9n. A la derecha hay varias casas, en una de ellas viv\u00eda <strong>Antonio Alabarces<\/strong> <strong>\u201cCayetano\u201d<\/strong> y en otra tiene la peluquer\u00eda una hija de este se\u00f1or: <strong>Yolanda Alabarces Villa<\/strong>, cuya hermana, <strong>Mar\u00eda Dolores,<\/strong> es una magn\u00edfica poeta, escritora, pintora y creadoras de manualidades, es lo que podr\u00edamos llamar \u201cpolifac\u00e9tica\u201d, a la que admiro y respeto, por su inteligencia y humanidad. Reside en Palma y est\u00e1 casada con <strong>Jes\u00fas Lozano<\/strong>. Seguimos por la calle hasta su final y recuerdo a algunas familias que aqu\u00ed viv\u00edan, como <strong>Antonio Ru\u00edz<\/strong>, <strong>Dolores la Esteba, Encarnaci\u00f3n la \u201cmorena\u201d, Encarna <\/strong>la de <strong>\u201cCayetano\u201d<\/strong>. A la derecha hay un callej\u00f3n corto en el que solamente hay una casa habitada, en la cual viv\u00eda la familia de <strong>Miguel Novo<\/strong>, a su lado, dos corrales, en uno de ellos mi padre, <strong>Juan Arellano Garc\u00eda<\/strong>, encerraba las cabras. En esta misma calle viv\u00eda <strong>Paco Morata.<\/strong><\/p>\n<p style=\"text-align: justify;\">\u00a0\u00a0\u00a0\u00a0\u00a0\u00a0\u00a0\u00a0\u00a0\u00a0\u00a0 Volvemos otra vez al principio de esta avenida y podemos comprobar que todos sus edificios son de inmejorable calidad. Son edificaciones nuevas construidas todas entre veinte y treinta a\u00f1os atr\u00e1s, creo que todos los propietarios compitieron a la hora de hacerlas para que fueran m\u00e1s grandes y mejores que las ya construidas. Con elementos arquitect\u00f3nicos sobresalientes y todas ellas de una muy buena presencia y en uno de los lugares m\u00e1s codiciados de la poblaci\u00f3n, por su anchura, en donde se puede aparcar, aunque todas las casas disponen de garaje. En este lado la acera es m\u00e1s estrecha, pero lo suficiente para andar c\u00f3modamente. Seguimos por este lateral hacia arriba hasta la intersecci\u00f3n de la calle Molv\u00edzar. A continuaci\u00f3n, nos encontramos con el edificio ya comentado en donde est\u00e1n ubicados la oficina de Correos y el centro m\u00e9dico, abierto diariamente desde la nueve de la ma\u00f1ana hasta las dos de la tarde, con servicio de enfermer\u00eda. El piso superior est\u00e1 destinado a los ensayos de la banda de m\u00fasica de \u00cdtrabo, aunque existen dos bandas, a continuaci\u00f3n, hay un supermercado y al lado viene una calle ascendente que pertenece a la calle Iglesia.<\/p>\n<p style=\"text-align: justify;\">\u00a0\u00a0\u00a0\u00a0\u00a0\u00a0\u00a0\u00a0\u00a0\u00a0\u00a0 Por ser esta avenida construida en diferentes fases y relativamente en pocos a\u00f1os, las familias que viven en la parte nueva son todas ellas o la mayor\u00eda j\u00f3venes, citar\u00e9 algunas de ellas: <strong>Mar\u00eda <\/strong>la \u201c<strong>fraila\u201d<\/strong>, <strong>Joaqu\u00edn<\/strong> el de <strong>\u201cCayetano\u201d<\/strong>,<strong> Paco Moreno<\/strong>, etc. Hoy en d\u00eda es la calle de mayor tr\u00e1nsito rodado y un sitio ideal para vivir, ya que al principio de esta v\u00eda est\u00e1 el cruce de carreteras que van a la costa y al valle del r\u00edo verde.<\/p>\n<p style=\"text-align: justify;\">\u00a0\u00a0\u00a0\u00a0\u00a0\u00a0\u00a0\u00a0\u00a0\u00a0\u00a0 Dentro del per\u00edmetro de esta avenida, se encuentra el parque llamado de \u201cZapata\u201d, por estar dentro de una finca que pertenec\u00eda a <strong>Manuel Zapata<\/strong>. El parque, aunque no muy grande, s\u00ed es lo suficiente para el esparcimiento de los ni\u00f1os, en donde hay toboganes y otros elementos para jugar y tambi\u00e9n para que los mayores puedan pasar un rato a la fresca bajo sus frondosos \u00e1rboles. Entre otros elementos hay una gran fuente de agua. Junto a este parque hay una gran plaza todav\u00eda sin adecentar, pienso que porque a\u00fan no est\u00e1 finalizada la gran urbanizaci\u00f3n que hay en lo que era la huerta de \u201cContreras\u201d. Es una pena, ya que la urbanizaci\u00f3n hubiera dado m\u00e1s vida al pueblo y se hubieran incrementado sus habitantes. Espero que se termine lo m\u00e1s pronto posible.<\/p>\n<p style=\"text-align: justify;\"><a href=\"http:\/\/granadacostanacional.es\/wp-content\/uploads\/2020\/06\/Calle-Molv\u00edzar.jpg\"><img decoding=\"async\" loading=\"lazy\" class=\"aligncenter wp-image-24700 size-medium\" src=\"http:\/\/granadacostanacional.es\/wp-content\/uploads\/2020\/06\/Calle-Molv\u00edzar-300x156.jpg\" alt=\"Calle Molv\u00edzar\" width=\"300\" height=\"156\" \/><\/a><\/p>\n<p style=\"text-align: center;\"><strong>Principio de la Calle Molv\u00edzar<\/strong><\/p>\n<p style=\"text-align: justify;\"><strong>Calle Molv\u00edzar<\/strong>, parte desde la Avenida de Salobre\u00f1a y va rodeando dicha calle por detr\u00e1s de las edificaciones cuyas entradas principales dan a dicha avenida y termina al principio de la avenida por una escalera. Solamente est\u00e1 edificado el lateral izquierdo, en donde viven varias familias. Es una calle tranquila que mira al campo. Es ideal para que jueguen los ni\u00f1os sin peligro alguno.<\/p>\n<p style=\"text-align: right;\">\n<p style=\"text-align: right;\"><strong>Marcelino Arellano Alabarces<\/strong><\/p>\n<p style=\"text-align: right;\"><strong>Palma de Mallorca \u00a0<\/strong><\/p>\n","protected":false},"excerpt":{"rendered":"<p>Hay que reconocer \u2013y as\u00ed ha sido\u2013 que, durante much\u00edsimos a\u00f1os, \u00cdtrabo se reconstru\u00eda sobre s\u00ed mismo. En mi ni\u00f1ez&hellip;<\/p>\n","protected":false},"author":3,"featured_media":11995,"comment_status":"open","ping_status":"open","sticky":false,"template":"","format":"standard","meta":{"om_disable_all_campaigns":false,"_mi_skip_tracking":false,"_monsterinsights_sitenote_active":false,"_monsterinsights_sitenote_note":"","_monsterinsights_sitenote_category":0,"footnotes":""},"categories":[19],"tags":[],"aioseo_notices":[],"_links":{"self":[{"href":"https:\/\/granadacostaglobal.es\/index.php?rest_route=\/wp\/v2\/posts\/24698"}],"collection":[{"href":"https:\/\/granadacostaglobal.es\/index.php?rest_route=\/wp\/v2\/posts"}],"about":[{"href":"https:\/\/granadacostaglobal.es\/index.php?rest_route=\/wp\/v2\/types\/post"}],"author":[{"embeddable":true,"href":"https:\/\/granadacostaglobal.es\/index.php?rest_route=\/wp\/v2\/users\/3"}],"replies":[{"embeddable":true,"href":"https:\/\/granadacostaglobal.es\/index.php?rest_route=%2Fwp%2Fv2%2Fcomments&post=24698"}],"version-history":[{"count":0,"href":"https:\/\/granadacostaglobal.es\/index.php?rest_route=\/wp\/v2\/posts\/24698\/revisions"}],"wp:featuredmedia":[{"embeddable":true,"href":"https:\/\/granadacostaglobal.es\/index.php?rest_route=\/"}],"wp:attachment":[{"href":"https:\/\/granadacostaglobal.es\/index.php?rest_route=%2Fwp%2Fv2%2Fmedia&parent=24698"}],"wp:term":[{"taxonomy":"category","embeddable":true,"href":"https:\/\/granadacostaglobal.es\/index.php?rest_route=%2Fwp%2Fv2%2Fcategories&post=24698"},{"taxonomy":"post_tag","embeddable":true,"href":"https:\/\/granadacostaglobal.es\/index.php?rest_route=%2Fwp%2Fv2%2Ftags&post=24698"}],"curies":[{"name":"wp","href":"https:\/\/api.w.org\/{rel}","templated":true}]}}