{"id":24681,"date":"2020-06-12T14:23:01","date_gmt":"2020-06-12T14:23:01","guid":{"rendered":"http:\/\/granadacostanacional.es\/?p=24681"},"modified":"2020-06-12T14:23:01","modified_gmt":"2020-06-12T14:23:01","slug":"ii-certamen-corpus-poetica-2020","status":"publish","type":"post","link":"https:\/\/granadacostaglobal.es\/?p=24681","title":{"rendered":"II Certamen Corpus Po\u00e9tica  2020"},"content":{"rendered":"<p style=\"text-align: justify;\">\nSi Valenzuela (C\u00f3rdoba) ya en el Corpus Christi destaca como uno de los rincones m\u00e1s bonitos de Espa\u00f1a. \u00a0Porque el Corpus es su diamante en una tradici\u00f3n y patrimonio cultural que ha mantenido durante m\u00e1s de un siglo, porque es una aut\u00e9ntica explosi\u00f3n de luz y colorido, un sello de calidad que se vuelca en seguir incrementando su belleza, al participar recientemente\u00a0 en la Comisi\u00f3n internacional Gestora de Entidades Alfombristas del Camino de Santiago. Cuenta adem\u00e1s para su reconocimiento con su Certamen Internacional\u00a0 CorpusPo\u00e9tica que lo engrandece art\u00edsticamente y desde esta segunda convocatoria, en estos momentos de estupor por el coronavirus, quiere consolidarse\u00a0 a nivel cordob\u00e9s y andaluz, \u00a0queriendo llegar su alcance a ser un referente nacional.\u00a0 El Certamen CORPUS PO\u00c9TICA ESPECIAL de esta segunda edici\u00f3n cobra m\u00e1s relevancia si cabe por la celebraci\u00f3n virtual; pero no menos importante por lo que a esfuerzo y a calidad de todos los participantes se refiere. Aunando el arte de la m\u00fasica con el de la poes\u00eda para que se consolide, y ocupe el merecido espacio reservado a tan singular joya cordobesa po\u00e9tica cultural. Este ambicioso Proyecto seg\u00fan su director y organizador, nuestro poeta y escritor Francisco Velasco Rey \u00a0se implementa con la Canci\u00f3n de Autor, de Cantautores de Poemas para hacer disfrutar de la poes\u00eda a todo el mundo, con la magia de la m\u00fasica de Euterpe.<\/p>\n<p style=\"text-align: justify;\"><a href=\"http:\/\/granadacostanacional.es\/wp-content\/uploads\/2020\/06\/image003.jpg\"><img decoding=\"async\" loading=\"lazy\" class=\"aligncenter size-large wp-image-24683\" src=\"http:\/\/granadacostanacional.es\/wp-content\/uploads\/2020\/06\/image003.jpg\" alt=\"image003\" width=\"694\" height=\"390\" \/><\/a> <a href=\"http:\/\/granadacostanacional.es\/wp-content\/uploads\/2020\/06\/image002.jpg\"><img decoding=\"async\" loading=\"lazy\" class=\"aligncenter size-large wp-image-24684\" src=\"http:\/\/granadacostanacional.es\/wp-content\/uploads\/2020\/06\/image002.jpg\" alt=\"image002\" width=\"626\" height=\"469\" \/><\/a><\/p>\n<p style=\"text-align: justify;\">Sobre todo se celebrar\u00e1 con la importancia que la m\u00fasica otorga para fomentar \u00a0el gusto y placer por la poes\u00eda, de alta calidad. Se ha contado para la ocasi\u00f3n y para que contin\u00fae en esta l\u00ednea, con artistas de la Canci\u00f3n de Autor, de primer orden a nivel nacional, Cantautores, que musicar\u00e1n y cantar\u00e1n los Poemas seleccionados para el Concurso de la Gala final, que ser\u00e1 como una actividad m\u00e1s que lleve al Corpus de Valenzuela donde se merece estar. Pero insiste Francisco Velasco que para este reconocimiento se necesita contar con Cantautores de la talla y talento que hemos seleccionado. Con la sensaci\u00f3n de la misi\u00f3n cumplida, en este Certamen como no pod\u00eda ser menos, aparte de tres de los grandes poetas del embri\u00f3n del a\u00f1o pasado, que se han sumado a sembrar y consolidar el rinc\u00f3n po\u00e9tico con el que Valenzuela contar\u00e1 muy pronto: \u00a0la malague\u00f1a Mar\u00eda \u00c1ngeles Rodr\u00edguez Primer premio del\u00a0 Primer Certamen a la que acompa\u00f1ar\u00e1 el dueto Cordob\u00e9s Lydia Sag y Jos\u00e9 Mart\u00ednez, 2\u00ba Premio \u00a0el madrile\u00f1o Andr\u00e9s \u00a0Rodr\u00edguez recitado por el gran rapsoda Got talens Paco P\u00e9rez y \u00a0el acc\u00e9sit de la narradora jienense Isabel \u00a0Almagro. El jurado ha nominado esta vez como ganador a Francisco Domene, para el Premio II Certamen de CORPUS PO\u00c9TICA, por su magn\u00edfica trayectoria literaria y po\u00e9tica durante m\u00e1s de 30 a\u00f1os, y galardones recibidos de \u00e1mbito Nacional como el Ciudad de Ir\u00fan, A Machado, Blas de Otero, Ciudad de Burgos, Jos\u00e9 Hierro entre otros m\u00e1s. Asimismo los seis Nominados mejores Cantautores del Certamen son: Paco Damas, Andr\u00e9s Gim\u00e9nez, Antonio G\u00f3mez del dueto Sopa de Ganso, Juan Trova, Juanma Alaminos y el vinagorro Rafa Morales de Versiones Informales.\u00a0 Cerrando la Alfombra de CORPUSPO\u00c9TICA y pisando fuerte la Banda Rockera Ex Medinas con otro vinagorro Miguel Gal\u00e1n, componente esencial de Medina Azahara. Aparte de alguna sorpresa que no se desvelar\u00e1 hasta la emisi\u00f3n\u00a0 virtual en directo el s\u00e1bado 13 de junio a las 22:00 en el parque Municipal de Valenzuela.<\/p>\n<p style=\"text-align: justify;\"><a href=\"http:\/\/granadacostanacional.es\/wp-content\/uploads\/2020\/06\/image004.jpg\"><img decoding=\"async\" loading=\"lazy\" class=\"aligncenter size-large wp-image-24685\" src=\"http:\/\/granadacostanacional.es\/wp-content\/uploads\/2020\/06\/image004-1024x575.jpg\" alt=\"image004\" width=\"1024\" height=\"575\" \/><\/a> <a href=\"http:\/\/granadacostanacional.es\/wp-content\/uploads\/2020\/06\/image005.jpg\"><img decoding=\"async\" loading=\"lazy\" class=\"aligncenter size-large wp-image-24686\" src=\"http:\/\/granadacostanacional.es\/wp-content\/uploads\/2020\/06\/image005-1024x575.jpg\" alt=\"image005\" width=\"1024\" height=\"575\" \/><\/a><\/p>\n<p style=\"text-align: justify;\">\n<p style=\"text-align: right;\"><strong>Redacci\u00f3n de Granada Costa<\/strong><\/p>\n","protected":false},"excerpt":{"rendered":"<p>Si Valenzuela (C\u00f3rdoba) ya en el Corpus Christi destaca como uno de los rincones m\u00e1s bonitos de Espa\u00f1a. \u00a0Porque el&hellip;<\/p>\n","protected":false},"author":2,"featured_media":24682,"comment_status":"open","ping_status":"open","sticky":false,"template":"","format":"standard","meta":{"om_disable_all_campaigns":false,"_mi_skip_tracking":false,"_monsterinsights_sitenote_active":false,"_monsterinsights_sitenote_note":"","_monsterinsights_sitenote_category":0,"footnotes":""},"categories":[21,30],"tags":[],"aioseo_notices":[],"_links":{"self":[{"href":"https:\/\/granadacostaglobal.es\/index.php?rest_route=\/wp\/v2\/posts\/24681"}],"collection":[{"href":"https:\/\/granadacostaglobal.es\/index.php?rest_route=\/wp\/v2\/posts"}],"about":[{"href":"https:\/\/granadacostaglobal.es\/index.php?rest_route=\/wp\/v2\/types\/post"}],"author":[{"embeddable":true,"href":"https:\/\/granadacostaglobal.es\/index.php?rest_route=\/wp\/v2\/users\/2"}],"replies":[{"embeddable":true,"href":"https:\/\/granadacostaglobal.es\/index.php?rest_route=%2Fwp%2Fv2%2Fcomments&post=24681"}],"version-history":[{"count":0,"href":"https:\/\/granadacostaglobal.es\/index.php?rest_route=\/wp\/v2\/posts\/24681\/revisions"}],"wp:featuredmedia":[{"embeddable":true,"href":"https:\/\/granadacostaglobal.es\/index.php?rest_route=\/"}],"wp:attachment":[{"href":"https:\/\/granadacostaglobal.es\/index.php?rest_route=%2Fwp%2Fv2%2Fmedia&parent=24681"}],"wp:term":[{"taxonomy":"category","embeddable":true,"href":"https:\/\/granadacostaglobal.es\/index.php?rest_route=%2Fwp%2Fv2%2Fcategories&post=24681"},{"taxonomy":"post_tag","embeddable":true,"href":"https:\/\/granadacostaglobal.es\/index.php?rest_route=%2Fwp%2Fv2%2Ftags&post=24681"}],"curies":[{"name":"wp","href":"https:\/\/api.w.org\/{rel}","templated":true}]}}