{"id":2457,"date":"2015-10-01T07:33:33","date_gmt":"2015-10-01T07:33:33","guid":{"rendered":"http:\/\/granadacosta.es\/?p=2457"},"modified":"2015-10-01T07:33:33","modified_gmt":"2015-10-01T07:33:33","slug":"el-1-de-octubre-se-celebra-el-primer-dia-de-los-pueblos-mas-bonitos-de-espana","status":"publish","type":"post","link":"https:\/\/granadacostaglobal.es\/?p=2457","title":{"rendered":"El 1 de octubre se celebra el primer D\u00eda de los Pueblos m\u00e1s bonitos de Espa\u00f1a"},"content":{"rendered":"<ul>\n<li>Se leer\u00e1 un manifiesto simult\u00e1neamente en los 35 pueblos acogidos a la red, para poner en valor el amor que cada d\u00eda procesan habitantes e instituciones por el patrimonio, cultura y costumbres de cada villa<\/li>\n<\/ul>\n<p>&nbsp;<\/p>\n<ul>\n<li>Los 35 pueblos reivindican mayores ayudas para conservar su patrimonio art\u00edstico y cultural, y apuestan por la belleza como elemento vertebrador del futuro de estos peque\u00f1os lugares de ensue\u00f1o<\/li>\n<\/ul>\n<p>Un total de 35 municipios espa\u00f1oles celebrar\u00e1n el jueves 1 de octubre, el primer D\u00eda de los Pueblos m\u00e1s bonitos de Espa\u00f1a, una jornada en la que se celebrar\u00e1n diferentes actos en cada uno de los municipios para reivindicar su lucha por la conservaci\u00f3n y el cuidado del patrimonio art\u00edstico y cultural de estas localidades.<\/p>\n<p>&nbsp;<\/p>\n<p>\u201cSe trata de un evento que se celebra por primera vez y que es una apuesta por la belleza como elemento vertebrador del futuro de estos peque\u00f1os lugares de ensue\u00f1o\u201d, ha explicado Francisco Mestre, Director de la Asociaci\u00f3n de los pueblos m\u00e1s bonitos de Espa\u00f1a.<\/p>\n<p>&nbsp;<\/p>\n<p>Con motivo de la celebraci\u00f3n de este primer 1 de octubre, los alcaldes de los 35 municipios integrados en la Asociaci\u00f3n de pueblos m\u00e1s bonitos de Espa\u00f1a, llevar\u00e1n a cabo el izado de la bandera de la organizaci\u00f3n y leer\u00e1n un manifiesto alentando a los organismos nacionales como Turespa\u00f1a para que se implique de una manera m\u00e1s decidida en la ayuda a estas localidades, que son reductos de absoluta autenticidad de lo que es Espa\u00f1a desde el punto de vista del patrimonio, la gastronom\u00eda o las costumbres.<\/p>\n<p>&nbsp;<\/p>\n<p>Adem\u00e1s, aprovechando la conmemoraci\u00f3n, se celebrar\u00e1n jornadas de puertas abiertas en la mayor\u00eda de los pueblos que forman parte de Los pueblos m\u00e1s bonitos de Espa\u00f1a, en los que las entradas a museos y a los diferentes servicios tur\u00edsticos ser\u00e1n gratuitas y que tambi\u00e9n contar\u00e1n con actos culturales para todos los p\u00fablicos.<\/p>\n<p>&nbsp;<\/p>\n<p>Actualmente existen 35 municipios integrados en esta red. Moj\u00e1car, Pampaneira, Lucainena de las Torres, Vejer de la Frontera y Frigiliana, en Andaluc\u00eda; Valderrobres, Albarrac\u00edn, Calaceite, Puertomingalvo, Rubielos de Mora, Cantavieja, A\u00ednsa, Anento, Alqu\u00e9zar y Ans\u00f3, en Arag\u00f3n; Maderuelo, Medinaceli, Ayll\u00f3n, Pedraza, Urue\u00f1a, Fr\u00edas, La Alberca, Mogarraz y Candelario, en Castilla y Le\u00f3n; Valverde de los Arroyos, Alcal\u00e1 de J\u00facar y Almagro, en Castilla-La Mancha; Santillana del Mar y B\u00e1rcena Mayor en Cantabria; Pe\u00f1\u00edscola, Morella, El Castell de Guadalest y Vilafam\u00e9s, en la Comunidad Valenciana; Tejeda en Canarias y Lastres en Asturias.<\/p>\n<p>&nbsp;<\/p>\n<p><strong>Sobre la Asociaci\u00f3n<\/strong><\/p>\n<p>La Asociaci\u00f3n de\u00a0 los pueblos m\u00e1s bonitos de Espa\u00f1a nace de la convicci\u00f3n y necesidad de poner en conocimiento de todo el mundo los maravillosos pueblos que salpican la geograf\u00eda espa\u00f1ola. Lugares de gran belleza que destilan historia y cultura a la par, villas donde la tradici\u00f3n envuelve al viajero, que al mezclarse con los lugare\u00f1os, pasa a formar parte de este marco \u00fanico aunque sea solo por unos instantes.<\/p>\n<p>&nbsp;<\/p>\n<p>El objetivo es la promoci\u00f3n de zonas preferentemente rurales y de peque\u00f1os municipios a trav\u00e9s de esta pagina y de las diferentes acciones que la asociaci\u00f3n emprender\u00e1 a trav\u00e9s de internet, prensa u otros medios de comunicaci\u00f3n.<\/p>\n<p>&nbsp;<\/p>\n<p>Para unirse a dicha entidad, un pueblo ha de solicitar en primer lugar el acuerdo del pleno municipal o junta de gobierno. Una vez recibida esta solicitud por parte de la asociaci\u00f3n, se inicia el proceso de instrucci\u00f3n de la candidatura valorando los siguientes criterios:<\/p>\n<p>&nbsp;<\/p>\n<ul>\n<li>Tener una poblaci\u00f3n menor de 15000 habitantes (en poblaciones mayores de 5000 habitantes la asociaci\u00f3n contempla solamente un casco hist\u00f3rico en perfectas condiciones)<\/li>\n<li>Tener un patrimonio arquitect\u00f3nico o natural certificado<\/li>\n<\/ul>\n<p>&nbsp;<\/p>\n<p>Despu\u00e9s de superar estos dos puntos, se realiza una auditor\u00eda del pueblo por personal de la comisi\u00f3n de calidad designada a tal efecto donde se valorar\u00e1n los aspectos especificados en la Carta de Calidad. Ello implica superar los criterios m\u00ednimos de calidad en aspectos tan variados como la limpieza, conservaci\u00f3n de las fachadas, circulaci\u00f3n de veh\u00edculos o si tienen o no un lugar destinado al aparcamiento de \u00e9stos, el cuidado de flores y zonas verdes, el tratamiento de las insignias publicitarias y carteles, etc.<\/p>\n","protected":false},"excerpt":{"rendered":"<p>Se leer\u00e1 un manifiesto simult\u00e1neamente en los 35 pueblos acogidos a la red, para poner en valor el amor que&hellip;<\/p>\n","protected":false},"author":2,"featured_media":2458,"comment_status":"open","ping_status":"open","sticky":false,"template":"","format":"standard","meta":{"om_disable_all_campaigns":false,"_mi_skip_tracking":false,"_monsterinsights_sitenote_active":false,"_monsterinsights_sitenote_note":"","_monsterinsights_sitenote_category":0,"footnotes":""},"categories":[21,22],"tags":[],"aioseo_notices":[],"_links":{"self":[{"href":"https:\/\/granadacostaglobal.es\/index.php?rest_route=\/wp\/v2\/posts\/2457"}],"collection":[{"href":"https:\/\/granadacostaglobal.es\/index.php?rest_route=\/wp\/v2\/posts"}],"about":[{"href":"https:\/\/granadacostaglobal.es\/index.php?rest_route=\/wp\/v2\/types\/post"}],"author":[{"embeddable":true,"href":"https:\/\/granadacostaglobal.es\/index.php?rest_route=\/wp\/v2\/users\/2"}],"replies":[{"embeddable":true,"href":"https:\/\/granadacostaglobal.es\/index.php?rest_route=%2Fwp%2Fv2%2Fcomments&post=2457"}],"version-history":[{"count":0,"href":"https:\/\/granadacostaglobal.es\/index.php?rest_route=\/wp\/v2\/posts\/2457\/revisions"}],"wp:featuredmedia":[{"embeddable":true,"href":"https:\/\/granadacostaglobal.es\/index.php?rest_route=\/"}],"wp:attachment":[{"href":"https:\/\/granadacostaglobal.es\/index.php?rest_route=%2Fwp%2Fv2%2Fmedia&parent=2457"}],"wp:term":[{"taxonomy":"category","embeddable":true,"href":"https:\/\/granadacostaglobal.es\/index.php?rest_route=%2Fwp%2Fv2%2Fcategories&post=2457"},{"taxonomy":"post_tag","embeddable":true,"href":"https:\/\/granadacostaglobal.es\/index.php?rest_route=%2Fwp%2Fv2%2Ftags&post=2457"}],"curies":[{"name":"wp","href":"https:\/\/api.w.org\/{rel}","templated":true}]}}