{"id":24564,"date":"2020-06-04T10:56:25","date_gmt":"2020-06-04T10:56:25","guid":{"rendered":"http:\/\/granadacostanacional.es\/?p=24564"},"modified":"2020-06-04T10:56:25","modified_gmt":"2020-06-04T10:56:25","slug":"sr-dr-en-economia","status":"publish","type":"post","link":"https:\/\/granadacostaglobal.es\/?p=24564","title":{"rendered":"Sr. Dr. en Econom\u00eda:"},"content":{"rendered":"<h2 style=\"text-align: justify;\">A la <strong>GUARDIA CIVIL<\/strong>: NI TOCARLA<\/h2>\n<p style=\"text-align: right;\"><strong>Por el Dr. Jos\u00e9 Luis Mart\u00edn Correa<\/strong><\/p>\n<p style=\"text-align: justify;\"><strong>\u00a0<\/strong><\/p>\n<p style=\"text-align: justify;\">\u00a0\u00a0\u00a0\u00a0\u00a0\u00a0 No se le ocurra ni a usted ni a los comunistas de su Cuadro gubernativo, imaginarse una actitud, decreto\u2026. o lo que sus\u00a0 mentalidades poco respetables, piensen, algo que pueda desvalorar con posturas radicales\u00a0 en contra de su su digna trayectoria, ya centenaria de su historia, del concepto y valorizaci\u00f3n de un Cuerpo tan querido y amado por todos los espa\u00f1oles.<\/p>\n<p style=\"text-align: justify;\">\u00a0\u00a0\u00a0\u00a0\u00a0\u00a0 Sr., que los rumores sobre su <strong>desmilitarizaci\u00f3n <\/strong>o decreto\u00a0 que\u00a0 pueda\u00a0\u00a0 suponer un cambio\u00a0 en su tradicional estructura hist\u00f3rica, funcional, disciplinaria y humanitaria\u00a0 sobre todo. Se\u00f1or, que, lo que ya es un bulo\u00a0 NO pase de eso.\u00a0 Y le digo que no se lo ocurra, no porque mi peque\u00f1a persona pueda luchar con gigantes, es, porque no hace falta ser muy listo para que, si hay un peque\u00f1o irrespeto hacia esos hombres\u00a0 y mujeres que lo dan TODO, POR TODOS Y DONDE SEA.\u00a0 Es evidente que en la vida no se puede ser radical y acusador sin reconocer que todos somos humanos y las instituciones\u00a0 creadas por ellos tienen sus fallos pero cuando esos fallos son corregidos, se demuestra inteligencia y\u00a0\u00a0 af\u00e1n de correcci\u00f3n, es evidente de que hay vida y deseo de seguir trabajando. En este caso. la balanza se desplaza\u00a0 fuertemente hacia su labor y asistencia comprobada en miles de casos dif\u00edciles\u00a0 de resolver con su trabajo, presencia y eficaz resultado.<\/p>\n<p style=\"text-align: justify;\">\u00a0\u00a0\u00a0\u00a0\u00a0\u00a0 Mi\u00a0 postura no es de un periodista radical, es sencillamente, creer que lo que expongo est\u00e1 en la mente de muchos espa\u00f1oles y en el caso de que deje de ser\u00a0 bulo y tenga indicios de realidad, les prometo, con el respeto personal,\u00a0 que la Historia les juzgar\u00e1\u00a0 alg\u00fan\u00a0 d\u00eda.<\/p>\n<p style=\"text-align: justify;\"><a href=\"http:\/\/granadacostanacional.es\/wp-content\/uploads\/2020\/06\/image001.jpg\"><img decoding=\"async\" loading=\"lazy\" class=\"aligncenter size-large wp-image-24565\" src=\"http:\/\/granadacostanacional.es\/wp-content\/uploads\/2020\/06\/image001-1024x642.jpg\" alt=\"image001\" width=\"1024\" height=\"642\" \/><\/a><\/p>\n<p style=\"text-align: justify;\">\u00a0Ni franquista ni poyas en vinagre. tal vez malafoll\u00e1\u00a0 y espa\u00f1ol\u00a0 que desea la raz\u00f3n, la convivencia, el respeto a todas las ideas, harto ya de o\u00edr de su grupo comunista la demagogia ya olvidada por mucho espa\u00f1oles y el resto del mundo.<\/p>\n<p style=\"text-align: justify;\">\u00a0\u00a0\u00a0\u00a0\u00a0\u00a0 No se puede negar que todo este concierto lo dirige Vd. Y ahora le toca A SU ministro vicepresidente segundo, el comunista Sr. Iglesias, ejercer de \u201c<strong>concertino\u201d, <\/strong>dar la nota\u00a0 y avisar que esta \u201ctodo bien\u201d para que el Concierto entre en el sal\u00f3n. Hoy le toca actual de solista al ministro de Interior,\u00a0 Sr. Marlaska que tiene fama de buen juez y mal\u00edsima de pol\u00edtico por hacer uso de su vocacional profesionalismo jur\u00eddico al servicio completo de un partido pol\u00edtico, culminando su actitud en contra la Guardia Civil\u00a0 y concretamente por el Sr. P\u00e9rez de los Cobos, protagonista important\u00edsimo en la declaraci\u00f3n de independentismo\u00a0 catal\u00e1n a favor de la unidad de Espa\u00f1a y responsable del orden en aquella\u00a0 triste\u00a0 fecha catalana y espa\u00f1ola.<\/p>\n<p style=\"text-align: justify;\">\u00a0\u00a0\u00a0\u00a0\u00a0\u00a0 Hoy d\u00eda 3 de Junio he quedado impresionado\u00a0 y creo que no soy el \u00fanico, de su comportamiento en las Cortes Generales; ante demostraciones\u00a0 de\u00a0 algunos se\u00f1ores diputados\u00a0 mostr\u00e1ndole contundentes documentos reales sobre el nuevo \u201cCaso\u00a0 Marlaska\u201d.<\/p>\n<p style=\"text-align: justify;\">\u00a0Sr. \u00bfHasta cuando puede seguir durmiendo tranquilo sin querer\u00a0 saber lo que le espera de su compa\u00f1\u00eda; va por su se\u00f1or\u00eda y posiblemente algo m\u00e1s?.<\/p>\n<p style=\"text-align: justify;\">\u00a0 Yo sigo sin poder leer su tesis, lo siento, Me gusta la Ley Acad\u00e9mica del esfuerzo y que tengo gran\u00a0 experiencia personal.<\/p>\n","protected":false},"excerpt":{"rendered":"<p>A la GUARDIA CIVIL: NI TOCARLA Por el Dr. Jos\u00e9 Luis Mart\u00edn Correa \u00a0 \u00a0\u00a0\u00a0\u00a0\u00a0\u00a0 No se le ocurra ni&hellip;<\/p>\n","protected":false},"author":2,"featured_media":16165,"comment_status":"open","ping_status":"open","sticky":false,"template":"","format":"standard","meta":{"om_disable_all_campaigns":false,"_mi_skip_tracking":false,"_monsterinsights_sitenote_active":false,"_monsterinsights_sitenote_note":"","_monsterinsights_sitenote_category":0,"footnotes":""},"categories":[21,30],"tags":[],"aioseo_notices":[],"_links":{"self":[{"href":"https:\/\/granadacostaglobal.es\/index.php?rest_route=\/wp\/v2\/posts\/24564"}],"collection":[{"href":"https:\/\/granadacostaglobal.es\/index.php?rest_route=\/wp\/v2\/posts"}],"about":[{"href":"https:\/\/granadacostaglobal.es\/index.php?rest_route=\/wp\/v2\/types\/post"}],"author":[{"embeddable":true,"href":"https:\/\/granadacostaglobal.es\/index.php?rest_route=\/wp\/v2\/users\/2"}],"replies":[{"embeddable":true,"href":"https:\/\/granadacostaglobal.es\/index.php?rest_route=%2Fwp%2Fv2%2Fcomments&post=24564"}],"version-history":[{"count":0,"href":"https:\/\/granadacostaglobal.es\/index.php?rest_route=\/wp\/v2\/posts\/24564\/revisions"}],"wp:featuredmedia":[{"embeddable":true,"href":"https:\/\/granadacostaglobal.es\/index.php?rest_route=\/"}],"wp:attachment":[{"href":"https:\/\/granadacostaglobal.es\/index.php?rest_route=%2Fwp%2Fv2%2Fmedia&parent=24564"}],"wp:term":[{"taxonomy":"category","embeddable":true,"href":"https:\/\/granadacostaglobal.es\/index.php?rest_route=%2Fwp%2Fv2%2Fcategories&post=24564"},{"taxonomy":"post_tag","embeddable":true,"href":"https:\/\/granadacostaglobal.es\/index.php?rest_route=%2Fwp%2Fv2%2Ftags&post=24564"}],"curies":[{"name":"wp","href":"https:\/\/api.w.org\/{rel}","templated":true}]}}