{"id":24512,"date":"2020-05-25T10:48:15","date_gmt":"2020-05-25T10:48:15","guid":{"rendered":"http:\/\/granadacostanacional.es\/?p=24512"},"modified":"2020-05-25T10:48:15","modified_gmt":"2020-05-25T10:48:15","slug":"bala-de-canon","status":"publish","type":"post","link":"https:\/\/granadacostaglobal.es\/?p=24512","title":{"rendered":"BALA DE CA\u00d1ON"},"content":{"rendered":"<p style=\"text-align: justify;\">En una visita que realic\u00e9 en 1996 al Jard\u00edn Bot\u00e1nico Nacional, pude observar por primera vez, la preciosa flor cuya fotograf\u00eda adjunto, y observar un \u00e1rbol de 30 metros de altura, que me pareci\u00f3 \u00a0un poco extra\u00f1o y \u00a0que produc\u00eda unos frutos extra\u00f1os tambi\u00e9n pegados a lo largo y alto del tronco. Dichos frutos \u00a0esf\u00e9ricos y \u00a0le\u00f1osos se parec\u00edan \u00a0a un coco desalojado de su corteza, aunque no ten\u00edan nada que ver con aquel.<\/p>\n<p style=\"text-align: justify;\">\u00a0\u00a0\u00a0\u00a0\u00a0\u00a0\u00a0 El nombre bot\u00e1nico de la planta <em>Curoupita guianensis<\/em> pertenece\u00a0 a la familia de las Lecitid\u00e1ceas. Es un \u00e1rbol\u00a0 principalmente ornamental y la planta joven est\u00e1 muy presente en la industria jardinera. Tambi\u00e9n se conoce por los nombres de \u00a0coco hediondo, tapar\u00f3n y ayahuma, seg\u00fan el pa\u00eds y localidad donde se produce. Es nativo de Guayana y lo relacionan en Sudam\u00e9rica con la nuez de Brasil, aunque nada tiene que ver tampoco con ella.<\/p>\n<p style=\"text-align: justify;\">\u00a0\u00a0\u00a0\u00a0\u00a0\u00a0\u00a0 Resulta peligroso caminar cerca del \u00e1rbol, ya que el fruto es de gran tama\u00f1o, muy duro y pesado, se desprende \u00a0inesperadamente pudiendo resultar gravemente herido si \u00a0cae sobre la cabeza de un paseante. Por suerte, nace pegado al tronco y no se aleja del mismo en su ca\u00edda; su nombre vulgar \u00a0bala de ca\u00f1\u00f3n, obedece tal vez\u00a0 a su peligrosidad\u2026<\/p>\n<p style=\"text-align: justify;\"><a href=\"http:\/\/granadacostanacional.es\/wp-content\/uploads\/2020\/05\/FLOR-Y-FRUTO.jpg\"><img decoding=\"async\" loading=\"lazy\" class=\"aligncenter size-large wp-image-24513\" src=\"http:\/\/granadacostanacional.es\/wp-content\/uploads\/2020\/05\/FLOR-Y-FRUTO-1024x768.jpg\" alt=\"FLOR Y FRUTO\" width=\"1024\" height=\"768\" \/><\/a><\/p>\n<p style=\"text-align: justify;\">\u00a0\u00a0\u00a0\u00a0\u00a0\u00a0\u00a0 Es una planta muy conocida en la India por los nombres de \u201cflores de sal\u201d y \u201csal de la India\u201d especialmente en los templos de Shiva donde el \u00a0\u00e1rbol est\u00e1 considerado sagrado.<\/p>\n<p style=\"text-align: justify;\">\u00a0\u00a0\u00a0\u00a0\u00a0\u00a0\u00a0 El fruto, que est\u00e1 repleto de semillas \u00a0no es comestible, \u00a0y con \u00e9l se hacen recipientes y elementos decorativos; \u00a0su pulpa se utiliza en farmacopea \u00a0como curativa de heridas y\u00a0 contusiones debido a su actividad antif\u00fangica y antimicrobiana.<\/p>\n<p style=\"text-align: justify;\"><a href=\"http:\/\/granadacostanacional.es\/wp-content\/uploads\/2020\/05\/FLOR-BALA-DE-CA\u00d1ON-.jpg\"><img decoding=\"async\" loading=\"lazy\" class=\"aligncenter size-full wp-image-24514\" src=\"http:\/\/granadacostanacional.es\/wp-content\/uploads\/2020\/05\/FLOR-BALA-DE-CA\u00d1ON-.jpg\" alt=\"FLOR  BALA DE CA\u00d1ON\" width=\"600\" height=\"592\" \/><\/a><\/p>\n<p style=\"text-align: justify;\">\u00a0\u00a0\u00a0\u00a0\u00a0\u00a0\u00a0 La mayor \u00a0importancia del \u00e1rbol se concentra en las\u00a0 bell\u00edsimas flores carnosas e \u00a0incandescentes que produce, que despiden un perfume espectacular inundando el ambiente cercano all\u00ed donde se encuentran. Su vistoso colorido blanco, rojo y amarillo atrae a numerosos insectos que se encargan de la necesaria polinizaci\u00f3n para la reproducci\u00f3n y supervivencia de la especie.<\/p>\n<p style=\"text-align: justify;\"><a href=\"http:\/\/granadacostanacional.es\/wp-content\/uploads\/2020\/05\/BALA-DE-CA\u00d1ON.jpg\"><img decoding=\"async\" loading=\"lazy\" class=\"aligncenter size-full wp-image-24515\" src=\"http:\/\/granadacostanacional.es\/wp-content\/uploads\/2020\/05\/BALA-DE-CA\u00d1ON.jpg\" alt=\"BALA DE CA\u00d1ON\" width=\"500\" height=\"617\" \/><\/a><\/p>\n<p style=\"text-align: justify;\">\u00a0\u00a0\u00a0\u00a0\u00a0\u00a0\u00a0 Resulta curioso que, una especie capaz de desplegar durante su floraci\u00f3n unos perfumes tan deliciosos, puede producir unos frutos de estructura maderable,\u00a0 que cuando caen al suelo y se abren, ofrecen un olor repugnante.<\/p>\n<p style=\"text-align: justify;\">\u00a0\u00a0\u00a0\u00a0\u00a0\u00a0\u00a0 Es una especie bien conocida en Costa Rica y Brasil, pero carece de inter\u00e9s comercial y se utiliza como elemento decorativo para plazas, parques y jardines de las ciudades.<\/p>\n<p style=\"text-align: justify;\">\n<p style=\"text-align: right;\"><em><strong>Juli\u00e1n D\u00edaz Robledo<\/strong><\/em><\/p>\n","protected":false},"excerpt":{"rendered":"<p>En una visita que realic\u00e9 en 1996 al Jard\u00edn Bot\u00e1nico Nacional, pude observar por primera vez, la preciosa flor cuya&hellip;<\/p>\n","protected":false},"author":2,"featured_media":18457,"comment_status":"open","ping_status":"open","sticky":false,"template":"","format":"standard","meta":{"om_disable_all_campaigns":false,"_mi_skip_tracking":false,"_monsterinsights_sitenote_active":false,"_monsterinsights_sitenote_note":"","_monsterinsights_sitenote_category":0,"footnotes":""},"categories":[21],"tags":[],"aioseo_notices":[],"_links":{"self":[{"href":"https:\/\/granadacostaglobal.es\/index.php?rest_route=\/wp\/v2\/posts\/24512"}],"collection":[{"href":"https:\/\/granadacostaglobal.es\/index.php?rest_route=\/wp\/v2\/posts"}],"about":[{"href":"https:\/\/granadacostaglobal.es\/index.php?rest_route=\/wp\/v2\/types\/post"}],"author":[{"embeddable":true,"href":"https:\/\/granadacostaglobal.es\/index.php?rest_route=\/wp\/v2\/users\/2"}],"replies":[{"embeddable":true,"href":"https:\/\/granadacostaglobal.es\/index.php?rest_route=%2Fwp%2Fv2%2Fcomments&post=24512"}],"version-history":[{"count":0,"href":"https:\/\/granadacostaglobal.es\/index.php?rest_route=\/wp\/v2\/posts\/24512\/revisions"}],"wp:featuredmedia":[{"embeddable":true,"href":"https:\/\/granadacostaglobal.es\/index.php?rest_route=\/"}],"wp:attachment":[{"href":"https:\/\/granadacostaglobal.es\/index.php?rest_route=%2Fwp%2Fv2%2Fmedia&parent=24512"}],"wp:term":[{"taxonomy":"category","embeddable":true,"href":"https:\/\/granadacostaglobal.es\/index.php?rest_route=%2Fwp%2Fv2%2Fcategories&post=24512"},{"taxonomy":"post_tag","embeddable":true,"href":"https:\/\/granadacostaglobal.es\/index.php?rest_route=%2Fwp%2Fv2%2Ftags&post=24512"}],"curies":[{"name":"wp","href":"https:\/\/api.w.org\/{rel}","templated":true}]}}