{"id":24490,"date":"2020-05-21T11:39:17","date_gmt":"2020-05-21T11:39:17","guid":{"rendered":"http:\/\/granadacostanacional.es\/?p=24490"},"modified":"2020-05-21T11:39:17","modified_gmt":"2020-05-21T11:39:17","slug":"entrevista-a-la-actriz-rosalia-castro","status":"publish","type":"post","link":"https:\/\/granadacostaglobal.es\/?p=24490","title":{"rendered":"ENTREVISTA A LA ACTRIZ ROSALIA CASTRO"},"content":{"rendered":"<p style=\"text-align: justify;\">En esta ocasi\u00f3n tengo el enorme placer de entrevistar a una formidable y encantadora actriz gallega, nacida en Burela (Lugo) que se llama Rosal\u00eda Castro. Aunque debo decirles que no es descendiente de la grand\u00edsima poetisa Rosal\u00eda de Castro. Es especialmente reconocida por sus interpretaciones teatrales en donde m\u00e1s se prodiga y \u00faltimamente sobretodo con La Smorfia Teatro junto a Germ\u00e1n Torres, pues se encuentran en plena gira con Rey Juan de William Shakespeare.<\/p>\n<p style=\"text-align: justify;\">\u00a0\u00a0\u00a0\u00a0\u00a0\u00a0\u00a0\u00a0\u00a0\u00a0\u00a0\u00a0\u00a0\u00a0\u00a0 Durante su trayectoria ha trabajado en cortometrajes, videoclips, alguna pel\u00edcula, de lo cual podemos citar, <em>Seeping Blue<\/em>, <em>Entre todos<\/em>, <em>Mouras<\/em>, <em>Nidos de luz<\/em>, <em>Edu<\/em>, y dentro de la peque\u00f1a pantalla, podr\u00edamos nombrar algunos trabajos como protagonista o en alg\u00fan cap\u00edtulo puntual en <em>Serramoura <\/em>y <em>Hotel Almirante <\/em>para la TVG, <em>Mam\u00e1 pon la g\u00fcecam, Ciega a citas, Homicidios <\/em>y <em>El comisario. <\/em><\/p>\n<p style=\"text-align: justify;\"><em>\u00a0\u00a0\u00a0\u00a0\u00a0\u00a0\u00a0\u00a0\u00a0\u00a0\u00a0\u00a0\u00a0\u00a0\u00a0 <\/em>Pero en donde destaca especialmente su labor interpretativa es encima de un escenario, donde comenz\u00f3 har\u00e1 trece a\u00f1os con <em>Ub\u00fa Rey, <\/em>y posteriormente con <em>\u00bfD\u00f3nde est\u00e1s coraz\u00f3n?, Othello, El loco sue\u00f1o de una noche de verano, Latidos con H, Galicia Canibal \u2013 El Musical, Todo lo que est\u00e1 a mi lado, Alquilo, 3023, La primera mujer en la tierra, Ella entre todas, Maruxa, Puntos suspensivos y Rey Juan. <\/em><\/p>\n<p style=\"text-align: justify;\"><em>\u00a0\u00a0\u00a0\u00a0\u00a0\u00a0\u00a0\u00a0\u00a0\u00a0\u00a0\u00a0\u00a0\u00a0\u00a0 <\/em>Dentro de sus otras actividades, ha sido presentadora de la Gala Premios Control de Publicidad durante los \u00faltimos seis a\u00f1os, presentadora de la Gala Solidaria Djunta-M\u00f4 con artistas como Guadi Galego, Ux\u00eda Pedreira etc\u2026 he hizo locuci\u00f3n para una cu\u00f1a de radio para la Cruz Roja, y es lectora de Audiolibros para la ONCE en el \u00faltimo a\u00f1o.<\/p>\n<p style=\"text-align: justify;\">\u00a0\u00a0\u00a0\u00a0\u00a0\u00a0\u00a0\u00a0\u00a0\u00a0\u00a0\u00a0\u00a0\u00a0\u00a0 Entre sus premios ha ganado dos como mejor actriz, por \u201cMouras\u201d en el Festival Internacional de cine de Ourense (OUFF) y por \u201cEdu\u201d 36h de Supervivencia f\u00edlmica Logro\u00f1o. \u00c7<\/p>\n<p style=\"text-align: justify;\">\u00a0\u00a0\u00a0\u00a0\u00a0\u00a0\u00a0\u00a0\u00a0\u00a0\u00a0\u00a0\u00a0\u00a0\u00a0 Adem\u00e1s de todo esto, toca el piano, la pandereta, baila la danza del vientre, entre otros bailes y canta.<\/p>\n<p style=\"text-align: justify;\">\n<p style=\"text-align: justify;\">\u00a0\u00a0\u00a0\u00a0\u00a0\u00a0\u00a0\u00a0\u00a0\u00a0\u00a0\u00a0\u00a0\u00a0\u00a0 Sin m\u00e1s pre\u00e1mbulos, dar\u00e9 comienzo la presente entrevista con Rosal\u00eda Castro, una actriz con gran futuro por delante, por el enorme talento que atesora y la simpat\u00eda que irradia.<\/p>\n<p style=\"text-align: justify;\"><a href=\"http:\/\/granadacostanacional.es\/wp-content\/uploads\/2020\/05\/Rosal\u00b0a_104.jpg\"><img decoding=\"async\" loading=\"lazy\" class=\"aligncenter size-large wp-image-24492\" src=\"http:\/\/granadacostanacional.es\/wp-content\/uploads\/2020\/05\/Rosal\u00b0a_104-683x1024.jpg\" alt=\"Rosal\u00b0a_104\" width=\"683\" height=\"1024\" \/><\/a><\/p>\n<p style=\"text-align: justify;\">\n<p style=\"text-align: justify;\">\u00a0\u00a0\u00a0\u00a0\u00a0\u00a0\u00a0\u00a0\u00a0\u00a0\u00a0\u00a0\u00a0\u00a0\u00a0 Pregunta: Buenas Rosal\u00eda Castro, la primera pregunta con las suelo comenzar mis entrevistas no puede ser otra que, a qu\u00e9 edad comenzaste a descubrir que el mundo del espect\u00e1culo ser\u00eda tu vida.<\/p>\n<p style=\"text-align: justify;\">\n<p style=\"text-align: justify;\">\u00a0\u00a0\u00a0\u00a0\u00a0\u00a0\u00a0\u00a0\u00a0\u00a0\u00a0\u00a0\u00a0\u00a0\u00a0 Respuesta: Desde muy peque\u00f1a ten\u00eda varias aspiraciones art\u00edsticas, cantaba y organizaba coreograf\u00edas con las amigas, jugaba con un peque\u00f1o teatro de marionetas para la familia etc\u2026 pero realmente fue a los 15 a\u00f1os cuando fuimos con el Instituto a ver \u201cElectra\u201d al Teatro Jovellanos. Me qued\u00e9 totalmente impresionada con aquel elenco y me imagin\u00e9 encima de un escenario disfrutando cada momento.<\/p>\n<p style=\"text-align: justify;\">\n<p style=\"text-align: justify;\">\n<p style=\"text-align: justify;\">\u00a0\u00a0\u00a0\u00a0\u00a0\u00a0\u00a0\u00a0\u00a0\u00a0\u00a0\u00a0\u00a0\u00a0\u00a0 Pregunta: Qu\u00e9 recuerdos tienes de tu primera interpretaci\u00f3n con p\u00fablico y del hormigueo que se apodero de todo tu ser.<\/p>\n<p style=\"text-align: justify;\">\n<p style=\"text-align: justify;\">\u00a0\u00a0\u00a0\u00a0\u00a0\u00a0\u00a0\u00a0\u00a0\u00a0\u00a0\u00a0\u00a0\u00a0\u00a0 Respuesta: ay! Estaba en el colegio todav\u00eda e interpretaba a Cenicienta con el chico que me gustaba. Creo que estaba tan nerviosa por dar mi primer beso que me olvid\u00e9 del p\u00fablico jajajaja!!!!<\/p>\n<p style=\"text-align: justify;\">\n<p style=\"text-align: justify;\">\n<p style=\"text-align: justify;\">\u00a0\u00a0\u00a0\u00a0\u00a0\u00a0\u00a0\u00a0\u00a0\u00a0\u00a0\u00a0\u00a0\u00a0\u00a0 Pregunta: Imagino que antes de decidirte por el mundo de la interpretaci\u00f3n, tendr\u00edas otros sue\u00f1os art\u00edsticos, qu\u00e9 nos puedes contar de ellos y si todav\u00eda los practicas como modo de escapatoria de la rutina diaria.<\/p>\n<p style=\"text-align: justify;\">\n<p style=\"text-align: justify;\">\u00a0\u00a0\u00a0\u00a0\u00a0\u00a0\u00a0\u00a0\u00a0\u00a0\u00a0\u00a0\u00a0\u00a0\u00a0 Respuesta: Esa \u00e9poca era un poco confusa, una hace selectividad y de pronto tiene que elegir su futuro profesional. No s\u00e9, quer\u00eda ser periodista, cantante, actriz, restauradora etc\u2026 Finalmente me matricul\u00e9 en Bellas Artes y mi querido t\u00edo me salv\u00f3, dijo: creo que deber\u00edas ser actriz, haz la prueba. Le hice caso y me fui a la ESAD de Gij\u00f3n, ensay\u00e9 sola ese verano en el sal\u00f3n y fui seleccionada. La Restauraci\u00f3n me apasionaba pero viendo lo torpe que soy con las manualidades creo que mejor la interpretaci\u00f3n.<\/p>\n<p style=\"text-align: justify;\">\n<p style=\"text-align: justify;\">\n<p style=\"text-align: justify;\">\u00a0\u00a0\u00a0\u00a0\u00a0\u00a0\u00a0\u00a0\u00a0\u00a0\u00a0\u00a0\u00a0\u00a0\u00a0 Pregunta: Cuando tus padres supieron que pensabas dedicarte al mundo del espect\u00e1culo, te apoyaron sin dudarlo o prefer\u00edan que te dedicases a una profesi\u00f3n con m\u00e1s estabilidad y seguridad.<\/p>\n<p style=\"text-align: justify;\">\n<p style=\"text-align: justify;\">\u00a0\u00a0\u00a0\u00a0\u00a0\u00a0\u00a0\u00a0\u00a0\u00a0\u00a0\u00a0\u00a0\u00a0\u00a0 Respuesta: No recuerdo bien ese momento\u00a0 pero mis padres siempre me han apoyado, no dudaron en que si a mi me gustaba e interesaba era lo mejor para mi aunque ya luego con los a\u00f1os han descubierto el pastel y temen con mi inestabilidad.<\/p>\n<p style=\"text-align: justify;\">\n<p style=\"text-align: justify;\">\n<p style=\"text-align: justify;\">\u00a0\u00a0\u00a0\u00a0\u00a0\u00a0\u00a0\u00a0\u00a0\u00a0\u00a0\u00a0\u00a0\u00a0\u00a0 Pregunta: A lo largo de todos estos a\u00f1os, hasta llegar al momento en que nos encontramos, has realizado innumerables cursos y seminarios en improvisaci\u00f3n, de interpretaci\u00f3n, en canto de m\u00fasica moderna, en verso, y est\u00e1s licenciada en Arte Dram\u00e1tico. De esos a\u00f1os de estudio, en los que has ido conociendo mejor los intr\u00edngulis que te han ido enriqueciendo para dar tus primeros pasos sobre un escenario. Qu\u00e9 maestros te llegaron a calar m\u00e1s con sus ense\u00f1anzas y de todos aqu\u00e9llos compa\u00f1eros de pupitre, sigues manteniendo contacto con alguno.<\/p>\n<p style=\"text-align: justify;\">\n<p style=\"text-align: justify;\">\u00a0\u00a0\u00a0\u00a0\u00a0\u00a0\u00a0\u00a0\u00a0\u00a0\u00a0\u00a0\u00a0\u00a0\u00a0 Respuesta: Venga, voy a mojarme, la persona de la que m\u00e1s he aprendido ha sido Javier V\u00e1zquez mientras impart\u00eda Teatro contempor\u00e1neo en la ESAD de Gij\u00f3n, mi querida M\u00aa del Mar Navarro y su metodolog\u00eda de crear elenco, del actor creador, un curso que nunca olvidar\u00e9 en el Teatro de la Abad\u00eda con los estupendos Ernesto Arias, Elisabeth Gelabert, Lidia Ot\u00f3n y Dani Moreno y en mi apasionante mundo audiovisual aprend\u00ed mucho con Eva Lesmes de Central de cine y sobre todo, trabajando \ud83d\ude09<\/p>\n<p style=\"text-align: justify;\">\n<p style=\"text-align: justify;\">\n<p style=\"text-align: justify;\">\u00a0\u00a0\u00a0\u00a0\u00a0\u00a0\u00a0\u00a0\u00a0\u00a0\u00a0\u00a0\u00a0\u00a0\u00a0 Pregunta: A lo largo de toda esa trayectoria, has trabajado con grandes directores, actores, actrices y con grandes equipos tras el escenario o la pantalla. Aprendiendo con ellos a depurar tus cualidades y a su vez, ense\u00f1\u00e1ndoles cosas de tu propia cosecha. Con qui\u00e9nes te has sentido m\u00e1s c\u00f3moda trabajando, y te gustar\u00eda repetir la experiencia en futuros proyectos art\u00edsticos.<\/p>\n<p style=\"text-align: justify;\">\n<p style=\"text-align: justify;\">\u00a0\u00a0\u00a0\u00a0\u00a0\u00a0\u00a0\u00a0\u00a0\u00a0\u00a0\u00a0\u00a0\u00a0\u00a0 Respuesta: Mmmm, he disfrutado especialmente rodando \u201cHotel Almirante\u201d con Antonio Cuadri, su generosidad y concreci\u00f3n me ayudaron much\u00edsimo y con Olga Osorio, creo que ambas intuimos y respetamos el oficio del mismo modo.<\/p>\n<p style=\"text-align: justify;\">\n<p style=\"text-align: justify;\">\n<p style=\"text-align: justify;\">\u00a0\u00a0\u00a0\u00a0\u00a0\u00a0\u00a0\u00a0\u00a0\u00a0\u00a0\u00a0\u00a0\u00a0\u00a0 Pregunta: Has interpretado un sinf\u00edn de personajes, y los qu\u00e9 todav\u00eda te aguardan en el camino. Pero de todos esos a los que has dado vida, con cu\u00e1les te has sentido m\u00e1s c\u00f3moda y cu\u00e1les han exigido el m\u00e1ximo de tus facultades.<\/p>\n<p style=\"text-align: justify;\">\n<p style=\"text-align: justify;\">\u00a0\u00a0\u00a0\u00a0\u00a0\u00a0\u00a0\u00a0\u00a0\u00a0\u00a0\u00a0\u00a0\u00a0\u00a0 Respuesta: Casualmente me he sentido m\u00e1s c\u00f3moda con los que acabo de nombrar, Ana de \u201cMouras\u201d y Cristina San Juan de \u201cHotel Almirante\u201d por la din\u00e1mica de trabajo. Tambi\u00e9n es curioso siempre me siento m\u00e1s liviana y relajada en el Audiovisual que en el teatro.<\/p>\n<p style=\"text-align: justify;\">El personaje m\u00e1s complicado que he abordado ha sido el de Pandora, quiz\u00e1 por tratarse de un mon\u00f3logo, es algo que no cualquier actriz se atreve a hacer, estar sola en un escenario con un texto tan potente y un viaje emocional amplio hizo que aprendiese much\u00edsimo adem\u00e1s de mi actual Constanza en el \u201cRey Juan\u201d de W. Shakespeare, dar con el punto justo de locura, fuerza y pragmatismo no es tarea f\u00e1cil pero vamos, que para eso estamos no?<\/p>\n<p style=\"text-align: justify;\">\n<p style=\"text-align: justify;\">\u00a0\u00a0\u00a0\u00a0\u00a0\u00a0\u00a0\u00a0\u00a0\u00a0\u00a0\u00a0\u00a0\u00a0\u00a0 Pregunta: Qu\u00e9 papel ser\u00eda tu sue\u00f1o interpretar y con qui\u00e9n te gustar\u00eda verte alg\u00fan d\u00eda, sobre un escenario actuando ante miles de personas. Y \u00bfpor qu\u00e9?<\/p>\n<p style=\"text-align: justify;\">\n<p style=\"text-align: justify;\">\u00a0\u00a0\u00a0\u00a0\u00a0\u00a0\u00a0\u00a0\u00a0\u00a0\u00a0\u00a0\u00a0\u00a0\u00a0 Respuesta: Hay tantos\u2026 pero por decir alguno me encantar\u00eda ser Medea de Eur\u00edpides y\u00a0 Nina de Ch\u00e9jov. Me fascinar\u00eda trabajar con Nuria Espert, Roberto \u00c1lamo, Natalie Poza y Susi S\u00e1nchez entre muchos otros.<\/p>\n<p style=\"text-align: justify;\">\n<p style=\"text-align: justify;\"><a href=\"http:\/\/granadacostanacional.es\/wp-content\/uploads\/2020\/05\/rey-juan-980x418.jpg\"><img decoding=\"async\" loading=\"lazy\" class=\"aligncenter size-full wp-image-24493\" src=\"http:\/\/granadacostanacional.es\/wp-content\/uploads\/2020\/05\/rey-juan-980x418.jpg\" alt=\"rey-juan-980x418\" width=\"980\" height=\"418\" \/><\/a><\/p>\n<p style=\"text-align: justify;\">\u00a0\u00a0\u00a0\u00a0\u00a0\u00a0\u00a0\u00a0\u00a0\u00a0\u00a0\u00a0\u00a0\u00a0\u00a0 Pregunta: La mayor\u00eda de las personas, tienen alguna man\u00eda o superstici\u00f3n antes de afrontar alg\u00fan reto, sea art\u00edstico, deportivo, o de otro tipo. Rosal\u00eda Castro, es de ese grupo de personas que antes de salir al escenario debe realizar alguna especie de ritual, o eres de las que no creen en ellas.<\/p>\n<p style=\"text-align: justify;\">\n<p style=\"text-align: justify;\">\u00a0\u00a0\u00a0\u00a0\u00a0\u00a0\u00a0\u00a0\u00a0\u00a0\u00a0\u00a0\u00a0\u00a0\u00a0 Respuesta: No tengo ning\u00fan ritual especial m\u00e1s que calentar la voz, respirar hondo y beber agua. La verdad es que soy bastante pr\u00e1ctica para estas cosas, siento decepcionarte jajajaja!!!<\/p>\n<p style=\"text-align: justify;\">\n<p style=\"text-align: justify;\">\n<p style=\"text-align: justify;\">\u00a0\u00a0\u00a0\u00a0\u00a0\u00a0\u00a0\u00a0\u00a0\u00a0\u00a0\u00a0\u00a0\u00a0\u00a0 Pregunta: En el 2016 ingresaste en la Compa\u00f1\u00eda La Smorfia Teatro, junto a ese fenomenal actor Germ\u00e1n Torres, con el que est\u00e1s compartiendo escenario con Rey Juan de William Shakespeare. C\u00f3mo surgi\u00f3 tu inter\u00e9s en unirte a ese proyecto emprendedor que es La Smorfia Teatro, y terminar siendo u\u00f1a y carne con Germ\u00e1n, en cada nuevo proyecto esc\u00e9nico que baraj\u00e1is realizar.<\/p>\n<p style=\"text-align: justify;\">\n<p style=\"text-align: justify;\">\u00a0\u00a0\u00a0\u00a0\u00a0\u00a0\u00a0\u00a0\u00a0\u00a0\u00a0\u00a0\u00a0\u00a0\u00a0 Respuesta: Formar compa\u00f1\u00eda teatral junto a Germ\u00e1n Torres me pareci\u00f3 lo m\u00e1s sensato que pod\u00eda hacer en ese momento, ambos compartimos el amor por el teatro, el trabajo en equipo y un gusto muy especial para contar historias. Nos compaginamos que da gusto en cuanto a din\u00e1micas de trabajo y puesta en escena, su experiencia unida a mi determinaci\u00f3n hace que siempre tengamos ganas de seguir. Eso s\u00ed, ambos andamos flojos en cuanto a la distribuci\u00f3n, ay!<\/p>\n<p style=\"text-align: justify;\">\n<p style=\"text-align: justify;\">\u00a0\u00a0\u00a0\u00a0\u00a0\u00a0\u00a0\u00a0\u00a0\u00a0\u00a0\u00a0\u00a0\u00a0\u00a0 Pregunta: Lamentablemente estamos viviendo un largo confinamiento, debido al COVID-19, que nos ha paralizado a todos, y a vosotros con la gira en la que estabais inmensos. Pero nos podr\u00edas adelantar si es posible, alguno de los lugares en que quiz\u00e1s se podr\u00e1 ver a futuro tan espl\u00e9ndida obra teatral, si el tiempo y las circunstancias lo permiten. O todav\u00eda es algo en lo que est\u00e1is trabajando a la espera de que se pase todo esto.<\/p>\n<p style=\"text-align: justify;\">\n<p style=\"text-align: justify;\">\u00a0\u00a0\u00a0\u00a0\u00a0\u00a0\u00a0\u00a0\u00a0\u00a0\u00a0\u00a0\u00a0\u00a0\u00a0 Respuesta: \u00a0Efectivamente, la situaci\u00f3n actual ha paralizado el proceso de venta de nuestra propuesta y a d\u00eda de hoy no tenemos fechas confirmadas para 2020 pero seguiremos trabajando en ello.<\/p>\n<p style=\"text-align: justify;\">\n<p style=\"text-align: justify;\">\n<p style=\"text-align: justify;\">\u00a0\u00a0\u00a0\u00a0\u00a0\u00a0\u00a0\u00a0\u00a0\u00a0\u00a0\u00a0\u00a0\u00a0\u00a0 Pregunta: Has hecho cine, televisi\u00f3n, teatro, de presentadora, locutora y lectora de Audiolibros para la ONCE. De esto \u00faltimo, lo que me parece una labor maravillosa y encomiable, c\u00f3mo ocurri\u00f3 que te propusieran como lectora de libros, para las personas con deficiencias f\u00edsicas. Qu\u00e9 nos puedes contar sobre ello.<\/p>\n<p style=\"text-align: justify;\">\n<p style=\"text-align: justify;\">\u00a0\u00a0\u00a0\u00a0\u00a0\u00a0\u00a0\u00a0\u00a0\u00a0\u00a0\u00a0\u00a0\u00a0\u00a0 Respuesta: Un buen d\u00eda ensayando con Carlos Olalla, maravilloso compa\u00f1ero de haza\u00f1as me coment\u00f3 que acababa de empezar a trabajar con ellos, me propuso para una prueba y tiempo despu\u00e9s me confirmaron que estaba dentro. Es un trabajo apasionante el de la voz, t\u00e9cnicamente un tanto complejo para mi pero poco a poco voy logrando resultados en el peque\u00f1o estudio de locuci\u00f3n que he montado en casa. Pensar que alguien que tiene ceguera puede recrearse con mi voz y sentirme un poco m\u00e1s cerca me conmueve.<\/p>\n<p style=\"text-align: justify;\">\n<p style=\"text-align: justify;\">\n<p style=\"text-align: justify;\">\u00a0\u00a0\u00a0\u00a0\u00a0\u00a0\u00a0\u00a0\u00a0\u00a0\u00a0\u00a0\u00a0\u00a0\u00a0 Pregunta: Seg\u00fan he le\u00eddo tienes algunas habilidades fant\u00e1sticas, como tocar el piano y la pandereta, bailar la danza ex\u00f3tica del vientre, la funky, el jazz, la salsa y obviamente la danza tradicional gallega de donde eres, e incluso cantas. Imagino que el p\u00fablico disfrutar\u00eda de tu timbre vocal, con la obra musical Galicia Canibal, pero has hecho acopio de las dem\u00e1s cualidades en otras obras teatrales o tras la pantalla, o algunas se quedan dentro de la intimidad del hogar, con tus familiares y amigos.<\/p>\n<p style=\"text-align: justify;\">\n<p style=\"text-align: justify;\">\u00a0\u00a0\u00a0\u00a0\u00a0\u00a0\u00a0\u00a0\u00a0\u00a0\u00a0\u00a0\u00a0\u00a0\u00a0 Respuesta: Pues aqu\u00ed hay un poco de todo, desde peque\u00f1a toco la pandereta y bailo danza tradicional galega, las interminables sobremesas familiares me llevaron a cantar y poco despu\u00e9s comenc\u00e9 en el conservatorio de piano . Fue a los 17 a\u00f1os cuando me fui a estudiar Arte Dram\u00e1tico a Gij\u00f3n cuando empec\u00e9 con la danza del vientre y al llegar a Madrid intent\u00e9 unirlo todo en algunos de mis proyectos teatrales. Galicia Can\u00edbal fue un sue\u00f1o, cantar, actuar y bailar a la vez, incluso tocar la pandereta, hacer una peque\u00f1a gira a ritmo de Siniestro Total, Golpes Bajos, Resentidos etc\u2026 aprend\u00ed y disfrut\u00e9 a partes iguales.<\/p>\n<p style=\"text-align: justify;\">\n<p style=\"text-align: justify;\">\n<p style=\"text-align: justify;\">\u00a0\u00a0\u00a0\u00a0\u00a0\u00a0\u00a0\u00a0\u00a0\u00a0\u00a0\u00a0\u00a0\u00a0\u00a0 Pregunta: Para concluir la entrevista, me gustar\u00eda saber si existe alguna pregunta que te hubiera gustado haber respondido, pero que no has tenido la oportunidad de hacerlo.<\/p>\n<p style=\"text-align: justify;\">\n<p style=\"text-align: justify;\">\u00a0\u00a0\u00a0\u00a0\u00a0\u00a0\u00a0\u00a0\u00a0\u00a0\u00a0\u00a0\u00a0\u00a0\u00a0 Respuesta: Pues no, ha sido bastante completa la entrevista \u00a1muchas gracias!<\/p>\n<p style=\"text-align: justify;\">\n<p style=\"text-align: justify;\">\n<p style=\"text-align: justify;\">\n<p style=\"text-align: justify;\">\u00a0\u00a0\u00a0\u00a0\u00a0\u00a0\u00a0\u00a0\u00a0\u00a0\u00a0\u00a0\u00a0\u00a0\u00a0 Quiero agradecerte Rosal\u00eda Castro, el tiempo que me has dispensado en responder a esta serie de preguntas, que espero sirvan para darte a conocer entre los lectores que tengan a bien, tomarse su tiempo y descubrir a la maravillosa persona y artista que eres.<\/p>\n<p style=\"text-align: justify;\">Como cierre y como hago con mis entrevistados, te expongo una serie de preguntas tipo test, con las que espero dar a conocerte un poco m\u00e1s, si eso es ya posible.<\/p>\n<p style=\"text-align: justify;\">\n<p style=\"text-align: justify;\">\u00a0\u00a0\u00a0\u00a0\u00a0\u00a0\u00a0\u00a0\u00a0\u00a0\u00a0\u00a0\u00a0\u00a0\u00a0 \u00a1Muchas gracias, Rosal\u00eda! y \u00a1Mucha mierda!<\/p>\n<p style=\"text-align: justify;\">\n<p style=\"text-align: justify;\">\n<p style=\"text-align: justify;\">\n<p style=\"text-align: justify;\">\n<p style=\"text-align: justify;\">\u00a0\u00a0\u00a0\u00a0\u00a0\u00a0\u00a0\u00a0\u00a0\u00a0\u00a0\u00a0\u00a0\u00a0\u00a0 PREGUNTAS TIPO TEST:<\/p>\n<p style=\"text-align: justify;\">\n<p style=\"text-align: justify;\">\n<p style=\"text-align: justify;\">\u00a0\u00a0\u00a0\u00a0\u00a0\u00a0\u00a0\u00a0\u00a0\u00a0\u00a0\u00a0\u00a0\u00a0\u00a0 \u00bfUn personaje hist\u00f3rico? Juana de Arco.<\/p>\n<p style=\"text-align: justify;\">\u00a0\u00a0\u00a0\u00a0\u00a0\u00a0\u00a0\u00a0\u00a0\u00a0\u00a0\u00a0\u00a0\u00a0\u00a0 \u00bfUna \u00e9poca? La medieval.<\/p>\n<p style=\"text-align: justify;\">\u00a0\u00a0\u00a0\u00a0\u00a0\u00a0\u00a0\u00a0\u00a0\u00a0\u00a0\u00a0\u00a0\u00a0\u00a0 \u00bfUn pintor? Francisco de Goya.<\/p>\n<p style=\"text-align: justify;\">\u00a0\u00a0\u00a0\u00a0\u00a0\u00a0\u00a0\u00a0\u00a0\u00a0\u00a0\u00a0\u00a0\u00a0\u00a0 \u00bfUn escultor? Camille Claudel.<\/p>\n<p style=\"text-align: justify;\">\u00a0\u00a0\u00a0\u00a0\u00a0\u00a0\u00a0\u00a0\u00a0\u00a0\u00a0\u00a0\u00a0\u00a0\u00a0 \u00bfUn escritor? Miguel de Cervantes.<\/p>\n<p style=\"text-align: justify;\">\u00a0\u00a0\u00a0\u00a0\u00a0\u00a0\u00a0\u00a0\u00a0\u00a0\u00a0\u00a0\u00a0\u00a0\u00a0 \u00bfUn poeta? Rosal\u00eda de Castro.<\/p>\n<p style=\"text-align: justify;\">\u00a0\u00a0\u00a0\u00a0\u00a0\u00a0\u00a0\u00a0\u00a0\u00a0\u00a0\u00a0\u00a0\u00a0\u00a0 \u00bfUn libro? \u201cLa danza de la serpiente\u201d de Pilar Ruiz.<\/p>\n<p style=\"text-align: justify;\">\u00a0\u00a0\u00a0\u00a0\u00a0\u00a0\u00a0\u00a0\u00a0\u00a0\u00a0\u00a0\u00a0\u00a0\u00a0 \u00bfUna pel\u00edcula? \u201cUn hombre tranquilo\u201d de John Ford.<\/p>\n<p style=\"text-align: justify;\">\u00a0\u00a0\u00a0\u00a0\u00a0\u00a0\u00a0\u00a0\u00a0\u00a0\u00a0\u00a0\u00a0\u00a0\u00a0 \u00bfUn director de cine, teatro o televisi\u00f3n? Jos\u00e9 Luis Cuerda.<\/p>\n<p style=\"text-align: justify;\">\u00a0\u00a0\u00a0\u00a0\u00a0\u00a0\u00a0\u00a0\u00a0\u00a0\u00a0\u00a0\u00a0\u00a0\u00a0 \u00bfUna actriz? Ava Gardner.<\/p>\n<p style=\"text-align: justify;\">\u00a0\u00a0\u00a0\u00a0\u00a0\u00a0\u00a0\u00a0\u00a0\u00a0\u00a0\u00a0\u00a0\u00a0\u00a0 \u00bfUn compositor? Luis Eduardo Aute.<\/p>\n<p style=\"text-align: justify;\">\u00a0\u00a0\u00a0\u00a0\u00a0\u00a0\u00a0\u00a0\u00a0\u00a0\u00a0\u00a0\u00a0\u00a0\u00a0 \u00bfUn cantante? Luz Casal.<\/p>\n<p style=\"text-align: justify;\">\u00a0\u00a0\u00a0\u00a0\u00a0\u00a0\u00a0\u00a0\u00a0\u00a0\u00a0\u00a0\u00a0\u00a0\u00a0 \u00bfUn m\u00fasico? W. A. Mozart.<\/p>\n<p style=\"text-align: justify;\">\u00a0\u00a0\u00a0\u00a0\u00a0\u00a0\u00a0\u00a0\u00a0\u00a0\u00a0\u00a0\u00a0\u00a0\u00a0 \u00bfUna flor? La rosa blanca.<\/p>\n<p style=\"text-align: justify;\">\u00a0\u00a0\u00a0\u00a0\u00a0\u00a0\u00a0\u00a0\u00a0\u00a0\u00a0\u00a0\u00a0\u00a0\u00a0 \u00bfUn animal? El gato-perro \ud83d\ude09<\/p>\n<p style=\"text-align: justify;\">\u00a0\u00a0\u00a0\u00a0\u00a0\u00a0\u00a0\u00a0\u00a0\u00a0\u00a0\u00a0\u00a0\u00a0\u00a0 \u00bfUna estaci\u00f3n del a\u00f1o? La primavera.<\/p>\n<p style=\"text-align: justify;\">\u00a0\u00a0\u00a0\u00a0\u00a0\u00a0\u00a0\u00a0\u00a0\u00a0\u00a0\u00a0\u00a0\u00a0\u00a0 \u00bfUn lugar donde residir? Cerca del mar.<\/p>\n<p style=\"text-align: justify;\">\u00a0\u00a0\u00a0\u00a0\u00a0\u00a0\u00a0\u00a0\u00a0\u00a0\u00a0\u00a0\u00a0\u00a0\u00a0 \u00bfUn lugar que te gustar\u00eda visitar antes de morir? \u00c1frica.<\/p>\n<p style=\"text-align: justify;\">\u00a0\u00a0\u00a0\u00a0\u00a0\u00a0\u00a0\u00a0\u00a0\u00a0\u00a0\u00a0\u00a0\u00a0\u00a0 \u00bfUn color? El azul.<\/p>\n<p style=\"text-align: justify;\">\n<p style=\"text-align: right;\"><em><strong>Ricardo Campos Urbaneja<\/strong><\/em><\/p>\n","protected":false},"excerpt":{"rendered":"<p>En esta ocasi\u00f3n tengo el enorme placer de entrevistar a una formidable y encantadora actriz gallega, nacida en Burela (Lugo)&hellip;<\/p>\n","protected":false},"author":2,"featured_media":24491,"comment_status":"open","ping_status":"open","sticky":false,"template":"","format":"standard","meta":{"om_disable_all_campaigns":false,"_mi_skip_tracking":false,"_monsterinsights_sitenote_active":false,"_monsterinsights_sitenote_note":"","_monsterinsights_sitenote_category":0,"footnotes":""},"categories":[21,30],"tags":[],"aioseo_notices":[],"_links":{"self":[{"href":"https:\/\/granadacostaglobal.es\/index.php?rest_route=\/wp\/v2\/posts\/24490"}],"collection":[{"href":"https:\/\/granadacostaglobal.es\/index.php?rest_route=\/wp\/v2\/posts"}],"about":[{"href":"https:\/\/granadacostaglobal.es\/index.php?rest_route=\/wp\/v2\/types\/post"}],"author":[{"embeddable":true,"href":"https:\/\/granadacostaglobal.es\/index.php?rest_route=\/wp\/v2\/users\/2"}],"replies":[{"embeddable":true,"href":"https:\/\/granadacostaglobal.es\/index.php?rest_route=%2Fwp%2Fv2%2Fcomments&post=24490"}],"version-history":[{"count":0,"href":"https:\/\/granadacostaglobal.es\/index.php?rest_route=\/wp\/v2\/posts\/24490\/revisions"}],"wp:featuredmedia":[{"embeddable":true,"href":"https:\/\/granadacostaglobal.es\/index.php?rest_route=\/"}],"wp:attachment":[{"href":"https:\/\/granadacostaglobal.es\/index.php?rest_route=%2Fwp%2Fv2%2Fmedia&parent=24490"}],"wp:term":[{"taxonomy":"category","embeddable":true,"href":"https:\/\/granadacostaglobal.es\/index.php?rest_route=%2Fwp%2Fv2%2Fcategories&post=24490"},{"taxonomy":"post_tag","embeddable":true,"href":"https:\/\/granadacostaglobal.es\/index.php?rest_route=%2Fwp%2Fv2%2Ftags&post=24490"}],"curies":[{"name":"wp","href":"https:\/\/api.w.org\/{rel}","templated":true}]}}