{"id":24487,"date":"2020-05-21T10:58:37","date_gmt":"2020-05-21T10:58:37","guid":{"rendered":"http:\/\/granadacostanacional.es\/?p=24487"},"modified":"2020-05-21T10:58:37","modified_gmt":"2020-05-21T10:58:37","slug":"los-xuetes-de-mallorca-segunda-parte","status":"publish","type":"post","link":"https:\/\/granadacostaglobal.es\/?p=24487","title":{"rendered":"LOS \u201cXUETES\u201d DE  MALLORCA,  SEGUNDA PARTE"},"content":{"rendered":"<p style=\"text-align: justify;\">Desde 1688 al 1691 los juicios fueron siguiendo su curso aunque muchos llegaban a durar hasta tres a\u00f1os. Los m\u00e1s d\u00e9biles confesaban r\u00e1pidamente, dec\u00edan que \u201chab\u00edan reca\u00eddo en la herej\u00eda de la ley de Mois\u00e9s\u201d, en cambio, los m\u00e1s fuertes se resist\u00edan y s\u00f3lo confesaban bajo tortura, algunos suplicaban reconciliarse con la Iglesia y abjuraban de sus herej\u00edas; aunque todos sab\u00edan que si no confesaban de una manera \u201ccompleta\u201d ser\u00edan sometidos a la horrible pena de muerte por garrote y despu\u00e9s de muertos ser\u00edan echados a la hoguera. As\u00ed estaba implicada toda la comunidad jud\u00eda a decir todo lo que sab\u00edan. A\u00fan as\u00ed segu\u00edan, practicando en secreto, con sus ritos y ceremonias judaizantes: ritos mortuorios, no com\u00edan cerdo, celebraban la Pascua Jud\u00eda, ayunos\u2026 \u00a0en los ritos mortuorios,\u00a0 la familia del difunto durante ocho d\u00edas no com\u00eda ni beb\u00eda, no se cambiaban de ropa en un mes, cumpl\u00edan las leyes de la dieta. Los mallorquines com\u00edan arroz con aceite. Estas ceremonias impresionaban mucho a los ni\u00f1os, aunque sus padres cre\u00edan que estaban preparados para ello; les hac\u00edan presenciar estas ceremonias y les advert\u00edan que guardasen \u201csu secreto\u201d\u00a0 de todo lo que ve\u00edan y o\u00edan. Esto era un problema para los ni\u00f1os de los conversos. A los 13 a\u00f1os se les consideraban adultos.\u00a0 En cuanto a <strong>LOS AYUNOS<\/strong> \u00a0eran de diversos tipos:<\/p>\n<p style=\"text-align: justify;\">_ el primero era el <strong>DEJUNI de GEDALIAH<\/strong><\/p>\n<p style=\"text-align: justify;\">_ el segundo el <strong>GRAN DEJUNI D\u2019ESTER<\/strong>, fiesta mayor religiosa<\/p>\n<p style=\"text-align: justify;\">_ el tercero\u00a0 <strong>DEJUNI<\/strong> \u00a0de las <strong>LENTEJAS<\/strong>, era en julio en memoria\u00a0 de la destrucci\u00f3n del templo de Jerusal\u00e9n.<\/p>\n<p style=\"text-align: justify;\">_ el cuarto el <strong>DEJUNI del PRIMOG\u00c9NITO<\/strong>, la v\u00edspera de la Pascua Jud\u00eda.<\/p>\n<p style=\"text-align: justify;\">_ el <strong>DEJUNI del PERD\u00d3N<\/strong> o <strong>DEJUNI MAYOR<\/strong> que ped\u00edan a Dios que los perdonase\u00a0 (los conversos cre\u00edan o ten\u00edan la sensaci\u00f3n de vivir en pecado) Se absten\u00edan de comer y beber 24 horas.<\/p>\n<p style=\"text-align: justify;\">_ celebraban la <strong>FIESTA de los<\/strong> <strong>TABERN\u00c1CULOS<\/strong><\/p>\n<p style=\"text-align: justify;\">Los ayunos ten\u00edan lugar los primeros 10 \u00a0d\u00edas que segu\u00edan a la luna nueva de septiembre. Para estas fiestas se vest\u00edan con la ropa adecuada para\u00a0 cada ocasi\u00f3n, tambi\u00e9n decoraban las casas seg\u00fan la costumbre.<\/p>\n<p style=\"text-align: justify;\">Los conversos celebraban <strong>EL S\u00c1BAT<\/strong> como principal d\u00eda festivo de la ley mosaica: el s\u00e1bado era el d\u00eda de descanso pero fing\u00edan que trabajaban para no ser reconocidos. La v\u00edspera\u00a0 limpiaban las casas en honor al S\u00e1bat, mataban las aves seg\u00fan su ritual y con un cuchillo especial, \u00a0se coc\u00edan el pan rogando que la masa subiese, hac\u00edan la comida para el d\u00eda siguiente, se pon\u00eda aceite limpio para asegurar la iluminaci\u00f3n desde la puesta del sol del viernes hasta la del s\u00e1bado, cuando encend\u00edan el candil dec\u00edan:\u201dalabado sea el nombre de Dios\u201d las casas ten\u00edan aire de festividad\u2026 Todo ello con el fin de dedicar el d\u00eda entero a la oraci\u00f3n y si no ten\u00edan nada hecho ese d\u00eda no com\u00edan. Los hombres se vest\u00edan de fiesta y las mujeres se pon\u00edan la ropa y joyas mejores y m\u00e1s caras, y \u201cempleaban cosm\u00e9ticos\u201d.<\/p>\n<p style=\"text-align: justify;\">Celebraban la entrada del S\u00e1bat al ponerse el sol el viernes para\u00a0 alabar el poder, la omnipresencia y la bondad del dios de Israel.<\/p>\n<p style=\"text-align: justify;\"><strong><u>HERENCIA RELIGIOSA SECRETA\u00a0 <\/u><\/strong><\/p>\n<p style=\"text-align: justify;\"><strong><u>1.-<\/u><\/strong> iba de generaci\u00f3n en generaci\u00f3n<\/p>\n<p style=\"text-align: justify;\">2.-ten\u00edan que conocer los d\u00edas de ayuno y fiestas jud\u00edas<\/p>\n<p style=\"text-align: justify;\">3.- tambi\u00e9n las leyes de la dieta<\/p>\n<p style=\"text-align: justify;\">4.-\u00a0 las plegarias y bendiciones<\/p>\n<p style=\"text-align: justify;\">5.- las tradiciones del casamiento y<\/p>\n<p style=\"text-align: justify;\">6.- la teolog\u00eda y la historia de los patriarcas y profetas del Antiguo Testamento.<\/p>\n<p style=\"text-align: justify;\">Los tres pecados capitales jud\u00edos eran: la idolatr\u00eda, el adulterio y el derramamiento de sangre.<\/p>\n<p style=\"text-align: justify;\">Para los conversos, Cristo era un hombre como los otros y no pod\u00eda ser Dios porque era mortal, en cambio, para ellos el Mes\u00edas a\u00fan no hab\u00eda venido, ten\u00edan que esperar que el pueblo hebreo hiciese penitencia de sus pecados, y cuando apareciese, los jud\u00edos se ver\u00edan libres de su esclavitud y los guiar\u00eda a la \u201ctierra prometida\u201d (profec\u00edas de Daniel)<\/p>\n<p style=\"text-align: justify;\"><a href=\"http:\/\/granadacostanacional.es\/wp-content\/uploads\/2020\/05\/220px-Goya9.jpg\"><img decoding=\"async\" loading=\"lazy\" class=\"aligncenter size-full wp-image-24488\" src=\"http:\/\/granadacostanacional.es\/wp-content\/uploads\/2020\/05\/220px-Goya9.jpg\" alt=\"220px-Goya9\" width=\"220\" height=\"309\" \/><\/a><\/p>\n<p style=\"text-align: justify;\"><strong><u>SENTENCIAS O ACTOS DE FE <\/u><\/strong><\/p>\n<p style=\"text-align: justify;\"><strong><u>\u00a0\u00a0\u00a0\u00a0 <\/u><\/strong>Las sentencias fueron pronunciadas en 5 actos de fe en la iglesia de los dominicos de Palma, Santo Domingo.<\/p>\n<p style=\"text-align: justify;\">. Los condenados eran exhibidos p\u00fablicamente y cada uno llevaba el sambenito que indicaba la clase de crimen que hab\u00eda cometido y el correspondiente castigo. Hab\u00eda un \u201c<strong>Tiempo de Gracia o Tiempo de<\/strong> <strong>Perd\u00f3n\u201d<\/strong> para mitigar sus castigos o evitar la c\u00e1rcel, si declaraban antes de 30 d\u00edas o pagaban una multa. Se le preguntaba al acusado el nombre de sus antepasados o si alguno de ellos hab\u00eda comparecido alguna vez ante la Inquisici\u00f3n; y la respuesta era siempre la misma<strong>: \u201cde casta y generaci\u00f3n de chuetas de la calle del Sayell\u201d\u00a0 (hoy Jaime II)<\/strong><\/p>\n<p style=\"text-align: justify;\">A finales de 1695 se hicieron los \u00faltimos juicios de los conversos y la persecuci\u00f3n qued\u00f3 finalmente cerrada. Muchos continuaron viviendo en los barrios de <strong>El Call<\/strong> y <strong>Sa Calatrava<\/strong>. Manten\u00edan la memoria muy viva\u00a0 de la exhibici\u00f3n permanente de los sambenitos. Estaban tan estigmatizados, que uno de los conversos, con el deseo de destruir el recuerdo de aquel hecho adquiri\u00f3 la columna\u00a0 de la sinagoga secreta y borr\u00f3 las inscripciones con los nombres de todos ellos, y donde antes estaba la sinagoga\u00a0 se erigi\u00f3 un pilar.<\/p>\n<p style=\"text-align: justify;\">\u00a0\u00a0\u00a0\u00a0\u00a0\u00a0\u00a0\u00a0 Acaba la Inquisici\u00f3n en Mallorca en el a\u00f1o 1820 e inmediatamente se dio libertad a todos los presos, fue presenciado por una gran multitud\u00a0 de gente venidas de todos los pueblos de Mallorca y, enfurecidos, fueron al Tribual\u00a0 y a las 5 de la tarde ya hab\u00edan saqueado y quemado el convento de los dominicos y el palacio de la Inquisici\u00f3n. A la ma\u00f1ana siguiente se pod\u00eda leer esto en cuartillas:<\/p>\n<p style=\"text-align: justify;\">\u201cEsta casa bien mirada<\/p>\n<p style=\"text-align: justify;\">al infierno ha parecido<\/p>\n<p style=\"text-align: justify;\">hera buena la entrada<\/p>\n<p style=\"text-align: justify;\">y muy mala la salida\u201d<\/p>\n<p style=\"text-align: justify;\">\u00a0\u00a0\u00a0\u00a0\u00a0\u00a0 De entre todos los actos y sentencias merecen\u00a0 especial atenci\u00f3n los siguientes por su crudeza y trascendencia:<\/p>\n<p style=\"text-align: justify;\">El 2\u00ba acto de fe se celebr\u00f3 el 23 de abril de 1678, en la iglesia de Santo Domingo, el segundo domingo de Pascua desde\u00a0 las 7 de la ma\u00f1ana hasta las 6 de la tarde. Se dice que derribaron sus casas y echaron sal en el jard\u00edn\u00a0 donde hac\u00edan las ceremonias. Fueron 200 los condenados. Los culpables eran sometidos\u00a0 a garrote\u00a0 y quemados en un gran holocausto cerca del castillo de Bellver, en las afueras de la ciudad. Consta muy detalladamente en los Anales Judaicos de Mallorca y en el Cronic\u00f3n.<\/p>\n<p style=\"text-align: justify;\">El 3\u00ba acto fue el m\u00e1s extraordinario de todos porque en \u00e9ste Rafael Valls, Rafael Benet Tarong\u00ed y Catalina Tarong\u00ed fueron condenados y quemados vivos como herejes contumaces. Atrajo a una gran multitud, acudieron las autoridades de la isla, altos dignatarios del Estado y de la Iglesia, hasta asisti\u00f3 el gobernador de Mil\u00e1n que iba de paso a tomar posesi\u00f3n de su cargo, el cual se conmovi\u00f3 al ver\u00a0 a una condenada, Isabel Aguil\u00f3, que hizo una petici\u00f3n\u00a0 de gracia\u00a0 antes de ser quemada.<\/p>\n<p style=\"text-align: justify;\">El mayor inter\u00e9s de este acto\u00a0 se centraba en la persona de Rafael Valls, el c\u00e9lebre rabino y dirigente de los conversos. Dicen que expertos te\u00f3logos intentaron convencerlo con pasajes de la Biblia pero \u00e9ste no se dej\u00f3. Rafael Valls y Pedro Onofre Cort\u00e9s eran los dos dirigentes de la \u201cComunidad Secreta\u201d a los cuales se les pod\u00eda consultar cualquier duda o problema relativo a Ley de Mois\u00e9s. Rafael Valls quem\u00f3 los libros que hab\u00edan proporcionado literatura her\u00e9tica a su familia cuando se iniciaron las detenciones en el a\u00f1o 1667.<\/p>\n<p style=\"text-align: justify;\">En los a\u00f1os que siguieron a 1691 los conversos y sus descendientes \u2013entonces llamados ya abiertamente xuetes &#8211;\u00a0 consideraron\u00a0 el a\u00f1o 1691 como el m\u00e1s negro de su historia. Fue el a\u00f1o del apogeo de la Inquisici\u00f3n mallorquina. A partir de este a\u00f1o no se realizaron sentencias de muerte. El padre Garau en su libro \u201cLa Fe Triunfante\u201d tambi\u00e9n describe los actos de fe de dicho a\u00f1o.<\/p>\n<p style=\"text-align: justify;\">\n<p style=\"text-align: justify;\"><strong><u>LA\u00a0 ECONOM\u00cdA\u00a0\u00a0 <\/u><\/strong><\/p>\n<p style=\"text-align: justify;\"><strong><u>\u00a0<\/u><\/strong>Los herejes se quejaban de que los deten\u00edan para quedarse con sus bienes y no por ser herejes. Les quitaban sus casas, la mercanc\u00eda con la que se ganaban la vida, el oro, las joyas, los muebles, etc. aunque muchos se los daban a guardar\u00a0 a sus amigos, los cristianos viejos, durante su encarcelamiento. Otros, parte de su fortuna la pon\u00edan a nombre de comerciantes amigos de Flandes o de Italia. Efectivamente, la econom\u00eda de la isla se resinti\u00f3. El conde de Montenegro le escribi\u00f3 al rey en el a\u00f1o 1679, quej\u00e1ndose de la confiscaci\u00f3n de los bienes de los xuetes porque amenazaba al comercio y a la prosperidad de la isla, sobre todo a la joyer\u00eda y al comercio.<\/p>\n<p style=\"text-align: justify;\"><strong><u>LA\u00a0 HEREJ\u00cdA<\/u><\/strong><\/p>\n<p style=\"text-align: justify;\">Se vieron forzados a vivir en unos espacios tan reducidos como el Call y Sa Calatrava, adem\u00e1s tuvieron que soportar incomodidades y calumnias, los llamaban: \u201chebreos, jud\u00edos y xuetes\u201d, hasta el punto que sus representantes: Bernat Aguil\u00f3, Domenech Cort\u00e9s, Tom\u00e1s Aguil\u00f3 y Francesc Forteza hicieron un \u201cMemorial o Petici\u00f3n\u201d al rey para que no les molestaran, tener plena libertad y poder acceder a la Instituciones, a las cuales se les ten\u00eda prohibido, a los estamentos eclesi\u00e1sticos, al Ej\u00e9rcito, a la Marina, a los diferentes gremios, a la Administraci\u00f3n P\u00fablica, etc.\u00a0 El rey\u00a0 se lo concedi\u00f3 en 1779.<\/p>\n<p style=\"text-align: justify;\">El estigma de la herej\u00eda pervivi\u00f3 en la sociedad mallorquina durante muchos a\u00f1os, el recuerdo y la marca infame que se les puso encima les marc\u00f3 tanto que no se ha borrado, contin\u00faan siendo xuetes, se\u00f1alados y, a veces, rechazados. Joana F. Ferragut Simonet, en su tesis (octubre de 2017) dice: \u201cLas caracter\u00edsticas principales de la comunidad chueta son los 15 apellidos conocidos tradicionalmente en Mallorca como chuetas y su alto grado de endogamia\u201d. Se sigue hablando de su vida y su pasado, a muchos se les perdon\u00f3 la vida y permanecieron en la isla pero todav\u00eda\u00a0 hoy quedan sus apellidos: Cerd\u00e1, Mir\u00f3, Tarong\u00ed, Pi\u00f1a, Bonnin, Forn\u00e9s, Mart\u00ed, Segura, Pomar, Pic\u00f3, Valls, Aguil\u00f3, Cort\u00e9s, Fuster, Forteza, Cresp\u00ed, Valent\u00ed, Sureda, pinya, etc. \u201caunque est\u00e1n documentados m\u00e1s de 330 entre conversos y condenados por judaizar en Mallorca\u201d (El Correo, nov. 2016).\u00a0 Leemos en un reportaje de El Pa\u00eds, <strong>LOS<\/strong> <strong>APELLIDOS MALDITOS DE MALLORCA<\/strong>: \u201cEl paso de los siglos no ha borrado completamente la larga historia de discriminaci\u00f3n contra los chuetas\u201d.<\/p>\n<p style=\"text-align: justify;\">El profesor Turbeville dice que el hereje una vez declarado por la Iglesia, se volv\u00eda una persona impopular, pues la herej\u00eda era considerada como un crimen nefasto. Era un mal visto como muy peligroso.<\/p>\n<p style=\"text-align: justify;\">Los xuetes escogieron conservar su herencia jud\u00eda y mantenerla mediante sus creencias, festividades, teolog\u00eda y oraciones. Robert Graves que vivi\u00f3 muchos a\u00f1os en la isla, escribi\u00f3 esto: \u201cson ricos e influyentes y algunas familias todav\u00eda practican\u00a0 secretamente ritos jud\u00edos, y lo reconocen. Oficialmente no existen y es muy dif\u00edcil obtener informaci\u00f3n; en teor\u00eda ya han sido plenamente incorporados\u2026 La mayor\u00eda de los habitantes de La Puebla dedicados al cultivo de patatas, son de origen jud\u00edo, y hasta el cura es de origen xueta\u201d.<\/p>\n<p style=\"text-align: justify;\">\n<p style=\"text-align: justify;\">\u00a0\u00a0\u00a0\u00a0\u00a0\u00a0\u00a0\u00a0\u00a0\u00a0\u00a0\u00a0\u00a0\u00a0\u00a0\u00a0\u00a0\u00a0 AURORA FERN\u00c1NDEZ<\/p>\n","protected":false},"excerpt":{"rendered":"<p>Desde 1688 al 1691 los juicios fueron siguiendo su curso aunque muchos llegaban a durar hasta tres a\u00f1os. Los m\u00e1s&hellip;<\/p>\n","protected":false},"author":2,"featured_media":19339,"comment_status":"open","ping_status":"open","sticky":false,"template":"","format":"standard","meta":{"om_disable_all_campaigns":false,"_mi_skip_tracking":false,"_monsterinsights_sitenote_active":false,"_monsterinsights_sitenote_note":"","_monsterinsights_sitenote_category":0,"footnotes":""},"categories":[21,30],"tags":[],"aioseo_notices":[],"_links":{"self":[{"href":"https:\/\/granadacostaglobal.es\/index.php?rest_route=\/wp\/v2\/posts\/24487"}],"collection":[{"href":"https:\/\/granadacostaglobal.es\/index.php?rest_route=\/wp\/v2\/posts"}],"about":[{"href":"https:\/\/granadacostaglobal.es\/index.php?rest_route=\/wp\/v2\/types\/post"}],"author":[{"embeddable":true,"href":"https:\/\/granadacostaglobal.es\/index.php?rest_route=\/wp\/v2\/users\/2"}],"replies":[{"embeddable":true,"href":"https:\/\/granadacostaglobal.es\/index.php?rest_route=%2Fwp%2Fv2%2Fcomments&post=24487"}],"version-history":[{"count":0,"href":"https:\/\/granadacostaglobal.es\/index.php?rest_route=\/wp\/v2\/posts\/24487\/revisions"}],"wp:featuredmedia":[{"embeddable":true,"href":"https:\/\/granadacostaglobal.es\/index.php?rest_route=\/"}],"wp:attachment":[{"href":"https:\/\/granadacostaglobal.es\/index.php?rest_route=%2Fwp%2Fv2%2Fmedia&parent=24487"}],"wp:term":[{"taxonomy":"category","embeddable":true,"href":"https:\/\/granadacostaglobal.es\/index.php?rest_route=%2Fwp%2Fv2%2Fcategories&post=24487"},{"taxonomy":"post_tag","embeddable":true,"href":"https:\/\/granadacostaglobal.es\/index.php?rest_route=%2Fwp%2Fv2%2Ftags&post=24487"}],"curies":[{"name":"wp","href":"https:\/\/api.w.org\/{rel}","templated":true}]}}