{"id":24485,"date":"2020-05-21T10:54:01","date_gmt":"2020-05-21T10:54:01","guid":{"rendered":"http:\/\/granadacostanacional.es\/?p=24485"},"modified":"2020-05-21T10:54:01","modified_gmt":"2020-05-21T10:54:01","slug":"mayo-y-sigo-confinado","status":"publish","type":"post","link":"https:\/\/granadacostaglobal.es\/?p=24485","title":{"rendered":"MAYO  Y  SIGO  CONFINADO"},"content":{"rendered":"<p style=\"text-align: justify;\">\u201c\u00a1Qu\u00e9\u00a0 idea tan risue\u00f1a, qu\u00e9 dulces esperanzas encierra s\u00f3lo tu nombre, PRIMAVERA!\u201d\u00a0\u00a0\u00a0 Cosas as\u00ed se dec\u00edan en otros tiempos; quien lo dijera hoy\u00a0 ser\u00eda masoquista o un poco o mucho est\u00fapido. Ni \u201ccon las lluvias de abril y el sol de mayo\u201d le podr\u00edan salir hojas verdes al olmo de Machado. A Espa\u00f1a las lluvias de abril\u00a0 y el sol de mayo le han tra\u00eddo 15 d\u00edas m\u00e1s de prisi\u00f3n. Dulce y risue\u00f1a primavera era para aquel ciego\u00a0 (invidente dir\u00edan los cursis) granadino que todos los a\u00f1os en el mes de mayo hac\u00eda su agosto. \u00bfC\u00f3mo lo hac\u00eda? Sencillamente pidiendo limosna, con psicolog\u00eda pr\u00e1ctica, con inteligencia. Se hab\u00eda fabricado un cartel en el que con letras grandes dec\u00eda:\u201d\u00a1Es mayo y estoy ciego!\u201d\u00a0 Con este sencillo reclamo no hab\u00eda persona de la condici\u00f3n que fuera, que no dejara su moneda en el cestillo del pobre ciego.<\/p>\n<p style=\"text-align: justify;\">En un antiguo y gastado librillo\u00a0 de encuadernaci\u00f3n r\u00fastica\u00a0 con el t\u00edtulo \u201cNarraciones tenebrosas\u201d he le\u00eddo una que tiene cierta semejanza con lo que nos est\u00e1 ocurriendo en estos d\u00edas. Tratar\u00e9 de sacar un peque\u00f1o resumen.<\/p>\n<p style=\"text-align: justify;\">\u00a0\u00a0\u00a0\u00a0\u00a0\u00a0\u00a0\u00a0 Mateo ten\u00eda una empresa de transportes de mercanc\u00edas y de pasajeros. Cierto d\u00eda transportaba 24 pasajeros, hombres y mujeres de diferentes edades. Hac\u00eda ya 10 d\u00edas que no hab\u00eda dejado de llover y la parte de aquel pueblo que eran\u00a0 por entero agricultores hab\u00edan aprovechado para ir a la ciudad de la provincia a hacer algunas compras y, otros por distracci\u00f3n. El autob\u00fas caminaba despacio pues eran carreteras\u00a0 comarcales, estrechas tortuosas y sin asfaltar. Al salir de una curva se encontr\u00f3 con unas piedras que obstru\u00edan la carretera. Par\u00f3 el autob\u00fas y se bajaron de \u00e9l\u00a0 dos j\u00f3venes dispuestos a liberar la carretera. En aquel momento un inmenso ruido atron\u00f3 el aire y una gran avalancha de piedras y tierra ocult\u00f3 por completo el autob\u00fas. Todos murieron excepto aquellos dos j\u00f3venes que vieron el derrumbamiento de la monta\u00f1a y les dio tiempo de salir corriendo.<\/p>\n<p style=\"text-align: justify;\">\u00a0\u00a0\u00a0\u00a0\u00a0\u00a0\u00a0\u00a0 Cuando lograron rescatar a los viajeros todos hab\u00edan muerto por asfixia. Los trasladaron al pueblo y un velo de muerte y llanto se extendi\u00f3 por toda la comarca con la visi\u00f3n macabra de 22\u00a0 cajas de muertos que en fila y llevadas en hombros fueron trasladadas al cementerio. Un lazo negro en se\u00f1al de luto figur\u00f3 en todas las casas del pueblo, en la iglesia, en la bandera del Ayuntamiento, en las plazas, en los caminos, en los vestidos de todas las personas y muy especialmente, en sus corazones.<\/p>\n<p style=\"text-align: justify;\">\u00a0\u00a0\u00a0\u00a0\u00a0\u00a0\u00a0\u00a0 Pero a Mateo propietario del autob\u00fas,\u00a0 no le parec\u00eda suficiente el luto y la tristeza. \u00c9l sin tener ninguna responsabilidad en aquel accidente, no obstante, se sent\u00eda responsable de aquellas muertes y entr\u00f3 en una depresi\u00f3n tan profunda que a los 20 d\u00edas acab\u00f3 con su vida arroj\u00e1ndose por un acantilado al mar. Los vecinos del pueblo ya presagiaban algo malo pues seg\u00fan dijo uno: \u201cse le ve\u00eda andando por el pueblo como arrancado de su cuerpo, vagando como un esp\u00edritu descarnado\u201d.<\/p>\n<p style=\"text-align: justify;\">\u00a0\u00a0\u00a0\u00a0\u00a0\u00a0 Despu\u00e9s su mujer contar\u00eda el sufrimiento de su marido con detalles que s\u00f3lo ella sab\u00eda. Por las noches cuando se acostaba, despu\u00e9s \u00a0de muchos ruegos, porque hab\u00eda perdido el sue\u00f1o, y, si lograba dormirse, al poco se incorporaba dando voces, sudoroso, aterrorizado. As\u00ed todas las noches. \u00bfCu\u00e1l era el objeto de su pesadilla? Sencillamente ve\u00eda desfilar las 22 cajas camino del cementerio, y \u00e9l caminaba detr\u00e1s de ellas. De repente todas las cajas \u00a0al un\u00edsono, se daban la vuelta y le persegu\u00edan hasta que entraba en el pueblo y se refugiaba en su casa. Las cajas de madera chocaban unas con otras haciendo un ruido infernal que se mezclaba con los gemidos de los muertos, el de sus familiares y el ta\u00f1er f\u00fanebre de las campanas de bronce; el olor a carne humana podrida hac\u00eda irrespirable el aire y en su boca sent\u00eda un sabor repugnante; de las cajas sal\u00edan\u00a0 numerosas manos agit\u00e1ndose, crispadas que\u00a0 trataban de atraparlo para meterlo tambi\u00e9n en una caja grande y lujosa. A veces lo consegu\u00edan pero \u00e9l forcejeando hasta la extenuaci\u00f3n consegu\u00eda salir. Era el momento cuando se despertaba aterrorizado, temblando y dando manotazos\u00a0 para librarse de las manos de los muertos.<\/p>\n<p style=\"text-align: justify;\">De este macabro espect\u00e1culo participaban los cinco sentidos y esto hac\u00eda la vida de Mateo insoportable. Seg\u00fan su mujer, la \u00faltima semana antes de suicidarse, renunci\u00f3 a acostarse en la cama, porque seg\u00fan dec\u00eda \u00e9l, ten\u00eda forma de caja de muerto, la mesa, las sillas y todos los muebles ten\u00edan forma de f\u00e9retro. Afirmaba que todos los que hab\u00edan muerto, ya enterrados, sal\u00edan por las noches y se instalaban en su casa y le acusaban de su muerte. Pasaba las noches sentado en un sill\u00f3n durmi\u00e9ndose a ratos hasta que las pesadillas le hac\u00edan despertar.<\/p>\n<p style=\"text-align: justify;\">\u00a0\u00a0\u00a0\u00a0\u00a0\u00a0\u00a0\u00a0 Despu\u00e9s de su muerte la gente del pueblo comentaba: \u201cSe lo ha llevado la Justicia de Dios que es distinta a la de la Tierra, y eso que no era responsable de nada\u201d.<\/p>\n<p style=\"text-align: justify;\">\u00a0\u00a0\u00a0\u00a0\u00a0\u00a0\u00a0\u00a0 Las muertes en Espa\u00f1a por la pandemia son 30.000 las oficiales, o m\u00e1s de 40.000\u00a0 seg\u00fan las extraoficiales ocurridas por el coronavirus. Aqu\u00ed s\u00ed que hay responsables, \u00a1vaya si los hay!\u00a0 \u00bfDormir\u00e1n estos tranquilos por las noches o tendr\u00e1n pesadillas horribles como Mateo?\u00a0\u00a0 Negligencias, imprevisiones, mentiras, incompetencia\u2026<\/p>\n<p style=\"text-align: justify;\">Alguien para justificar la incompetencia del\u00a0 Ministro de Sanidad dijo que era bueno lo que pasaba, es que era poco espabilado. El que esto dijo, tal vez, quiso hacer un ox\u00edmoron.<\/p>\n<p style=\"text-align: justify;\">\n<p style=\"text-align: right;\">\u00a0\u00a0\u00a0\u00a0\u00a0\u00a0\u00a0\u00a0\u00a0\u00a0\u00a0\u00a0\u00a0\u00a0\u00a0\u00a0\u00a0\u00a0\u00a0\u00a0\u00a0\u00a0\u00a0\u00a0\u00a0\u00a0\u00a0 <em><strong>ROGELIO BUSTOS<\/strong><\/em><\/p>\n","protected":false},"excerpt":{"rendered":"<p>\u201c\u00a1Qu\u00e9\u00a0 idea tan risue\u00f1a, qu\u00e9 dulces esperanzas encierra s\u00f3lo tu nombre, PRIMAVERA!\u201d\u00a0\u00a0\u00a0 Cosas as\u00ed se dec\u00edan en otros tiempos; quien&hellip;<\/p>\n","protected":false},"author":2,"featured_media":16441,"comment_status":"open","ping_status":"open","sticky":false,"template":"","format":"standard","meta":{"om_disable_all_campaigns":false,"_mi_skip_tracking":false,"_monsterinsights_sitenote_active":false,"_monsterinsights_sitenote_note":"","_monsterinsights_sitenote_category":0,"footnotes":""},"categories":[21,30],"tags":[],"aioseo_notices":[],"_links":{"self":[{"href":"https:\/\/granadacostaglobal.es\/index.php?rest_route=\/wp\/v2\/posts\/24485"}],"collection":[{"href":"https:\/\/granadacostaglobal.es\/index.php?rest_route=\/wp\/v2\/posts"}],"about":[{"href":"https:\/\/granadacostaglobal.es\/index.php?rest_route=\/wp\/v2\/types\/post"}],"author":[{"embeddable":true,"href":"https:\/\/granadacostaglobal.es\/index.php?rest_route=\/wp\/v2\/users\/2"}],"replies":[{"embeddable":true,"href":"https:\/\/granadacostaglobal.es\/index.php?rest_route=%2Fwp%2Fv2%2Fcomments&post=24485"}],"version-history":[{"count":0,"href":"https:\/\/granadacostaglobal.es\/index.php?rest_route=\/wp\/v2\/posts\/24485\/revisions"}],"wp:featuredmedia":[{"embeddable":true,"href":"https:\/\/granadacostaglobal.es\/index.php?rest_route=\/"}],"wp:attachment":[{"href":"https:\/\/granadacostaglobal.es\/index.php?rest_route=%2Fwp%2Fv2%2Fmedia&parent=24485"}],"wp:term":[{"taxonomy":"category","embeddable":true,"href":"https:\/\/granadacostaglobal.es\/index.php?rest_route=%2Fwp%2Fv2%2Fcategories&post=24485"},{"taxonomy":"post_tag","embeddable":true,"href":"https:\/\/granadacostaglobal.es\/index.php?rest_route=%2Fwp%2Fv2%2Ftags&post=24485"}],"curies":[{"name":"wp","href":"https:\/\/api.w.org\/{rel}","templated":true}]}}