{"id":2447,"date":"2015-09-30T20:50:16","date_gmt":"2015-09-30T20:50:16","guid":{"rendered":"http:\/\/granadacosta.es\/?p=2447"},"modified":"2015-09-30T20:50:16","modified_gmt":"2015-09-30T20:50:16","slug":"le-presenta-el-libro-basado-en-la-tesis-doctoral-aula-hospitalaria-calidad-de-vida-de-tony-castillo","status":"publish","type":"post","link":"https:\/\/granadacostaglobal.es\/?p=2447","title":{"rendered":"Se presenta el libro basado en la Tesis Doctoral: Aula Hospitalaria Calidad de vida de To\u00f1y Castillo"},"content":{"rendered":"<p><a href=\"http:\/\/granadacosta.es\/wp-content\/uploads\/2015\/09\/IMG_2395-e1443644094746.jpg\"><img decoding=\"async\" loading=\"lazy\" class=\" size-medium wp-image-2450 alignleft\" src=\"http:\/\/granadacosta.es\/wp-content\/uploads\/2015\/09\/IMG_2395-e1443644094746-225x300.jpg\" alt=\"IMG_2395\" width=\"225\" height=\"300\" \/><\/a><\/p>\n<p>&nbsp;<\/p>\n<p>Coincidiendo con la festividad de San Miguel se ha presentado el libro basado en la tesis doctoral de To\u00f1y Castillo. La obra \u00a0ha sido publicada por el Archivo de la Ciudad Aut\u00f3noma de Ceuta . La \u00a0cual, \u00a0es el resultado de 10 a\u00f1os del trabajo de investigaci\u00f3n sobre la necesidad de tratar las enfermedades de los menores desde una visi\u00f3n integral y la educaci\u00f3n como parte de ella.<\/p>\n<p><strong> La Tesis Aula hospitalaria: Calidad de vida<\/strong>, fue presentada en el a\u00f1o 2011, as\u00ed como los resultados \u00a0del trabajo interdisciplinar delante de las enfermedades en beneficio de ni\u00f1os y jovenes. Ahora, ha visto la luz mostrando los resultados de la investigaci\u00f3n.<\/p>\n<p>El trabajo original que supera las 600 p\u00e1ginas, ha supuesto \u00a0un gran esfuerzo de conde<img decoding=\"async\" loading=\"lazy\" class=\" size-medium wp-image-2451 alignright\" src=\"http:\/\/granadacosta.es\/wp-content\/uploads\/2015\/09\/IMG_2394-e1443644331240-225x300.jpg\" alt=\"IMG_2394\" width=\"225\" height=\"300\" \/>nsaci\u00f3n \u00a0en la elaboraci\u00f3n de este libro que pretende ser una guia para los profesionales de la docencia y la salud.<\/p>\n<p>En el cual se extrae de las necesidades educativas del menor en adversidad en salud.<\/p>\n<p><a href=\"http:\/\/granadacosta.es\/wp-content\/uploads\/2015\/09\/IMG_2443.jpg\"><img decoding=\"async\" loading=\"lazy\" class=\" wp-image-2452 aligncenter\" src=\"http:\/\/granadacosta.es\/wp-content\/uploads\/2015\/09\/IMG_2443-300x225.jpg\" alt=\"IMG_2443\" width=\"390\" height=\"294\" \/><\/a><\/p>\n<p><span style=\"color: #800000;\"><em>Este estudio se desarrolla en una esfera cotidiana para muchas personas: un hospital.<\/em><\/span><\/p>\n<p><em>Se puede \u00a0decir:<\/em><\/p>\n<ul>\n<li><em>Que emana del punto m\u00e1s interno de todo ser el miedo y el dolor que toda situaci\u00f3n de enfermedad comporta.<\/em><\/li>\n<li><em>Que habla de la angustia que sienten los ni\u00f1os al estar hospitalizados.<\/em><\/li>\n<li><em>Que habla de las angustias compartidas por sus familias y amigos.<\/em><\/li>\n<li><em>Que nos ense\u00f1a que nuestro organismo no es perfecto ni inmune a los agentes exteriores o interiores que son causantes de las enfermedades.<\/em><\/li>\n<\/ul>\n<p><em><span style=\"color: #800000;\">Este estudio se analiza la realidad que envuelve el proceso del ni\u00f1o hospitalizado,<\/span> destacando las necesidades espec\u00edficas que manifiestan por su situaci\u00f3n de enfermedad y considerando las actitudes que manifiestan: ni\u00f1os, familiares y personal m\u00e9dico-sanitario.<\/em><\/p>\n<p>10 A\u00f1os para demostar la evidencia de que si se trabaja en uni\u00f3n, si partimos de las necesidades de afectividad, de conocimiente y de empat\u00eda el ni\u00f1o, \u00a0todos les ayudamos a llevar mejor su enfermedad y ser\u00e1 m\u00e1s feliz en su proceso.<\/p>\n<p>&nbsp;<\/p>\n<p>&nbsp;<\/p>\n<p>&nbsp;<\/p>\n","protected":false},"excerpt":{"rendered":"<p>&nbsp; Coincidiendo con la festividad de San Miguel se ha presentado el libro basado en la tesis doctoral de To\u00f1y&hellip;<\/p>\n","protected":false},"author":4,"featured_media":2453,"comment_status":"open","ping_status":"open","sticky":false,"template":"","format":"standard","meta":{"om_disable_all_campaigns":false,"_mi_skip_tracking":false,"_monsterinsights_sitenote_active":false,"_monsterinsights_sitenote_note":"","_monsterinsights_sitenote_category":0,"footnotes":""},"categories":[25,22,19],"tags":[],"aioseo_notices":[],"_links":{"self":[{"href":"https:\/\/granadacostaglobal.es\/index.php?rest_route=\/wp\/v2\/posts\/2447"}],"collection":[{"href":"https:\/\/granadacostaglobal.es\/index.php?rest_route=\/wp\/v2\/posts"}],"about":[{"href":"https:\/\/granadacostaglobal.es\/index.php?rest_route=\/wp\/v2\/types\/post"}],"author":[{"embeddable":true,"href":"https:\/\/granadacostaglobal.es\/index.php?rest_route=\/wp\/v2\/users\/4"}],"replies":[{"embeddable":true,"href":"https:\/\/granadacostaglobal.es\/index.php?rest_route=%2Fwp%2Fv2%2Fcomments&post=2447"}],"version-history":[{"count":0,"href":"https:\/\/granadacostaglobal.es\/index.php?rest_route=\/wp\/v2\/posts\/2447\/revisions"}],"wp:featuredmedia":[{"embeddable":true,"href":"https:\/\/granadacostaglobal.es\/index.php?rest_route=\/"}],"wp:attachment":[{"href":"https:\/\/granadacostaglobal.es\/index.php?rest_route=%2Fwp%2Fv2%2Fmedia&parent=2447"}],"wp:term":[{"taxonomy":"category","embeddable":true,"href":"https:\/\/granadacostaglobal.es\/index.php?rest_route=%2Fwp%2Fv2%2Fcategories&post=2447"},{"taxonomy":"post_tag","embeddable":true,"href":"https:\/\/granadacostaglobal.es\/index.php?rest_route=%2Fwp%2Fv2%2Ftags&post=2447"}],"curies":[{"name":"wp","href":"https:\/\/api.w.org\/{rel}","templated":true}]}}