{"id":24439,"date":"2020-05-13T10:23:58","date_gmt":"2020-05-13T10:23:58","guid":{"rendered":"http:\/\/granadacostanacional.es\/?p=24439"},"modified":"2020-05-13T10:23:58","modified_gmt":"2020-05-13T10:23:58","slug":"tomanota-uno-tiene-la-percepcion-de-que-nuestros-politicos-son-unos-irresponsables","status":"publish","type":"post","link":"https:\/\/granadacostaglobal.es\/?p=24439","title":{"rendered":"TOMANOTA Uno tiene la percepci\u00f3n de que nuestros pol\u00edticos son unos irresponsables"},"content":{"rendered":"<p style=\"text-align: justify;\">Querido lector, despu\u00e9s de haber pasado el tiempo y no cicatrizar las heridas, por honradez y por empat\u00eda, os quiero hacer part\u00edcipes de estas reflexiones. Es de pena que muchos de nuestros mayores se hayan muerto solos sin el consuelo de tener a sus seres queridos a su lado, porque fueron h\u00e9roes que luchaban sin recursos, incluso sin estudios sacaban a sus familias adelante pero trabajando como bestias, sosteniendo, cotizando y pagando impuestos como nadie para acabar abandonados. Por este motivo, los gobernantes no han tenido coraz\u00f3n o es que lo que importa es asesorarse sin escr\u00fapulos mientras a ellos no les concierne porque s\u00ed est\u00e1n protegidos. No se entiende c\u00f3mo despu\u00e9s de sacar a las familias m\u00e1s vulnerables durante la gran crisis del 2008 cuidando a sus nietos y amparando a sus hijos, no se les haya tenido en cuenta. No entiendo c\u00f3mo no les ha dolido. \u00bfNo merec\u00edan nada mejor o merecemos tan poco?, para tener este triste final sin un adi\u00f3s de despedida y cari\u00f1o porque todav\u00eda hay familias que est\u00e1n teniendo dificultades para conseguir las cenizas de su difunto si no las est\u00e1n esperando.<\/p>\n<p style=\"text-align: justify;\">\u00bfPor qu\u00e9 ser\u00e1 que a nuestros profesionales sanitarios que han estado en primera fila y jug\u00e1ndose la vida, tampoco se les tiene muy en cuenta?<\/p>\n<p style=\"text-align: justify;\">\u00bfC\u00f3mo se puede permitir que se prescinda de una gran parte de este colectivo cuando ya no son urgentes sus actuaciones, y si vuelve un rebrote? Porque ellos han visto morir a mucha gente, porque ellos han sido testigo de que no hab\u00eda respiradores para los mayores de 60 a\u00f1os, porque se mor\u00edan familiares de sus compa\u00f1eros, porque mor\u00edan algunos de ellos en sus hospitales de batallas, porque ten\u00edan que separarse de sus hijos y algunos eran rechazados, porque han puesto en riesgo a sus familiares m\u00e1s cercanos, porque no ten\u00edan equipos de protecci\u00f3n ni de prevenci\u00f3n suficientes ni todav\u00eda. Cualquier retroceso no lo soportar\u00edan pero menos el resto de pacientes de la poblaci\u00f3n que necesiten asistencia sanitaria. No son alarmistas, son v\u00edctimas como todos nosotros, siguen sin tener test para todos sus profesionales, que usan mascarillas que d\u00edas despu\u00e9s nos enteramos de que no les protegen como es debido despu\u00e9s de sus horas de servicio. Somos el pa\u00eds con m\u00e1s sanitarios enfermos o de los que m\u00e1s han requerido atenci\u00f3n. Por favor, empat\u00eda y sentido com\u00fan, gobernantes porque hab\u00e9is demostrado que no sois imprescindibles; sin embargo los profesionales sanitarios s\u00ed, por qu\u00e9 para vosotros s\u00ed hay test y asistencia, y protecci\u00f3n y para los dem\u00e1s ciudadanos, \u00bfno? \u00bfHasta cu\u00e1ndo vamos a seguir esperando? Tampoco he entendido c\u00f3mo se ha podido actuar de esta manera tan irresponsable y tan c\u00ednica, no valorando la vida de los que tienen que proteger, garantizar su dignidad y servirles. Claro que s\u00ed, se\u00f1ores pol\u00edticos, hab\u00e9is demostrado vuestro ego\u00edsmo una vez m\u00e1s y abuso de autoridad, no nos vais a dar ejemplo con nada, pues nada digno hac\u00e9is ni vuestros gestos hip\u00f3critas y c\u00ednicos de donar a entidades sociales la indemnizaci\u00f3n de funciones que no hab\u00e9is realizado es meritorio para la lucha contra el Covid-19, pues son migajas que nada supone a vuestros suculentos sueldos. Tambi\u00e9n, perm\u00edtanme decirles que son unos caraduras, que no nos represent\u00e1is ni unos ni otros. Porque represent\u00e1is un circo con vuestros malos artistas, y el gran teatro del mundo calderoriano, y todo el a\u00f1o carnavalesco que comentaba Larra, y una dictadura encubierta porque siguen siendo con ustedes los futbolistas los que levantan la econom\u00eda del pa\u00eds.., los que se les hacen test cada 3 d\u00edas, para reanudar vuestra liga que no es otra que la de vivir de ella; sin embargo para apoyar y reanudar la mermada econom\u00eda de la crisis m\u00e1s profunda que le toca vivir al pa\u00eds, toda vuestra imaginaci\u00f3n es corta e insignificante cuando no burocr\u00e1tica como manifiestan bastantes ciudadanos. Ni que decir tiene que \u201cla falta m\u00e1s grande es la falta de intentar solucionar de verdad los problemas seg\u00fan William Arthur Ward. Porque uno tiene la percepci\u00f3n de que todo es mentira en pol\u00edtica. No hay que apagar la luz del otro para lograr que brille la nuestra dec\u00eda Gandhi porque si la industria del turismo interior y exterior, los bares, restaurantes y hoteles\u2026 pierden la temporada de qu\u00e9 van a vivir todo el a\u00f1o, \u00bfy el empleo que se pierde?, \u00bfy el trabajo y esfuerzo de nuestros agricultores, ganaderos y sector primario, d\u00f3nde se queda? Porque el consumo estamos viendo que es cada vez m\u00e1s caro para los ciudadanos que van a comprar. Pero nada de eso importa porque a su bolsillo tampoco les afecta, y esperemos que no afecte a las pensiones del pueblo. En este mismo sentido, no pasa nada, igual que con el descontrol y nulas garant\u00edas de las residencias, con la falta que hacen para el pa\u00eds m\u00e1s viejo de Europa. Y no quiero pensar qu\u00e9 pasa con las personas que han perdido su empleo y que todav\u00eda no han cobrado desde marzo por fallos administrativos, y tienen que ir pagando sus recibos de hipotecas u otros, con ertes que es \u201cpan para hoy y hambre para ma\u00f1ana\u201d. Pero no se preocupen que habr\u00e1 un reconocimiento de aplausos, o palabras vac\u00edas, que si desescalada nivel O, 1, 2 con criterios arbitrarios y caprichosos seg\u00fan quien los interprete de nuestros representantes. Pues seguimos en minor\u00eda de edad Kantiana o entreteniendo a los borregos seg\u00fan Nietzsche.<\/p>\n<p style=\"text-align: justify;\">As\u00ed pues, concluyendo, que no se le abone en el mejor de los casos cierto dinero a alg\u00fan representante pol\u00edtico como &#8220;gesto \u00e9tico&#8221; ante la crisis y el elevado paro subyacente, no es una medida responsable si no se toma a nivel de conjunto y de una vez por todas, con una reducci\u00f3n de cargos, pues visto lo visto desde el confinamiento, lo mismo nos sirven veinte diputados que cuatrocientos, y expertos asesores o senadores ni os cuento. De modo que les aseguro que la crisis econ\u00f3mica del COVID-19 s\u00ed se mejora o se soluciona &#8220;con decisiones eficaces&#8221; relativas a las bajadas de las retribuciones de los parlamentarios o cargos pol\u00edticos, por la cuant\u00eda que supondr\u00eda para dedicarlo a ayudas, es decir, que hagan n\u00fameros y no siempre para apretarnos a los dem\u00e1s. Asimismo tienen la opci\u00f3n de equipararse el salario por categor\u00edas y por m\u00e9ritos como cualquier trabajador de este pa\u00eds&#8221;. Ya ver\u00edamos lo que se ahorrar\u00eda. Por favor vayan dando ejemplo, y no vivan del cuento, porque tampoco apuestan por la formaci\u00f3n y la cultura, y menos por la \u201cnarrativa\u201d. Porque como dir\u00eda Julio Anguita \u201cCon la dignidad no se come, pero un pueblo sin dignidad se pone de rodillas y termina sin comer\u201d.<\/p>\n<p style=\"text-align: justify;\"><strong>Francisco Velasco Rey<\/strong><\/p>\n","protected":false},"excerpt":{"rendered":"<p>Querido lector, despu\u00e9s de haber pasado el tiempo y no cicatrizar las heridas, por honradez y por empat\u00eda, os quiero&hellip;<\/p>\n","protected":false},"author":2,"featured_media":13093,"comment_status":"open","ping_status":"open","sticky":false,"template":"","format":"standard","meta":{"om_disable_all_campaigns":false,"_mi_skip_tracking":false,"_monsterinsights_sitenote_active":false,"_monsterinsights_sitenote_note":"","_monsterinsights_sitenote_category":0,"footnotes":""},"categories":[30],"tags":[],"aioseo_notices":[],"_links":{"self":[{"href":"https:\/\/granadacostaglobal.es\/index.php?rest_route=\/wp\/v2\/posts\/24439"}],"collection":[{"href":"https:\/\/granadacostaglobal.es\/index.php?rest_route=\/wp\/v2\/posts"}],"about":[{"href":"https:\/\/granadacostaglobal.es\/index.php?rest_route=\/wp\/v2\/types\/post"}],"author":[{"embeddable":true,"href":"https:\/\/granadacostaglobal.es\/index.php?rest_route=\/wp\/v2\/users\/2"}],"replies":[{"embeddable":true,"href":"https:\/\/granadacostaglobal.es\/index.php?rest_route=%2Fwp%2Fv2%2Fcomments&post=24439"}],"version-history":[{"count":0,"href":"https:\/\/granadacostaglobal.es\/index.php?rest_route=\/wp\/v2\/posts\/24439\/revisions"}],"wp:featuredmedia":[{"embeddable":true,"href":"https:\/\/granadacostaglobal.es\/index.php?rest_route=\/"}],"wp:attachment":[{"href":"https:\/\/granadacostaglobal.es\/index.php?rest_route=%2Fwp%2Fv2%2Fmedia&parent=24439"}],"wp:term":[{"taxonomy":"category","embeddable":true,"href":"https:\/\/granadacostaglobal.es\/index.php?rest_route=%2Fwp%2Fv2%2Fcategories&post=24439"},{"taxonomy":"post_tag","embeddable":true,"href":"https:\/\/granadacostaglobal.es\/index.php?rest_route=%2Fwp%2Fv2%2Ftags&post=24439"}],"curies":[{"name":"wp","href":"https:\/\/api.w.org\/{rel}","templated":true}]}}