{"id":24287,"date":"2020-04-24T11:35:28","date_gmt":"2020-04-24T11:35:28","guid":{"rendered":"http:\/\/granadacostanacional.es\/?p=24287"},"modified":"2020-04-24T11:35:28","modified_gmt":"2020-04-24T11:35:28","slug":"algunas-reflexiones","status":"publish","type":"post","link":"https:\/\/granadacostaglobal.es\/?p=24287","title":{"rendered":"Algunas reflexiones"},"content":{"rendered":"<p style=\"text-align: left;\"><strong><em>Mar\u00eda Vives Gomila<\/em><\/strong><\/p>\n<p style=\"text-align: left;\"><strong><em>Psic\u00f3loga cl\u00ednica \u2013 psicoterapeuta<\/em><\/strong><\/p>\n<p style=\"text-align: justify;\">\n<p style=\"text-align: justify;\">\u00a0 Los tiempos son dif\u00edciles para la salud (pandemia y otros d\u00e9ficits), la econom\u00eda (la incertidumbre del trabajo), la relaci\u00f3n social (estamos confinados, aislados en muchos casos, y algunas personas en abrumadora soledad). Si miramos alrededor, el panorama es bastante desalentador: personas conviviendo bajo el mismo techo en espacios limitados, tambi\u00e9n para ni\u00f1os, adolescentes y otras parejas que necesitar\u00edan su propio espacio. Pero en toda situaci\u00f3n l\u00edmite hay siempre una esperanza y esta esperanza nos vincula a otros muchos seres humanos. Ahora, a\u00fan m\u00e1s, dependemos del conocimiento y la generosidad de los dem\u00e1s.<\/p>\n<p style=\"text-align: justify;\">\u00a0\u00a0\u00a0\u00a0\u00a0\u00a0\u00a0\u00a0\u00a0\u00a0 Ya lo dec\u00eda M. Klein, entre otros psicoanalistas europeos, y lo han confirmado actualmente, las neurociencias: evolucionamos y crecemos gracias a la interacci\u00f3n con las otras personas. El beb\u00e9 y el ni\u00f1o dependen de la inteligencia, sentido com\u00fan y afecto de padres y educadores para que puedan crecer adecuadamente. Sin este intercambio intelectual, afectivo, social, cultural no habr\u00eda conocimiento ni desarrollo. Son v\u00ednculos que, especialmente ahora, necesitamos a\u00fan m\u00e1s para que la vida contin\u00fae hacia una nueva normalidad.<\/p>\n<p style=\"text-align: justify;\">\u00a0\u00a0\u00a0\u00a0\u00a0\u00a0\u00a0\u00a0\u00a0\u00a0 Este presente, que ya nos est\u00e1 haciendo pensar, abre el camino a nuevos cambios individuales, sociales y estructurales que habremos de atravesar y evitar que dichos cambios puedan llegar a ser m\u00ednimamente paralizantes. Y, aunque detr\u00e1s de cada acto humano se halla la b\u00fasqueda de la felicidad (Arist\u00f3teles, Pascal), este momento presente implica aprender una forma nueva de movilizarnos para sobrevivir y poder vivir mejor.<\/p>\n<p style=\"text-align: justify;\">\u00a0\u00a0\u00a0\u00a0\u00a0\u00a0\u00a0\u00a0\u00a0\u00a0 Estas consideraciones me recuerdan las palabras del ahora estudiante de filosof\u00eda y escritor, Alexander Jollien, zarandeado por la vida desde su nacimiento: <em>El oficio de hombre -escrib\u00eda- el arte ineludible de vivir que todos practicamos a diario<\/em>, muchas veces sin saberlo, <em>exige, en consecuencia, organizar muchos recursos, desplegar un ingenio constante para hacer de la vida una aliada y asumir la propia condici\u00f3n<\/em>\u2026<em>Este superarse a s\u00ed mismo hace del hombre un aprendiz situado ante una vertiginosa y, a veces, compleja obligaci\u00f3n, hacer de la vida una obra&#8230;digna de asumir plenamente la totalidad de la existencia<\/em>. Esta es una de las metas que se propuso Alexandre nacido con dos vueltas de cord\u00f3n umbilical que le postr\u00f3 al borde de la muerte y cuyas consecuencias motrices todav\u00eda padece. Es el mismo autor, quien reitera en su segunda novela \u2018El oficio de hombre\u2019 <em>que nada est\u00e1 perdido<\/em>. Nada de lo que hacemos se pierde por el camino sino que, incluso en ocasiones como las actuales, nos impulsa a realizar un ejercicio de adaptaci\u00f3n a las nuevas circunstancias.<\/p>\n<p style=\"text-align: justify;\">\u00a0\u00a0\u00a0\u00a0\u00a0\u00a0\u00a0\u00a0 La idea de adaptarse a formas nuevas de vivir coincide con una de las teor\u00edas\u00a0 del iniciador de la Escuela de Ginebra, Jean Piaget que ya hablaba de c\u00f3mo la vida nos lleva a un continuo pasar del desequilibrio al equilibrio, y es en esta b\u00fasqueda constante del equilibrio cuando tratamos de adaptarnos a los cambios que promueven determinados acontecimientos, gracias a la capacidad de asimilar convenientemente los est\u00edmulos del medio circundante y acomodarnos a dicha realidad.<\/p>\n<p style=\"text-align: justify;\">\u00a0\u00a0\u00a0\u00a0\u00a0\u00a0\u00a0\u00a0 Probablemente, tambi\u00e9n a nosotros puede que nos corresponda adaptarnos a una nueva \u00e9poca, que implique cambios en medios y procedimientos que hasta hoy consider\u00e1bamos importantes, olvidando otros mucho m\u00e1s aut\u00e9nticos: valorar los peque\u00f1os detalles, la expresi\u00f3n de afecto y calidez de una sonrisa, la generosidad desinteresada de tantas personas y su responsabilidad diaria para con los dem\u00e1s. Aunque nada, ni nadie puede intervenir nuestra capacidad de pensar, de sentir, incluso de actuar m\u00e1s all\u00e0 del sentido y bien com\u00fan que casi todos reconocemos y apreciamos.<\/p>\n<p style=\"text-align: justify;\">\u00a0\u00a0\u00a0\u00a0\u00a0\u00a0\u00a0\u00a0 Y, aunque el ansia de felicidad no se logre plenamente, s\u00ed se pueden valorar momentos que nos ayuden a no perder la esperanza ante contrariedades del tama\u00f1o de la actual. Esta situaci\u00f3n, que de forma accidental implica conocerse a\u00fan m\u00e1s, requiere\u00a0 saber tanto de fortalezas como de vulnerabilidades. El arte de vivir, que todos practicamos a diario, exige organizar distintos recursos, mantener la confianza en nosotros mismos, especialmente a la hora de superar el pesimismo que nos podr\u00eda invadir, aun cuando se den numerosoa motivos para el des\u00e1nimo. Por esto, aunque\u00a0 circunstancias como las actuales podr\u00edan poner al descubierto nuestra particular fragilidad, contamos con posibilidades para recurrir a las fortalezas, capacidades y recursos que tambi\u00e9n est\u00e1n como germen dentro de cada uno de nosotros y que vamos a necesitar para adaptarnos moment\u00e1neamente a los nuevos tiempos.<\/p>\n<p style=\"text-align: justify;\">\u00a0\u00a0\u00a0\u00a0\u00a0\u00a0\u00a0\u00a0 El ingenio se sirve de las carencias para resolver entuertos. Esto ya lo hab\u00edan observado Cervantes y Quevedo. Ahora nos toca a nosotros considerar la realidad en su justa medida, tratar de conocer nuestra fuerza e ingenio y utilizarla en beneficio propio y de las personas de nuestro entorno para unificar inteligentemente decisiones orientadas a recuperar el bien com\u00fan en los \u00e1mbitos que se requiera.<\/p>\n<p style=\"text-align: justify;\">\u00a0\u00a0\u00a0\u00a0\u00a0\u00a0\u00a0\u00a0 Situaciones como las actuales ayudan a valorar la capacidad de los dem\u00e1s, nos mueven a agradecer lo recibido de tantas personas que encontramos en nuestro d\u00eda a d\u00eda. Descubrimos ejemplos palpables de enorme generosidad. Conocemos cada vez m\u00e1s datos de la entrega de nuestros m\u00e9dicos y sanitarios, de los diferentes cuerpos de seguridad y servicios, cuidadores, profesionales y t\u00e9cnicos de distintos \u00e1mbitos, profesores que trabajan a distancia para que sus alumnos sigan progresando en sus conocimientos, servicios sociales y un largo etc\u00e9tera. Sin todos ellos y en las condiciones actuales, la vida ser\u00eda todav\u00eda, mucho m\u00e1s dif\u00edcil. Una esperanza para un futuro cercano y complejo.<\/p>\n","protected":false},"excerpt":{"rendered":"<p>Mar\u00eda Vives Gomila Psic\u00f3loga cl\u00ednica \u2013 psicoterapeuta \u00a0 Los tiempos son dif\u00edciles para la salud (pandemia y otros d\u00e9ficits), la&hellip;<\/p>\n","protected":false},"author":2,"featured_media":21818,"comment_status":"open","ping_status":"open","sticky":false,"template":"","format":"standard","meta":{"om_disable_all_campaigns":false,"_mi_skip_tracking":false,"_monsterinsights_sitenote_active":false,"_monsterinsights_sitenote_note":"","_monsterinsights_sitenote_category":0,"footnotes":""},"categories":[21,30],"tags":[],"aioseo_notices":[],"_links":{"self":[{"href":"https:\/\/granadacostaglobal.es\/index.php?rest_route=\/wp\/v2\/posts\/24287"}],"collection":[{"href":"https:\/\/granadacostaglobal.es\/index.php?rest_route=\/wp\/v2\/posts"}],"about":[{"href":"https:\/\/granadacostaglobal.es\/index.php?rest_route=\/wp\/v2\/types\/post"}],"author":[{"embeddable":true,"href":"https:\/\/granadacostaglobal.es\/index.php?rest_route=\/wp\/v2\/users\/2"}],"replies":[{"embeddable":true,"href":"https:\/\/granadacostaglobal.es\/index.php?rest_route=%2Fwp%2Fv2%2Fcomments&post=24287"}],"version-history":[{"count":0,"href":"https:\/\/granadacostaglobal.es\/index.php?rest_route=\/wp\/v2\/posts\/24287\/revisions"}],"wp:featuredmedia":[{"embeddable":true,"href":"https:\/\/granadacostaglobal.es\/index.php?rest_route=\/"}],"wp:attachment":[{"href":"https:\/\/granadacostaglobal.es\/index.php?rest_route=%2Fwp%2Fv2%2Fmedia&parent=24287"}],"wp:term":[{"taxonomy":"category","embeddable":true,"href":"https:\/\/granadacostaglobal.es\/index.php?rest_route=%2Fwp%2Fv2%2Fcategories&post=24287"},{"taxonomy":"post_tag","embeddable":true,"href":"https:\/\/granadacostaglobal.es\/index.php?rest_route=%2Fwp%2Fv2%2Ftags&post=24287"}],"curies":[{"name":"wp","href":"https:\/\/api.w.org\/{rel}","templated":true}]}}