{"id":24282,"date":"2020-04-23T08:05:13","date_gmt":"2020-04-23T08:05:13","guid":{"rendered":"http:\/\/granadacostanacional.es\/?p=24282"},"modified":"2020-04-23T08:05:13","modified_gmt":"2020-04-23T08:05:13","slug":"por-que-leer-a-los-clasicos","status":"publish","type":"post","link":"https:\/\/granadacostaglobal.es\/?p=24282","title":{"rendered":"\u00bfPor qu\u00e9 Leer a los Cl\u00e1sicos?"},"content":{"rendered":"<p style=\"text-align: justify;\">Para responder a la pregunta: \u00bfPor qu\u00e9 Leer a los Cl\u00e1sicos? Porque como dice don Antonio Carvajal para no repetir lo que ya se ha inventado, porque es saber nuestras ra\u00edces, de d\u00f3nde venimos y ad\u00f3nde vamos culturalmente, el sentimiento, la raz\u00f3n, la reflexi\u00f3n y el p\u00e1lpito vital de la vida por hacer su belleza, y yo a\u00f1adir\u00eda para expresar lo que sentimos a nuestra manera, desde la vida que vivimos con su compromiso. Para responder en torno al \u201cbienser\u201d del que hablaba el ilustre Emilio Lled\u00f3. Asimismo en esta \u00e9poca de confinamiento y pandemia, como expresar\u00eda el premio Cervantes Joan Margarit, nuestra librer\u00eda es nuestra mejor libertad, es la que nos abre las puertas sin l\u00edmites de ideas ni de sentimientos, o lo que es lo mismo sin fronteras o espacios que no podamos atravesar. Una forma de amor y la raz\u00f3n de nuestra vida. La lectura sin duda nos llevar\u00e1 por caminos indecibles y abandonados, ante una crisis que tambi\u00e9n es del alma; por eso hay que leer para ser m\u00e1s libres y educarnos en las emociones que tanta falta nos hace, porque para superar esta crisis sanitaria y econ\u00f3mica, hace falta tambi\u00e9n superar la crisis de valores y espiritual, para solidarizarnos con el dolor ajeno al m\u00e1s semejante estilo quijotesco. En este sentido de desubicaci\u00f3n, querido desocupado y atento lector, os recomiendo buenos referentes a elegir, si pod\u00e9is a bien considerarlo para nuestro d\u00eda del Libro, en este 23 de abril de 2020. Entre otros, podr\u00edan ser como nos recomienda el Ministerio de Educaci\u00f3n, Cultura y Deporte:<\/p>\n<p style=\"text-align: justify;\">-110 a\u00f1os del nacimiento de Miguel Hern\u00e1ndez.<\/p>\n<p style=\"text-align: justify;\">-110 a\u00f1os del nacimiento de Jos\u00e9 Lezama Lima.<\/p>\n<p style=\"text-align: justify;\">-100 a\u00f1os de la muerte de Benito P\u00e9rez Gald\u00f3s.<\/p>\n<p style=\"text-align: justify;\">-100 a\u00f1os del nacimiento de Concepci\u00f3n Arenal.<\/p>\n<p style=\"text-align: justify;\">-100 a\u00f1os del nacimiento de Miguel Delibes.<\/p>\n<p style=\"text-align: justify;\">-100 a\u00f1os del nacimiento de Olga Orozco.<\/p>\n<p style=\"text-align: justify;\">-100 a\u00f1os del nacimiento de Mario Benedetti.<\/p>\n<p style=\"text-align: justify;\">-100 a\u00f1os de la publicaci\u00f3n por entregas semanales de Luces de bohemia Valle-Incl\u00e1n.<\/p>\n<p style=\"text-align: justify;\">-100 a\u00f1os del estreno de El maleficio de la mariposa, la primera obra teatral de Garc\u00eda Lorca.<\/p>\n<p style=\"text-align: justify;\">-100 a\u00f1os de la publicaci\u00f3n de El metal de los muertos, de Concha Espina.<\/p>\n<p style=\"text-align: justify;\">-80 a\u00f1os de la publicaci\u00f3n La invenci\u00f3n de Morel, de Adolfo Bioy Casares.<\/p>\n<p style=\"text-align: justify;\">-70 a\u00f1os de la publicaci\u00f3n de \u00c1ngel fieramente humano de Blas de Otero.<\/p>\n<p style=\"text-align: justify;\">-70 a\u00f1os de la publicaci\u00f3n de La vida breve, de Juan Carlos Onetti.<\/p>\n<p style=\"text-align: justify;\">-60 a\u00f1os de la publicaci\u00f3n de La sinraz\u00f3n, de Rosa Chacel.<\/p>\n<p style=\"text-align: justify;\">-60 a\u00f1os de la publicaci\u00f3n de Poemas de L\u00e1zaro, de Jos\u00e9 \u00e1ngel Valente<\/p>\n<p style=\"text-align: justify;\">-60 a\u00f1os de la publicaci\u00f3n de Las mocedades de Ulises, de \u00c1lvaro Cunqueiro.<\/p>\n<p style=\"text-align: justify;\">-60 a\u00f1os de la publicaci\u00f3n de La pell de brau, de Salvador Espriu.<\/p>\n<p style=\"text-align: justify;\">-60 a\u00f1os de la publicaci\u00f3n de Poes\u00eda urgente, de Gabriel Celaya.<\/p>\n<p style=\"text-align: justify;\">-60 a\u00f1os de la publicaci\u00f3n Hijo de hombre, de Augusto Roa Bastos.<\/p>\n<p style=\"text-align: justify;\">-60 a\u00f1os de la publicaci\u00f3n de El hacedor, de Jorge Luis Borges.<\/p>\n<p style=\"text-align: justify;\">-50 a\u00f1os de la publicaci\u00f3n de Relato de un n\u00e1ufrago, de Gabriel Garc\u00eda M\u00e1rquez.<\/p>\n<p style=\"text-align: justify;\">-50 a\u00f1os de la publicaci\u00f3n de El obsceno p\u00e1jaro de la noche, de Jos\u00e9 Donoso.<\/p>\n<p style=\"text-align: justify;\">-51 a\u00f1os de la Obra, con la certeza y sin temor a equivocarme del mejor Poeta Nacional don Antonio Carvajal actualmente en vida. Un poeta de la Generaci\u00f3n de los a\u00f1os 70, de los mejores art\u00edfices del verso pulido y de la m\u00e9trica. Es una de las voces l\u00edricas m\u00e1s importantes, prol\u00edficas y singulares, con un sello personal inconfundible desde que en 1968 irrumpe en el panorama po\u00e9tico con Tigres en el jard\u00edn. Destacando porque a\u00fana el rigor est\u00e9tico del Barroco y el Modernismo, con un dominio de las formas cl\u00e1sicas y temas como la celebraci\u00f3n de la vida, del universo y el amor c\u00f3smico.<\/p>\n<p style=\"text-align: justify;\">En definitiva, ahora que tenemos m\u00e1s tiempo en el sentido m\u00e1s amplio y que parece que ya no importa tanto la prisa, la lectura nos vendr\u00e1 bien para amainarnos el car\u00e1cter y aprovechar el tiempo que ya casi nunca le hab\u00edamos dedicado. Verdad machadiana: no perded contacto con el suelo-al que yo a\u00f1adir\u00eda tambi\u00e9n con el cielo-\u00a0 y nunca se tendr\u00e1 valor m\u00e1s alto que ser hombre. Todo est\u00e1 en nuestras manos a la luz de las palabras de nuestra vida. De nosotros depende. Buen d\u00eda por y para siempre de libros.<\/p>\n<p style=\"text-align: right;\"><strong>Francisco Velasco Rey<\/strong><\/p>\n","protected":false},"excerpt":{"rendered":"<p>Para responder a la pregunta: \u00bfPor qu\u00e9 Leer a los Cl\u00e1sicos? Porque como dice don Antonio Carvajal para no repetir&hellip;<\/p>\n","protected":false},"author":2,"featured_media":13093,"comment_status":"open","ping_status":"open","sticky":false,"template":"","format":"standard","meta":{"om_disable_all_campaigns":false,"_mi_skip_tracking":false,"_monsterinsights_sitenote_active":false,"_monsterinsights_sitenote_note":"","_monsterinsights_sitenote_category":0,"footnotes":""},"categories":[21,30],"tags":[],"aioseo_notices":[],"_links":{"self":[{"href":"https:\/\/granadacostaglobal.es\/index.php?rest_route=\/wp\/v2\/posts\/24282"}],"collection":[{"href":"https:\/\/granadacostaglobal.es\/index.php?rest_route=\/wp\/v2\/posts"}],"about":[{"href":"https:\/\/granadacostaglobal.es\/index.php?rest_route=\/wp\/v2\/types\/post"}],"author":[{"embeddable":true,"href":"https:\/\/granadacostaglobal.es\/index.php?rest_route=\/wp\/v2\/users\/2"}],"replies":[{"embeddable":true,"href":"https:\/\/granadacostaglobal.es\/index.php?rest_route=%2Fwp%2Fv2%2Fcomments&post=24282"}],"version-history":[{"count":0,"href":"https:\/\/granadacostaglobal.es\/index.php?rest_route=\/wp\/v2\/posts\/24282\/revisions"}],"wp:featuredmedia":[{"embeddable":true,"href":"https:\/\/granadacostaglobal.es\/index.php?rest_route=\/"}],"wp:attachment":[{"href":"https:\/\/granadacostaglobal.es\/index.php?rest_route=%2Fwp%2Fv2%2Fmedia&parent=24282"}],"wp:term":[{"taxonomy":"category","embeddable":true,"href":"https:\/\/granadacostaglobal.es\/index.php?rest_route=%2Fwp%2Fv2%2Fcategories&post=24282"},{"taxonomy":"post_tag","embeddable":true,"href":"https:\/\/granadacostaglobal.es\/index.php?rest_route=%2Fwp%2Fv2%2Ftags&post=24282"}],"curies":[{"name":"wp","href":"https:\/\/api.w.org\/{rel}","templated":true}]}}