{"id":24261,"date":"2020-04-17T15:48:56","date_gmt":"2020-04-17T15:48:56","guid":{"rendered":"http:\/\/granadacostanacional.es\/?p=24261"},"modified":"2020-04-17T15:48:56","modified_gmt":"2020-04-17T15:48:56","slug":"calles-las-barreras-los-montes-poeta-marcelino-arellano-alabarces-coronel-y-avenida-de-jete-itrabo","status":"publish","type":"post","link":"https:\/\/granadacostaglobal.es\/?p=24261","title":{"rendered":"CALLES LAS BARRERAS, LOS MONTES, POETA MARCELINO ARELLANO ALABARCES, CORONEL Y AVENIDA DE JETE  \t\t\t\t(\u00cdTRABO)"},"content":{"rendered":"<p style=\"text-align: justify;\">He\u00a0aqu\u00ed cuatro calles ubicadas dentro de una urbanizaci\u00f3n, junto al pueblo y separadas del n\u00facleo principal por las carreteras que conduce tanto a: Molv\u00edzar-Motril y Jete-Almu\u00f1\u00e9car. Est\u00e1 dentro de la nomenclatura de la tierra de la barrera y del coronel. Su ubicaci\u00f3n es de una altura privilegiada ya que, desde la calle de m\u00e1s altitud, se divisa una panor\u00e1mica inmejorable. Estas calles disponen de dos entradas, aunque la calle m\u00e1s baja solamente dispone de una entrada. Anteriormente a la construcci\u00f3n en diferentes fases, de estas calles, eran tierras de labor, en donde predominaban los almendros y olivos.<\/p>\n<p style=\"text-align: justify;\">\u00a0\u00a0\u00a0\u00a0\u00a0\u00a0\u00a0\u00a0\u00a0\u00a0\u00a0 Con el paso del tiempo, se han ido construyendo de manera desigual, diferentes construcciones con distinta fortuna a la hora de construir, dando lugar a un n\u00facleo poblacional adjunto al n\u00facleo principal de \u00cdtrabo. La mayor\u00eda de los habitantes de las cinco calles, son personas que viv\u00edan en otras casas de la localidad, por lo que el pueblo ha crecido m\u00e1s en nuevas construcciones, pero, no as\u00ed, en poblaci\u00f3n. Manteni\u00e9ndose m\u00e1s o menos estancada. Ello ha generado el que muchas casas del pueblo -sobre todo- por la parte alta est\u00e9n vac\u00edas, pasando algunas de ellas a ser viviendas que solamente son ocupadas espor\u00e1dicamente en vacaciones. Pienso y quiz\u00e1s me equivoque que se tendr\u00eda que ofertar esas casas vac\u00edas y ofrecerlas con un alquiler razonable. \u00cdtrabo dista de Salobre\u00f1a, Motril y Almu\u00f1\u00e9car, apenas 20 0 25 minutos en coche. Si valoramos que los alquileres de esas poblaciones son bastantes elevados en relaci\u00f3n a los salarios -sobre todo- las parejas j\u00f3venes con o sin ni\u00f1os, no se pueden permitir alquilar seg\u00fan qu\u00e9 vivienda por lo que cuestan. El alquilar una casa en \u00cdtrabo, mejorar\u00eda su nivel de vida en todos los aspectos. Sitio tranquilo con aire puro y calidad de vida, cerca de una naturaleza exuberante, beneficiosa especialmente para los ni\u00f1os. \u00cdtrabo dispone de todo lo que se pueda encontrar en una gran ciudad. Dispone de Centro M\u00e9dico, Farmacia, Colegio, Guardar\u00eda, supermercado, Biblioteca Municipal, Edificio de Multiusos. Ideal para hacer senderismo y vivir otra forma de vida saludable y de bienestar.<\/p>\n<p style=\"text-align: justify;\"><strong>Avenida de Jete<\/strong>, parte desde la \u201cmarquesina\u201d del autob\u00fas de l\u00ednea que va a Motril, pasando antes por: Molv\u00edzar, Lobres y Salobre\u00f1a. En esta avenida las viviendas son de construcciones bastante recientes y de muy buena factura destacando en algunas de ellas elementos decorativos. Viven muy pocas familias. Por esta avenida ascendiendo por la carretera y a la derecha existe un paseo que llega hasta la parada del autob\u00fas en la parte norte de la poblaci\u00f3n. Aqu\u00ed viven<strong>:\u00a0 Otilia Villa<\/strong>, <strong>Mari la \u201czapata<\/strong>\u201d, <strong>Mari la de \u201cAngustia<\/strong>\u201d. Tambi\u00e9n se encuentra la Cooperativa de regantes \u201cVirgen de la Salud\u201d. El resto de la avenida y a la izquierda hay distintos garajes que pertenecen a la primera fase de construcci\u00f3n en la calle Las Barreras. Desde la rotonda al principio de la Avenida de Jete, parte la carretera que conduce a los pueblos del exuberante r\u00edo verde. Durante muchos a\u00f1os fue una pista de tierra acta solamente para veh\u00edculo todo terreno, hasta su inauguraci\u00f3n el d\u00eda 1 de julio del a\u00f1o 2003, siendo presidente de la Diputaci\u00f3n de Granada D. <strong>Jos\u00e9 Rodr\u00edguez Tabasco. C<\/strong>omo an\u00e9cdota decir que fue la \u00faltima obra p\u00fablica que inaugur\u00f3 antes de dejar su cargo. Tuve la oportunidad de hablar con \u00e9l un par de a\u00f1os antes de su inauguraci\u00f3n y le pregunt\u00e9 que, cu\u00e1ndo se iba a terminar la carretera y me contest\u00f3 textualmente: <em>Se terminar\u00e1, aunque sea lo \u00faltimo que inaugure<\/em>, y lo cumpli\u00f3. Inaugur\u00f3 la carretera y fue su \u00faltimo acto institucional.<\/p>\n<p style=\"text-align: justify;\">\u00a0\u00a0\u00a0\u00a0\u00a0\u00a0\u00a0\u00a0\u00a0\u00a0\u00a0 Ese d\u00eda realmente fueron dos inauguraciones, primeramente, se produjo en enlace entre la carretera Ot\u00edvar-Jete y posteriormente en \u00cdtrabo. Estuvieron presentes los alcaldes de las poblaciones cercanas y m\u00e1s favorecidas. D. <strong>Joaqu\u00edn Alabarces Pe\u00f1alver<\/strong>, alcalde de \u00cdtrabo, D. <strong>Ferm\u00edn Garc\u00eda Puentedura<\/strong>, alcalde de Molv\u00edzar, D. <strong>Jos\u00e9 Cambil<\/strong>, alcalde de Ot\u00edvar y D. <strong>Pl\u00e1cido Jer\u00f3nimo<\/strong>, alcalde de Jete, adem\u00e1s de diversas autoridades municipales y bastante p\u00fablico. Por fin, tras muchos a\u00f1os de espera se hac\u00eda realidad.<\/p>\n<p style=\"text-align: justify;\">\u00a0\u00a0\u00a0\u00a0\u00a0\u00a0\u00a0\u00a0\u00a0\u00a0\u00a0 Qu\u00e9 duda cabe que, esta carretera ha servido de revulsivo y de comunicaci\u00f3n efectiva de una zona que siempre ha estado marginada en cuanto a comunicaci\u00f3n. Su apertura ha permitido que distintos pueblos de la zona, hayan quedado comunicados entre s\u00ed. Y sirva para una comunicaci\u00f3n efectiva y m\u00e1s r\u00e1pida. Permitiendo que los productos del campo, sobre todos los tropicales, puedan desplazarse con m\u00e1s rapidez a sus puntos de venta y, tambi\u00e9n, como no, un desplazamiento m\u00e1s \u00e1gil para todos.<\/p>\n<p style=\"text-align: justify;\"><a href=\"http:\/\/granadacostanacional.es\/wp-content\/uploads\/2020\/04\/Avenida-de-Jete.jpg\"><img decoding=\"async\" loading=\"lazy\" class=\"aligncenter wp-image-24262 size-large\" src=\"http:\/\/granadacostanacional.es\/wp-content\/uploads\/2020\/04\/Avenida-de-Jete-1024x508.jpg\" alt=\"Avenida de Jete\" width=\"1024\" height=\"508\" \/><\/a><\/p>\n<p style=\"text-align: center;\"><em><strong>Avenida de Jete<\/strong><\/em><\/p>\n<p style=\"text-align: justify;\"><strong>Calle Las Barreras<\/strong>, parte desde la avenida de Jete y termina en la calle Cuesta del Coronel por una escalera con la cual se comunica. Esta calle es casi m\u00e1s bien una placita en donde existen bastantes aparcamientos. A la entrada de la calle y a la derecha, esta el estanco, entre otras familias viven: <strong>Ascensi\u00f3n Urbano Villa \u201cSuni<\/strong>\u201d, que fue durante muchos a\u00f1os la concejala de cultura. En esta plaza est\u00e1 ubicada la pasteler\u00eda \u201cEl \u00c1ngel\u201d que les podr\u00e1 servir aquello que deseen. Tambi\u00e9n est\u00e1 el edificio de Multiusos, es un edificio de tres plantas. La planta baja sirve de teatro y para actos l\u00fadicos. En la primera planta est\u00e1 el sal\u00f3n de actos y una sala en donde se pueden proyectar pel\u00edculas y en la plata tercera est\u00e1 el gimnasio. Las tres plantas est\u00e1n muy bien acondicionadas para sus distintos usos. Se inaugur\u00f3 el d\u00eda 27 de marzo del 2010.<\/p>\n<p style=\"text-align: justify;\"><a href=\"http:\/\/granadacostanacional.es\/wp-content\/uploads\/2020\/04\/Calle-Barrera.jpg\"><img decoding=\"async\" loading=\"lazy\" class=\"aligncenter wp-image-24263 size-large\" src=\"http:\/\/granadacostanacional.es\/wp-content\/uploads\/2020\/04\/Calle-Barrera-1024x572.jpg\" alt=\"Calle Barrera\" width=\"1024\" height=\"572\" \/><\/a><\/p>\n<p style=\"text-align: center;\"><em><strong>Calle Barrera<\/strong><\/em><\/p>\n<p style=\"text-align: justify;\"><strong>CALLE CUESTA DEL CORONEL<\/strong>, parte desde la carretera a la entrada del pueblo y va accediendo hasta la calle Los Montes y el campo. Es una calle en las que sus casas han sido construidas en diferentes \u00e9pocas y sus edificios son de diferentes estilos. Pero como se asciende a la izquierda existe una hilera de construcciones iguales que fueron hechas no hace mucho. Esta calle al igual que las dos restantes est\u00e1n en los terrenos de la gran finca de nombre \u201cel coronel\u201d. Debido a que no conozco a casi nadie de los que viven actualmente en estas calles, prefiero omitir sus nombres por si me equivoco al mencionarlos. La calle est\u00e1 en inmejorable estado tanto para los veh\u00edculos como para el viandante.<\/p>\n<p style=\"text-align: justify;\"><a href=\"http:\/\/granadacostanacional.es\/wp-content\/uploads\/2020\/04\/Calle-Cuesta-del-General.jpg\"><img decoding=\"async\" loading=\"lazy\" class=\"aligncenter wp-image-24264 size-large\" src=\"http:\/\/granadacostanacional.es\/wp-content\/uploads\/2020\/04\/Calle-Cuesta-del-General-1024x553.jpg\" alt=\"Calle Cuesta del General\" width=\"1024\" height=\"553\" \/><\/a><\/p>\n<p style=\"text-align: center;\"><em><strong>Calle Cuesta del\u00a0Coronel<\/strong><\/em><\/p>\n<p><strong>Calle Poeta Marcelino Arellano Alabarces<\/strong>, a mitad de la calle Cuesta Coronel y a la izquierda se haya dicha calle, sus construcciones han sido las m\u00e1s recientes, har\u00e1 unos 13 a\u00f1os. Es una calle que termina en el campo y sus edificios est\u00e1n todos en el lado derecho, son adosados de un mismo estilo. Calle tranquila rodeada de naturaleza y desde ella se puede observar una magn\u00edfica vista de la localidad. \u00a0Esta calle se rotul\u00f3 con mi nombre el d\u00eda 4 de abril del a\u00f1o 2008. Ni que decir tiene que ha sido para m\u00ed un inmenso honor el que esa calle de nueva apertura lleve mi nombre y mi m\u00e1s grande agradecimiento a sus dign\u00edsimas autoridades.<\/p>\n<p style=\"text-align: justify;\"><a href=\"http:\/\/granadacostanacional.es\/wp-content\/uploads\/2020\/04\/Calle-Poeta-Marcelino-Arellano-Alabarces.jpg\"><img decoding=\"async\" loading=\"lazy\" class=\"aligncenter wp-image-24265 size-large\" src=\"http:\/\/granadacostanacional.es\/wp-content\/uploads\/2020\/04\/Calle-Poeta-Marcelino-Arellano-Alabarces-1024x525.jpg\" alt=\"Calle Poeta Marcelino Arellano Alabarces\" width=\"1024\" height=\"525\" \/><\/a><\/p>\n<p style=\"text-align: center;\"><strong><em>Calle Poeta Marcelino Arellano Alabarces<\/em><\/strong><\/p>\n<p style=\"text-align: justify;\"><strong>Calle los Montes<\/strong>, esta calle parte desde la calle anterior unidas por una escalera y desemboca en el campo. Es una calle tranquila y con muy escaso tr\u00e1fico sin coches aparcados en ella. Ya que la parte izquierda subiendo desde la escalera de uni\u00f3n con la calle de abajo disponen de aparcamiento comunitario. Son casas de muy buena presencia recientemente construidas de fachadas muy bellas y enrejado muy bonitos. El lateral derecho son viviendas unifamiliares de diferentes estilos y hechas en distintas fechas. Algunas de ellas destacan por su arquitectura. Entre otras familias viven: el amigo <strong>Claudio L\u00f3pez.<\/strong><\/p>\n<p style=\"text-align: justify;\">Arriba sobre la loma de la finca del coronel, est\u00e1 ubicado la casa del polic\u00eda local <strong>Claudio Novo. <\/strong>Un buen amigo. Desde la casa se divisa una panor\u00e1mica impresionante, debido a su altitud la vista llega a alcanzar el puerto de Motril. Hago referencia a ella pues entra dentro de lo que es la calle cuesta el coronel, aunque muy bien podr\u00edamos decir extramuros.<\/p>\n<p><strong>\u00a0<\/strong><\/p>\n<p style=\"text-align: right;\"><strong>Marcelino Arellano Alabarces<\/strong><\/p>\n<p style=\"text-align: right;\"><strong>Palma de Mallorca \u00a0\u00a0<\/strong><\/p>\n","protected":false},"excerpt":{"rendered":"<p>He\u00a0aqu\u00ed cuatro calles ubicadas dentro de una urbanizaci\u00f3n, junto al pueblo y separadas del n\u00facleo principal por las carreteras que&hellip;<\/p>\n","protected":false},"author":3,"featured_media":11995,"comment_status":"open","ping_status":"open","sticky":false,"template":"","format":"standard","meta":{"om_disable_all_campaigns":false,"_mi_skip_tracking":false,"_monsterinsights_sitenote_active":false,"_monsterinsights_sitenote_note":"","_monsterinsights_sitenote_category":0,"footnotes":""},"categories":[21],"tags":[],"aioseo_notices":[],"_links":{"self":[{"href":"https:\/\/granadacostaglobal.es\/index.php?rest_route=\/wp\/v2\/posts\/24261"}],"collection":[{"href":"https:\/\/granadacostaglobal.es\/index.php?rest_route=\/wp\/v2\/posts"}],"about":[{"href":"https:\/\/granadacostaglobal.es\/index.php?rest_route=\/wp\/v2\/types\/post"}],"author":[{"embeddable":true,"href":"https:\/\/granadacostaglobal.es\/index.php?rest_route=\/wp\/v2\/users\/3"}],"replies":[{"embeddable":true,"href":"https:\/\/granadacostaglobal.es\/index.php?rest_route=%2Fwp%2Fv2%2Fcomments&post=24261"}],"version-history":[{"count":0,"href":"https:\/\/granadacostaglobal.es\/index.php?rest_route=\/wp\/v2\/posts\/24261\/revisions"}],"wp:featuredmedia":[{"embeddable":true,"href":"https:\/\/granadacostaglobal.es\/index.php?rest_route=\/"}],"wp:attachment":[{"href":"https:\/\/granadacostaglobal.es\/index.php?rest_route=%2Fwp%2Fv2%2Fmedia&parent=24261"}],"wp:term":[{"taxonomy":"category","embeddable":true,"href":"https:\/\/granadacostaglobal.es\/index.php?rest_route=%2Fwp%2Fv2%2Fcategories&post=24261"},{"taxonomy":"post_tag","embeddable":true,"href":"https:\/\/granadacostaglobal.es\/index.php?rest_route=%2Fwp%2Fv2%2Ftags&post=24261"}],"curies":[{"name":"wp","href":"https:\/\/api.w.org\/{rel}","templated":true}]}}