{"id":24256,"date":"2020-04-16T11:27:04","date_gmt":"2020-04-16T11:27:04","guid":{"rendered":"http:\/\/granadacostanacional.es\/?p=24256"},"modified":"2020-04-16T11:27:04","modified_gmt":"2020-04-16T11:27:04","slug":"mirada-al-pasado-las-pandemias","status":"publish","type":"post","link":"https:\/\/granadacostaglobal.es\/?p=24256","title":{"rendered":"MIRADA AL PASADO: Las Pandemias"},"content":{"rendered":"<p style=\"text-align: justify;\">El t\u00e9rmino pandemia; del griego reuni\u00f3n del pueblo, patolog\u00eda, enfermedad epid\u00e9mica que se extiende a muchos pa\u00edses \u00f3 que ataca a casi todos los individuaos de una localidad o regi\u00f3n. (Esto es lo que la RAE nos dice sobre esta palabra).<\/p>\n<p style=\"text-align: justify;\">Anton Erkoreka; especialista en historia de las enfermedades y director del Museo Vasco de Historia de la Medicina de la UPV, nos recuerda. &#8220;Para comprender el presente y mirar al futuro hay que conocer el pasado&#8221;. Tambi\u00e9n dice que la mayor\u00eda de las epidemias de las que se tienen referencia han surgido en zonas muy masificadas de poblaci\u00f3n, (esto conlleva por lo general una falta de asepsia y un empobrecimiento de la salubridad).<\/p>\n<p style=\"text-align: justify;\">Las pandemias vienen originadas por el binomio bacterias o virus; dos agentes tan min\u00fasculos y a la vez tan importantes, que sin ellos no habr\u00eda sido posible la creaci\u00f3n de la vida en la tierra.<\/p>\n<p style=\"text-align: justify;\">El c\u00f3lera fue un episodio bacteriano; su comportamiento muy largo en el tiempo, mientras que las pandemias ocasionadas por virus, tienen un desarrollo muy r\u00e1pido pero sus efectos suelen ser m\u00e1s cortos, bajando de forma muy brusca si bien sigue teniendo presencia durante un tiempo ocasionando afectados, hasta el momento que surge una vacuna capaz de hacerle frente.<\/p>\n<p style=\"text-align: justify;\">La mayor\u00eda de epidemi\u00f3logos; coinciden en las causas propiciatorias para la aparici\u00f3n de estas pandemias. La superpoblaci\u00f3n; el caos ambiental, la desaparici\u00f3n de insectos ocasionadas por las fumigaciones masivas en cultivos, bosques y vertederos. Causantes de fuertes desequilibrios; que cualquier apicultor sin necesidad de grandes conocimientos es capaz de entender.<\/p>\n<p style=\"text-align: justify;\">Estamos maltratando a la naturaleza; como si fuera algo ajeno a nosotros, ignorando que le debemos respeto, nuestra vida depende de ella y nunca, al contrario.<\/p>\n<p style=\"text-align: justify;\">Una de las armas que tenemos para protegernos es la Sanidad P\u00fablica; hemos venido jugando con ella como si se tratara de un bien de consumo m\u00e1s, y no es as\u00ed. En estos momentos un pa\u00eds referente para aquellos que apoyan que no debe existir la Sanidad P\u00fablica, como EEUU, se enfrenta a un caos tremendo, pa\u00edses tan min\u00fasculos como la denostada Cuba, est\u00e1n ayudando a otros tan importantes como la mism\u00edsima Italia.<\/p>\n<p style=\"text-align: justify;\"><a href=\"http:\/\/granadacostanacional.es\/wp-content\/uploads\/2020\/04\/El-Triunfo-de-la-Muerte.jpg\"><img decoding=\"async\" loading=\"lazy\" class=\"aligncenter wp-image-24257 size-medium\" src=\"http:\/\/granadacostanacional.es\/wp-content\/uploads\/2020\/04\/El-Triunfo-de-la-Muerte-300x161.jpg\" alt=\"El Triunfo de la Muerte\" width=\"300\" height=\"161\" \/><\/a><\/p>\n<p style=\"text-align: justify;\"><strong>Antecedentes:<\/strong><\/p>\n<p style=\"text-align: justify;\">Las epidemias fueron una constante en la vida del ser humano; como por otro lado tambi\u00e9n lo son tanto en la fauna como en la flora. Pero desde el punto de vista de la humanidad; decir que se corresponden con acontecimientos c\u00edclicos que se suceden en el tiempo, debido principalmente a lo que los expertos denominan mutaciones.<\/p>\n<p style=\"text-align: justify;\">En la Edad Antigua se constituyeron cientos de civilizaciones; algunas de ellas muy importantes en los diferentes continentes, dichas civilizaciones fueron los pelda\u00f1os que nos permitieron ascender hasta el grado de desarrollo actual.<\/p>\n<p style=\"text-align: justify;\">Desde Sumeria, IV milenio a.c., el antiguo Egipto, India y las civilizaciones v\u00e9dicas, la antigua China, para desembocar en las culturas griega y romana, el Imperio aquem\u00e9nide en Persia fue otro ejemplo importante.<\/p>\n<p style=\"text-align: justify;\">En la Am\u00e9rica Antigua; surgieron dos grandes centros de civilizaci\u00f3n, la regi\u00f3n andina situada cronol\u00f3gicamente sobre el IV milenio a.c., y Mesoam\u00e9rica hacia el II milenio a.c., sobre la desaparici\u00f3n de estas culturas, existen varias teor\u00edas, coincidiendo todas ellas que la causa m\u00e1s plausible pudo ser la aparici\u00f3n de pandemias incontroladas.<\/p>\n<p style=\"text-align: justify;\">Estas poblaciones alcanzaron un desarrollo urbano tan grande; que aportaron los ingredientes favorables a la aparici\u00f3n de dichas enfermedades, como hemos visto las aglomeraciones incontroladas son la causa y origen de la mayor parte de ellas. Tales aglomeraciones; son generadoras de deshechos, demandantes de grandes cantidades de agua que devuelven contaminada. Por otro lado, tiene la necesidad de alimentos que no siempre pueden cumplir los par\u00e1metros de salubridad. En tiempos de Roma se empez\u00f3 a tomar conciencia sobre estos problemas y decidieron limitar el n\u00famero de habitantes a la capacidad de los recursos disponibles, (sin embargo, hoy esto no es tenido en cuenta).<\/p>\n<p style=\"text-align: justify;\">En el siglo XIX la mayor parte de las poblaciones de nuestra Andaluc\u00eda se vieron afectadas por el c\u00f3lera, algunas como es el caso de J\u00f3dar en la provincia de Ja\u00e9n, su poblaci\u00f3n se redujo a la mitad, un detalle revelador: su actual cementerio data de esta \u00e9poca y su patr\u00f3n es San Sebasti\u00e1n, (abogado de las enfermedades infecciosas en el mundo cat\u00f3lico).<\/p>\n<p style=\"text-align: justify;\">Las guerras y los fen\u00f3menos climatol\u00f3gicos; fueron objeto de desplazamientos, pero en nuestra toponimia las que dejaron mayor huella fueron las pandemias. Todas aquellas poblaciones que encierran voces como; campo y nueva en su mayor parte son como consecuencia de un nuevo emplazamiento. En la antig\u00fcedad; lo normal era incendiar las poblaciones infectadas y refundar otra no muy lejos de la anterior.<\/p>\n<p style=\"text-align: justify;\"><strong>Epidemias hist\u00f3ricas;<\/strong><\/p>\n<p style=\"text-align: justify;\">Cuando hablamos de epidemias hist\u00f3ricas; si hablamos con cierta precisi\u00f3n, no podemos remontarnos m\u00e1s all\u00e1 de los siglos XIII-XIV, que es desde que tenemos datos que nos aportan cierta fiabilidad.<\/p>\n<p style=\"text-align: justify;\">En 1348 una situaci\u00f3n parecida a la actual; un periodo que se llam\u00f3 la &#8220;Peque\u00f1a Edad de Hielo&#8221;, Tras un enfriamiento repentino del clima, que aport\u00f3 malas cosechas, una lluvia excesiva. Dentro de aquella situaci\u00f3n; apareci\u00f3 la tristemente famosa &#8220;Peste Negra&#8221;, cuyo origen se situaba en Asia. Los barcos venecianos la trasladaron a Constantinopla y al resto de la pen\u00ednsula it\u00e1lica, pasando r\u00e1pidamente a los reinos peninsulares de Arag\u00f3n, Castilla y la propia Francia. Esta epidemia, al estar producida por una bacteria; su expansi\u00f3n fue relativamente lenta, en el a\u00f1o 1349 lleg\u00f3 al Reino Unido y en 1350 a Pa\u00edses Bajos y Suecia. En ese momento Europa contaba; con una poblaci\u00f3n de 75 millones de Habitantes, muriendo casi la mitad de la poblaci\u00f3n, algunas cifras hablan de entre 25 y 33 millones, pero tenida en cuenta la dificultad censal del momento el c\u00e1lculo tenemos que tomarlo como orientativo y muy a la baja.<\/p>\n<p style=\"text-align: justify;\">El Reino de Navarra fue uno de los m\u00e1s afectados; los investigadores utilizando como patr\u00f3n de campo la contribuci\u00f3n de impuestos, no dudan en concluir que, comparando con a\u00f1os anteriores, m\u00e1s de la mitad de la poblaci\u00f3n muri\u00f3.<\/p>\n<p style=\"text-align: justify;\">Estas epidemias de peste; se fueron repitiendo con cierta periodicidad durante los siglos XV y XVI, su aparici\u00f3n fue intermitente. En 1720 la peste desaparece de Europa; sin que se sepa la raz\u00f3n, a juicio de los expertos eso es normal, de momento desaparecen sin dejar testimonio del por qu\u00e9, pero seg\u00fan ellos mismos lo que es seguro que a una epidemia, tarde o temprano le sucede otra.<\/p>\n<p style=\"text-align: justify;\">As\u00ed fue que en el siglo XVIII nos lleg\u00f3 la viruela; una epidemia con altas tasas de mortalidad, se calcula unos 150 fallecidos por cada 1.000 habitantes, sobre todo ni\u00f1os. En este mismo siglo hubo otra epidemia que motiv\u00f3, por razones sanitarias, la prohibici\u00f3n de enterramientos en iglesias, (surgiendo desde entonces la figura de los campos santos).<\/p>\n<p style=\"text-align: justify;\">Coincidiendo con las guerras napole\u00f3nicas; a partir de la Revoluci\u00f3n Francesa las guerras continuadas durante las d\u00e9cadas del siglo XVIII y principios del XIX, teniendo continuidad con la I Guerra Carlista. Las tropas eran agentes de propagaci\u00f3n; trasladando unos microorganismos que transmit\u00edan los piojos, (una vez m\u00e1s higiene y salud se encuentran relacionadas). Esta enfermedad fue conocida como &#8220;fiebres p\u00fatridas&#8221;; cuando los soldados entraban en contacto con la poblaci\u00f3n civil les contagiaban propagando as\u00ed la enfermedad.<\/p>\n<p style=\"text-align: justify;\">Coincidiendo con la I Guerra Carlista; lleg\u00f3 una nueva enfermedad end\u00e9mica en India, el c\u00f3lera, procedente de Rusia y provocando una terrible devastaci\u00f3n poblacional, en las d\u00e9cadas de los 40, 50 y 70. Pero todo el siglo XIX estuvo marcado por el C\u00f3lera. Esta situaci\u00f3n fue la que oblig\u00f3 a las diversas administraciones a reinventar todo el sistema urbano de las ciudades, dot\u00e1ndoles de saneamiento, tomas de agua potable, pero los m\u00e1s importante de todo fue el nacimiento de la &#8220;Sanidad P\u00fablica&#8221; como especialidad dentro de la medicina.<\/p>\n<p style=\"text-align: justify;\">El 1889 aparece otra epidemia; que fue conocida como la &#8220;gripe rusa&#8221;, se cree que su origen tambi\u00e9n como la actual estuvo en China, pasando a Rusia por tren y desde all\u00ed se extendi\u00f3 por toda Europa, el \u00edndice de mortalidad de esta pandemia se sabe que rondo el 2 por cada 1.000 habitantes.<\/p>\n<p style=\"text-align: justify;\">La conocida como &#8220;gripe espa\u00f1ola&#8221;; por cierto, que de espa\u00f1ola solo ten\u00eda el nombre, nombre que se debi\u00f3 a una circunstancia b\u00e9lica. En 1918 la mayor parte de los pa\u00edses importantes estaban enfrascados en la I Guerra Mundial; por lo tanto, bajo una f\u00e9rrea censura. Espa\u00f1a, al ser un pa\u00eds neutral, era el \u00fanico capaz de publicar en libertad y de ah\u00ed el fat\u00eddico t\u00edtulo. De c\u00f3mo surgi\u00f3; entre los meses de marzo y abril del citado 1918, en plena guerra, aparecieron contagiados tres soldados que estaban en campos militares americanos y europeos, como dec\u00edamos la censura de estos pa\u00edses impidi\u00f3 dar cifras reales de afectados, solo se dec\u00eda que los soldados hab\u00edan muerto de gripe. Pero en mayo de ese mismo a\u00f1o; aparece en Madrid, ciudad que en aquel momento contaba con un censo de 600.000 habitantes. Los primeros brotes se dieron en los cuarteles, extendi\u00e9ndose r\u00e1pidamente entre la poblaci\u00f3n civil. Hasta el 20 de mayo la mortandad en la capital se cifraba en 40 personas, las causas comprend\u00edan todo tipo de enfermedades. Sin embargo, a partir del 21; comienza a dispararse esa cifra y en cuesti\u00f3n de tan solo 15 d\u00edas alcanz\u00f3 un pico de 120, veinte d\u00edas m\u00e1s tarde baj\u00f3 hasta 50-60 fallecidos por causa de la epidemia. Seg\u00fan todos los expertos; aquella epidemia guarda mucha similitud con la que estamos padeciendo en estos momentos. El problema fue que se produjo una mutaci\u00f3n; un virus de primavera que no se explica la raz\u00f3n porque alcanz\u00f3 tal grado de virulencia, el H1N1, a partir de septiembre afect\u00f3 a todo el mundo de una manera brutal, matando a 40 millones de personas en tan solo dos meses, su aparici\u00f3n fue al un\u00edsono, en Asia, Am\u00e9rica y Europa, esto es lo que verdaderamente llama la atenci\u00f3n de los expertos, porque entonces no exist\u00edan los niveles de comunicaciones a\u00e9reas actuales.<\/p>\n<p style=\"text-align: justify;\">En Espa\u00f1a y m\u00e1s concretamente en Madrid; como ya se hab\u00eda pasado la mayor\u00eda de la poblaci\u00f3n desarroll\u00f3 defensas, de esta forma cuando lleg\u00f3 la segunda oleada, en Espa\u00f1a fueron escasos los fallecimientos.<\/p>\n<p style=\"text-align: justify;\">En 1957 fue la gripe asi\u00e1tica; la que afect\u00f3 a un mill\u00f3n de personas en todo el mundo, pero no olvidemos que la gripe estacional normal ocasiona entre 300.000 y 500.000 fallecidos todos los a\u00f1os.<\/p>\n<p style=\"text-align: justify;\">En los \u00faltimos veinte a\u00f1os; hemos padecido otras tambi\u00e9n de origen v\u00edrico, que dejaron nefasto recuerdo por su agresividad, como la gripe aviar en 1997, en 2002, 2003 el SARS, hermano gemelo del coronavirus. Este tambi\u00e9n surgi\u00f3 en China afectando a 8.000 personas de las que unas 700 fallecieron.<\/p>\n<p style=\"text-align: justify;\">El MERS, tambi\u00e9n surgi\u00f3 en Oriente Medio, comport\u00e1ndose de forma parecida en 2015, fueron pocos los afectados, pero con una mortalidad m\u00e1s alta. A estos le sucedi\u00f3 el zika, la gripe A y el \u00e9bola. Como se puede ver; esto es una constante en la historia de la humanidad a la que desgraciadamente no se le presta la atenci\u00f3n que se deber\u00eda.<\/p>\n<p style=\"text-align: justify;\">En estos acontecimientos; los \u00fanicos con criterio deben ser los expertos y seg\u00fan ellos se\u00f1alan dos posibilidades; la mutaci\u00f3n del virus generando una nueva enfermedad, o la desaparici\u00f3n sin m\u00e1s como tantas otras veces a venido ocurriendo. Pero incluso dentro de esta hip\u00f3tesis; no se deber\u00eda bajar la guardia ya que como hemos visto, esto es una sucesi\u00f3n c\u00edclica.<\/p>\n<p style=\"text-align: justify;\"><a href=\"http:\/\/granadacostanacional.es\/wp-content\/uploads\/2020\/04\/El-desastre-de-la-epidemia.jpg\"><img decoding=\"async\" loading=\"lazy\" class=\"aligncenter size-medium wp-image-24258\" src=\"http:\/\/granadacostanacional.es\/wp-content\/uploads\/2020\/04\/El-desastre-de-la-epidemia-300x214.jpg\" alt=\"El desastre de la epidemia\" width=\"300\" height=\"214\" \/><\/a><\/p>\n<p style=\"text-align: justify;\"><strong>Los falsos culpables:<\/strong><\/p>\n<p style=\"text-align: justify;\">Afortunadamente hoy el grado de formaci\u00f3n de la poblaci\u00f3n hace m\u00e1s dif\u00edcil la estigmatizaci\u00f3n de alg\u00fan grupo \u00e9tnico, como si ellos fueran los culpables de estas enfermedades. En la Edad Media era todo diferente; pod\u00edan ser objeto de acusaci\u00f3n de estos males, jud\u00edos, moriscos, gitanos etc. Sin embargo, se suelen dar casos aislados en nuestro siglo XXI, que si no fueran por la gravedad que encierran, serian propios de cualquier sainete del siglo pasado.<\/p>\n<p style=\"text-align: justify;\"><strong>Las puertas de entrada:<\/strong><\/p>\n<p style=\"text-align: justify;\">Repasando la historia; vemos que las principales puertas de entrada de las epidemias, siempre fueron los puntos de interrelaci\u00f3n. Antiguamente fueron los puertos mar\u00edtimos; en la actualidad son los aeropuertos, su capacidad de interconectar continentes en breve espacio de tiempo, hacen que los principales puntos de propagaci\u00f3n, hayan sido en cada pa\u00eds aquellos aeropuertos con mayor n\u00famero de vuelos intercontinentales. (Ciudades como Mil\u00e1n, Madrid, Barcelona, Par\u00eds o New York, as\u00ed lo confirman).<\/p>\n<p style=\"text-align: justify;\">Esta situaci\u00f3n actual nos deber\u00eda hacer un replanteamiento serio; pa\u00edses nada sospechosos de ser anticapitalistas como Reino Unido, est\u00e1 cuestionando los vuelos tur\u00edsticos por el alto \u00edndice de contaminaci\u00f3n y riesgos para la salud.<\/p>\n<p style=\"text-align: justify;\">No es razonable la profusi\u00f3n de vuelos transatl\u00e1nticos; para pasar fines de semana confinados en un hotel &#8220;con todo incluido&#8221;, cuando esa oferta se puede dar aqu\u00ed sin necesidad de semejante coste ecol\u00f3gico.<\/p>\n<p style=\"text-align: justify;\">Es necesario un mayor grado de conocimiento; sobre las decisiones de viajar a pa\u00edses en los cuales existen patolog\u00edas de car\u00e1cter end\u00e9mico, y que muchos de los viajeros ignoran sobre todo por razones economicistas de los entramados tur\u00edsticos, que en la mayor\u00eda de las ocasiones no revierten sus ganancias en los territorios en los que operan.<\/p>\n<p style=\"text-align: justify;\"><strong>Conclusiones:<\/strong><\/p>\n<p style=\"text-align: justify;\">De todos los problemas; deber\u00edamos sacar conclusiones que nos ayuden a enfrentarnos a otras futuras situaciones.<\/p>\n<p style=\"text-align: justify;\">Una cosa es cierta, que la enfermedad no ataca a todos los pa\u00edses por igual; aquellos que gozan de un mejor sistema de salud, afrontan con mejores resultados la lucha contra esta pandemia. A Espa\u00f1a este episodio le ha llegado en un mal momento; despu\u00e9s de un periodo de recortes a los que la sanidad no escap\u00f3, limitando su m\u00fasculo de respuesta ante cualquier contratiempo como el actual.<\/p>\n<p style=\"text-align: justify;\">Entre estas principales reflexiones; se deber\u00eda concluir y exigir por parte de la poblaci\u00f3n:<\/p>\n<p style=\"text-align: justify;\">1\u00ba) Una sanidad p\u00fablica fuerte y prioritaria<\/p>\n<p style=\"text-align: justify;\">2\u00ba) Entender la sanidad como un derecho y no como un negocio<\/p>\n<p style=\"text-align: justify;\">3\u00ba) Consolidar un \u00f3rgano de investigaci\u00f3n permanente, con un presupuesto que no est\u00e9 condicionado por vaivenes pol\u00edticos.<\/p>\n<p style=\"text-align: justify;\">La sanidad debe estar controlada por los gobiernos; en la mayor\u00eda de los pa\u00edses europeos y en el que les escribo en particular, con libertad de escoger, el Gobierno regula precios y minutas, (la sanidad no debe ser un negocio, debe primar el derecho a la salud por encima de cualquier otro inter\u00e9s).<\/p>\n<p style=\"text-align: justify;\">Teniendo en cuenta que las epidemias obedecen a episodios c\u00edclicos; la investigaci\u00f3n debe ser una constante preocupaci\u00f3n en los Presupuestos Generales del Estado, para que nuestros cient\u00edficos puedan devolver a la sociedad lo que esta les aport\u00f3 durante el periodo de formaci\u00f3n acad\u00e9mica.<\/p>\n<p style=\"text-align: justify;\">No quisiera finalizar; sin expresar mi m\u00e1s sentido p\u00e9same a las familias que perdieron alg\u00fan ser querido, as\u00ed como mi apoyo a todo el personal sanitario que est\u00e1 respondiendo de forma ejemplar a esta lucha.<\/p>\n<p style=\"text-align: justify;\">Comparto las expresiones de cari\u00f1o; que desde los balcones se les est\u00e1n transmitiendo al personal sanitario, pero no quiero pasar por alto que cuando las mareas de las batas blancas salieron a la calle, denunciando los recortes, deber\u00edan haber estado m\u00e1s apoyadas&#8230;<\/p>\n<p>&nbsp;<\/p>\n<p style=\"text-align: right;\"><strong>Jos\u00e9 Mar\u00eda Escribano<\/strong><\/p>\n<p style=\"text-align: right;\"><strong>Hendaya-Francia<\/strong><\/p>\n","protected":false},"excerpt":{"rendered":"<p>El t\u00e9rmino pandemia; del griego reuni\u00f3n del pueblo, patolog\u00eda, enfermedad epid\u00e9mica que se extiende a muchos pa\u00edses \u00f3 que ataca&hellip;<\/p>\n","protected":false},"author":3,"featured_media":19090,"comment_status":"open","ping_status":"open","sticky":false,"template":"","format":"standard","meta":{"om_disable_all_campaigns":false,"_mi_skip_tracking":false,"_monsterinsights_sitenote_active":false,"_monsterinsights_sitenote_note":"","_monsterinsights_sitenote_category":0,"footnotes":""},"categories":[21],"tags":[],"aioseo_notices":[],"_links":{"self":[{"href":"https:\/\/granadacostaglobal.es\/index.php?rest_route=\/wp\/v2\/posts\/24256"}],"collection":[{"href":"https:\/\/granadacostaglobal.es\/index.php?rest_route=\/wp\/v2\/posts"}],"about":[{"href":"https:\/\/granadacostaglobal.es\/index.php?rest_route=\/wp\/v2\/types\/post"}],"author":[{"embeddable":true,"href":"https:\/\/granadacostaglobal.es\/index.php?rest_route=\/wp\/v2\/users\/3"}],"replies":[{"embeddable":true,"href":"https:\/\/granadacostaglobal.es\/index.php?rest_route=%2Fwp%2Fv2%2Fcomments&post=24256"}],"version-history":[{"count":0,"href":"https:\/\/granadacostaglobal.es\/index.php?rest_route=\/wp\/v2\/posts\/24256\/revisions"}],"wp:featuredmedia":[{"embeddable":true,"href":"https:\/\/granadacostaglobal.es\/index.php?rest_route=\/"}],"wp:attachment":[{"href":"https:\/\/granadacostaglobal.es\/index.php?rest_route=%2Fwp%2Fv2%2Fmedia&parent=24256"}],"wp:term":[{"taxonomy":"category","embeddable":true,"href":"https:\/\/granadacostaglobal.es\/index.php?rest_route=%2Fwp%2Fv2%2Fcategories&post=24256"},{"taxonomy":"post_tag","embeddable":true,"href":"https:\/\/granadacostaglobal.es\/index.php?rest_route=%2Fwp%2Fv2%2Ftags&post=24256"}],"curies":[{"name":"wp","href":"https:\/\/api.w.org\/{rel}","templated":true}]}}