{"id":24254,"date":"2020-04-16T09:41:54","date_gmt":"2020-04-16T09:41:54","guid":{"rendered":"http:\/\/granadacostanacional.es\/?p=24254"},"modified":"2020-04-16T09:41:54","modified_gmt":"2020-04-16T09:41:54","slug":"el-gran-desprestigio-de-la-politica","status":"publish","type":"post","link":"https:\/\/granadacostaglobal.es\/?p=24254","title":{"rendered":"EL GRAN DESPRESTIGIO DE LA POL\u00cdTICA"},"content":{"rendered":"<p style=\"text-align: justify;\"><strong>Carlos Ben\u00edtez Villodres<\/strong><\/p>\n<p style=\"text-align: justify;\"><strong>\u00a0<\/strong><\/p>\n<p style=\"text-align: justify;\">La corruptela pol\u00edtica o enchufismo se dio durante el franquismo y con todos los gobiernos dem\u00f3cratas, tanto nacionales y auton\u00f3micos como provinciales y locales. Esto que acontece en pol\u00edtica se da tambi\u00e9n en el estrato empresarial y en muchos otros. \u201cUna cosa es la amistad, dice L\u00f3pez de Ayala, y el negocio es otra cosa\u201d.<\/p>\n<p style=\"text-align: justify;\">\n<p style=\"text-align: justify;\">Asimismo, el poder, cuando es sumamente conservador, deja anquilosadas a las libertades, a las voluntades, a las inteligencias&#8230; en especial a las m\u00e1s cultivadas, a las m\u00e1s socializadas.<\/p>\n<p style=\"text-align: justify;\">\n<p style=\"text-align: justify;\">Es evidente que una comunidad (pol\u00edtica, social, religiosa&#8230;), que no tenga como fines primarios, b\u00e1sicos, lograr que sus miembros sean cada d\u00eda m\u00e1s dichosos, m\u00e1s libres&#8230;, se nutre del error, aunque sus regidores piensen que van por el camino m\u00e1s id\u00f3neo, es decir, por el m\u00e1s humanamente perfecto.<\/p>\n<p style=\"text-align: justify;\">\n<p style=\"text-align: justify;\">Expresado lo anterior, refiero que detesto, venga de donde venga, el fanatismo, la irracionalidad radical, ya que con los individuos que est\u00e1n descerebrados no se puede razonar. No olvidemos que los fan\u00e1ticos viven en el macron\u00facleo de la equivocaci\u00f3n porque, consciente y libremente, lo aceptaron. Por consiguiente, cualquier ciudadano de buena voluntad tiene el deber personal y c\u00edvico de ser m\u00e1s en\u00e9rgico y resistente que ellos. \u201cDel fanatismo a la barbarie, asevera Diderot, solo media un paso\u201d. Por desgracia, hombres y mujeres del mundo saben bien que esta afirmaci\u00f3n es una gran verdad. Una verdad que nos acompa\u00f1a a todos lados, que nos tortura de d\u00eda y de noche, que ansiamos todos, conjuntamente, erradicarla, porque es una verdad que duele, que destruye, que mata.<\/p>\n<p style=\"text-align: justify;\">\n<p style=\"text-align: justify;\">Para los extremistas de los distintos partidos pol\u00edticos todo lo que dicen y hacen los dem\u00e1s partidos, excepto el suyo, son errores garrafales, por lo que no pueden ser peores. El ciudadano de a pie cree que cualquier partido pol\u00edtico proyecta, sostiene y desarrolla labores positivas y negativas, como si se tratara de un ser humano cualquiera. Ni todo est\u00e1 perfectamente bien, ni todo est\u00e1 terriblemente mal. Ah\u00ed est\u00e1 la grandeza del hombre. Cuando un individuo se equivoca, debe reconocer su yerro o desatino, ante \u00e9l y los dem\u00e1s, y acto seguido deber\u00e1 corregir el error cometido. Pero si se mantiene en el desacierto, se est\u00e1 enga\u00f1ando a s\u00ed mismo y embaucando al resto de la sociedad. El \u201cbeneficio\u201d que el hombre pueda obtener para s\u00ed y para sus ciegos e irreflexivos seguidores, bas\u00e1ndose en obstinadas farsas y patra\u00f1as, es un boomerang que, con el tiempo, retornar\u00e1 hacia \u00e9l, golpe\u00e1ndole donde m\u00e1s da\u00f1o pueda hacerle.<\/p>\n<p style=\"text-align: justify;\">\n<p style=\"text-align: justify;\">En la mente del buen pol\u00edtico no debe entrar nunca la descalificaci\u00f3n, la groser\u00eda, el insulto, es decir, el lenguaje canallesco&#8230;, porque quien piensa, habla y act\u00faa seg\u00fan este veh\u00edculo deformado y deformante se est\u00e1 desacreditando, ante su pueblo y ante todas las naciones del orbe, \u00e9l mismo, y a la vez est\u00e1 deshonrando y amancillando al partido pol\u00edtico al que pertenece. La palabrer\u00eda barriobajera que tanto gusta a ciertos pol\u00edticos \u201cencumbrados\u201d y \u201csubterr\u00e1neos\u201d es un instrumento letal que opera contra ellos mismos. El gran desprestigio en el que actualmente est\u00e1 inmersa la pol\u00edtica lo han logrado los propios pol\u00edticos especialmente aquellos que tienen grandes responsabilidades.<\/p>\n","protected":false},"excerpt":{"rendered":"<p>Carlos Ben\u00edtez Villodres \u00a0 La corruptela pol\u00edtica o enchufismo se dio durante el franquismo y con todos los gobiernos dem\u00f3cratas,&hellip;<\/p>\n","protected":false},"author":2,"featured_media":944,"comment_status":"open","ping_status":"open","sticky":false,"template":"","format":"standard","meta":{"om_disable_all_campaigns":false,"_mi_skip_tracking":false,"_monsterinsights_sitenote_active":false,"_monsterinsights_sitenote_note":"","_monsterinsights_sitenote_category":0,"footnotes":""},"categories":[21,30],"tags":[],"aioseo_notices":[],"_links":{"self":[{"href":"https:\/\/granadacostaglobal.es\/index.php?rest_route=\/wp\/v2\/posts\/24254"}],"collection":[{"href":"https:\/\/granadacostaglobal.es\/index.php?rest_route=\/wp\/v2\/posts"}],"about":[{"href":"https:\/\/granadacostaglobal.es\/index.php?rest_route=\/wp\/v2\/types\/post"}],"author":[{"embeddable":true,"href":"https:\/\/granadacostaglobal.es\/index.php?rest_route=\/wp\/v2\/users\/2"}],"replies":[{"embeddable":true,"href":"https:\/\/granadacostaglobal.es\/index.php?rest_route=%2Fwp%2Fv2%2Fcomments&post=24254"}],"version-history":[{"count":0,"href":"https:\/\/granadacostaglobal.es\/index.php?rest_route=\/wp\/v2\/posts\/24254\/revisions"}],"wp:featuredmedia":[{"embeddable":true,"href":"https:\/\/granadacostaglobal.es\/index.php?rest_route=\/"}],"wp:attachment":[{"href":"https:\/\/granadacostaglobal.es\/index.php?rest_route=%2Fwp%2Fv2%2Fmedia&parent=24254"}],"wp:term":[{"taxonomy":"category","embeddable":true,"href":"https:\/\/granadacostaglobal.es\/index.php?rest_route=%2Fwp%2Fv2%2Fcategories&post=24254"},{"taxonomy":"post_tag","embeddable":true,"href":"https:\/\/granadacostaglobal.es\/index.php?rest_route=%2Fwp%2Fv2%2Ftags&post=24254"}],"curies":[{"name":"wp","href":"https:\/\/api.w.org\/{rel}","templated":true}]}}