{"id":24117,"date":"2020-04-01T14:39:10","date_gmt":"2020-04-01T14:39:10","guid":{"rendered":"http:\/\/granadacostanacional.es\/?p=24117"},"modified":"2020-04-01T14:39:10","modified_gmt":"2020-04-01T14:39:10","slug":"sentido-comun-ese-bien-tan-necesario","status":"publish","type":"post","link":"https:\/\/granadacostaglobal.es\/?p=24117","title":{"rendered":"SENTIDO COM\u00daN, ESE BIEN TAN NECESARIO"},"content":{"rendered":"<p style=\"text-align: justify;\"><strong>Lola Ben\u00edtez Molina<\/strong><\/p>\n<p style=\"text-align: justify;\"><strong>M\u00e1laga (Espa\u00f1a)<\/strong><\/p>\n<p style=\"text-align: justify;\"><strong>\u00a0<\/strong><\/p>\n<p style=\"text-align: justify;\">La incertidumbre es una de las peores compa\u00f1\u00edas con la que tiene que vivir el ser humano. Si, adem\u00e1s, esa incertidumbre ata\u00f1e a su salud y, por consiguiente, a su bienestar, el caos, el miedo exacerbado o p\u00e1nico pueden irrumpir de manera repentina, pero seamos coherentes. El sentido com\u00fan, la solidaridad, la generosidad, la empat\u00eda deben ser el ant\u00eddoto para tratar cualquier mal que aceche a la humanidad. En este caso, se trata del COVID-19, un oportunista sin escr\u00fapulos, que no distingue entre clases sociales; tan solo en la gen\u00e9tica o inmunidad de cada uno. Se ceba con los d\u00e9biles y con las personas mayores que, aparte de sus achaques propios del paso del tiempo, y a los que debemos tanto, tienen que lidiar con dicho intruso. Los dem\u00e1s no podemos hacer caso omiso. Los j\u00f3venes, no todos, nunca se debe generalizar, por el hecho de serlo, se creen estar por encima del mal y del bien, y no son conscientes de que todos necesitamos de todos. Los adultos somos los primeros que tenemos que dar ejemplo, y por supuesto, todos los que representan y velan por el bien de los ciudadanos.<\/p>\n<p style=\"text-align: justify;\">\u00a0\u00a0\u00a0\u00a0\u00a0\u00a0\u00a0\u00a0\u00a0\u00a0\u00a0 El sentido com\u00fan debe imponerse, cuando la psicosis, que para nada sirve ni es eficaz, se hace generalizada. Igual que debemos tomar medidas como los chinos primero y los italianos despu\u00e9s, los j\u00f3venes deben saber escuchar a los mayores, a los que la experiencia les reporta sabidur\u00eda. Estar preparados intelectual y psicol\u00f3gicamente es muy importante y fundamental, con una s\u00f3lida base de respeto y educaci\u00f3n. El esfuerzo y los valores tienen su recompensa. Hay casos, como los que estamos viviendo, en la actualidad, que requieren una planificaci\u00f3n y la colaboraci\u00f3n de todos. Uno no puede pensar en vivir el presente y que otros les solucionen los problemas. En nuestras manos est\u00e1 ense\u00f1arles a amar, por su bien y por el de todos, d\u00e1ndoles alas, cuando se pueda, para que puedan cumplir sus sue\u00f1os, unos sue\u00f1os que incluyan conocimiento, generosidad y buena convivencia. Como suele decirse: \u201cla uni\u00f3n hace la fuerza\u201d. Ense\u00f1ar lo contrario es contribuir al deterioro de la civilizaci\u00f3n. Nadie deber\u00eda permitir el sufrimiento ajeno, sobre todo, aquel que es evitable. Generosidad implica que las personas y su dignidad est\u00e1n por encima de cualquier ideolog\u00eda o egocentrismo.<\/p>\n<p style=\"text-align: justify;\">\u00a0\u00a0\u00a0\u00a0\u00a0\u00a0\u00a0\u00a0\u00a0\u00a0\u00a0 Se trata de un tema nada prosaico. Una construcci\u00f3n, con s\u00f3lidos pilares, se mantiene y, si tuviera emociones, \u00e9stas ser\u00edan de bienestar y satisfacci\u00f3n. Quiz\u00e1 as\u00ed, se contribuir\u00eda a disminuir el n\u00famero de suicidios y de violencia de g\u00e9nero. Todo es una cadena de eslabones entrelazados. En nuestras manos est\u00e1 que esos eslabones sean fuertes y unidos o, bien, que se rompan y genere un vac\u00edo que no es f\u00e1cil llenar. Tal vez, hable ego\u00edstamente, por el bien de mi hijo y de mis seres queridos, pero no hay m\u00e1s que estar unidos frente a la adversidad, pero tambi\u00e9n cuando lleguen los buenos momentos y, cuando esto pase, que pasar\u00e1, que nos haya servido para aprender.<\/p>\n<p style=\"text-align: justify;\">\u00a0\u00a0\u00a0\u00a0\u00a0\u00a0\u00a0\u00a0\u00a0\u00a0\u00a0 Me gusta pensar que todo ocurre por un porqu\u00e9, como dec\u00eda Mouri\u00f1o, y tiene un sentido, aunque en el momento presente no acertemos a dilucidar el motivo.<\/p>\n<p style=\"text-align: justify;\">\u00a0\u00a0\u00a0\u00a0\u00a0\u00a0\u00a0\u00a0\u00a0\u00a0\u00a0 Refiere Antoine de Saint-Exup\u00e9ry, autor de la famosa obra \u201cEl principito\u201d, que \u201cel fracaso fortifica a los fuertes\u201d. Saldremos todos fortificados de esta.<\/p>\n<p style=\"text-align: justify;\">\u00a0\u00a0\u00a0\u00a0\u00a0\u00a0\u00a0\u00a0\u00a0\u00a0\u00a0 Respetarse a uno mismo y a los dem\u00e1s. Las divisiones no son buenas para nadie. Todos somos vulnerables. Nadie est\u00e1 exento del peligro, pero unidos venceremos al COVID-19, incluso al miedo, que es una de las grandes lacras que asola a la humanidad.<\/p>\n","protected":false},"excerpt":{"rendered":"<p>Lola Ben\u00edtez Molina M\u00e1laga (Espa\u00f1a) \u00a0 La incertidumbre es una de las peores compa\u00f1\u00edas con la que tiene que vivir&hellip;<\/p>\n","protected":false},"author":2,"featured_media":12590,"comment_status":"open","ping_status":"open","sticky":false,"template":"","format":"standard","meta":{"om_disable_all_campaigns":false,"_mi_skip_tracking":false,"_monsterinsights_sitenote_active":false,"_monsterinsights_sitenote_note":"","_monsterinsights_sitenote_category":0,"footnotes":""},"categories":[21,30],"tags":[],"aioseo_notices":[],"_links":{"self":[{"href":"https:\/\/granadacostaglobal.es\/index.php?rest_route=\/wp\/v2\/posts\/24117"}],"collection":[{"href":"https:\/\/granadacostaglobal.es\/index.php?rest_route=\/wp\/v2\/posts"}],"about":[{"href":"https:\/\/granadacostaglobal.es\/index.php?rest_route=\/wp\/v2\/types\/post"}],"author":[{"embeddable":true,"href":"https:\/\/granadacostaglobal.es\/index.php?rest_route=\/wp\/v2\/users\/2"}],"replies":[{"embeddable":true,"href":"https:\/\/granadacostaglobal.es\/index.php?rest_route=%2Fwp%2Fv2%2Fcomments&post=24117"}],"version-history":[{"count":0,"href":"https:\/\/granadacostaglobal.es\/index.php?rest_route=\/wp\/v2\/posts\/24117\/revisions"}],"wp:featuredmedia":[{"embeddable":true,"href":"https:\/\/granadacostaglobal.es\/index.php?rest_route=\/"}],"wp:attachment":[{"href":"https:\/\/granadacostaglobal.es\/index.php?rest_route=%2Fwp%2Fv2%2Fmedia&parent=24117"}],"wp:term":[{"taxonomy":"category","embeddable":true,"href":"https:\/\/granadacostaglobal.es\/index.php?rest_route=%2Fwp%2Fv2%2Fcategories&post=24117"},{"taxonomy":"post_tag","embeddable":true,"href":"https:\/\/granadacostaglobal.es\/index.php?rest_route=%2Fwp%2Fv2%2Ftags&post=24117"}],"curies":[{"name":"wp","href":"https:\/\/api.w.org\/{rel}","templated":true}]}}