{"id":24104,"date":"2020-03-31T11:32:47","date_gmt":"2020-03-31T11:32:47","guid":{"rendered":"http:\/\/granadacostanacional.es\/?p=24104"},"modified":"2020-03-31T11:32:47","modified_gmt":"2020-03-31T11:32:47","slug":"colabora-enviando-dibujos-poemas-textos-cartas-para-animar-a-las-personas-que-nos-cuidan","status":"publish","type":"post","link":"https:\/\/granadacostaglobal.es\/?p=24104","title":{"rendered":"colabora enviando dibujos&#8230; poemas&#8230; textos&#8230; cartas para animar a las personas que nos cuidan"},"content":{"rendered":"<p style=\"text-align: justify;\">El aula Hospitalaria de Arnau de Vilanova de Lleida\u00a0 anima los ni\u00f1os y adolescentes de toda Espa\u00f1a\u00a0 a enviar dibujos y textos para los pacientes y personas que nos cuidan.<\/p>\n<p style=\"text-align: justify;\">[yotuwp type=&#8221;videos&#8221; id=&#8221;EqMskB8jj_4&#8243; ]<\/p>\n<p style=\"text-align: justify;\">\n<p style=\"text-align: justify;\">El aula Hospitalaria Dr. Antoni\u00a0Cambrod\u00ed\u00a0del Hospital Universitario Arnau de Vilanova de Lleida ha puesto en marcha una campa\u00f1a de recogida de dibujos y cartas entre los ni\u00f1os y adolescentes para dar \u00e1nimos a los pacientes ingresados y a los profesionales sanitarios y luchar as\u00ed juntos contra el\u00a0coronavirus.<\/p>\n<p style=\"text-align: justify;\">\u201cEsta iniciativa nace en unas circunstancias muy especiales y en unos momentos muy dif\u00edciles para todo el mundo\u201d, afirma la doctora\u00a0To\u00f1y\u00a0Castillo, coordinadora del proyecto desde el aula Hospitalaria Dr. antoni Cambrodi del Hospital Universitario\u00a0 de Arnau de Vilanova. \u201cQueremos que los ni\u00f1os y ni\u00f1as y adolescentes de todas las escuelas e institutos nos env\u00eden dibujos, poemas, textos o videos para los pacientes ingresados y para los profesionales sanitarios, para aportarlos calor y esperanza con sus creaciones\u201d.<\/p>\n<p>El aula Hospitalaria ha habilitado el correo electr\u00f3nico:\u00a0<strong>aulahospitalarialleida@gmail.com<\/strong><\/p>\n<p>Para recoger todas las propuestas y ha colgado un video en las redes sociales para animar todo el mundo a participar de esta iniciativa.<\/p>\n<p><a href=\"http:\/\/granadacostanacional.es\/wp-content\/uploads\/2020\/03\/IMG_4339.jpg\"><img decoding=\"async\" loading=\"lazy\" class=\"alignnone size-medium wp-image-24163\" src=\"http:\/\/granadacostanacional.es\/wp-content\/uploads\/2020\/03\/IMG_4339-300x210.jpg\" alt=\"IMG_4339\" width=\"300\" height=\"210\" \/><\/a> <a href=\"http:\/\/granadacostanacional.es\/wp-content\/uploads\/2020\/03\/IMG_20200316_174832-1.jpg\"><img decoding=\"async\" loading=\"lazy\" class=\"alignnone size-medium wp-image-24164\" src=\"http:\/\/granadacostanacional.es\/wp-content\/uploads\/2020\/03\/IMG_20200316_174832-1-300x225.jpg\" alt=\"IMG_20200316_174832 (1)\" width=\"300\" height=\"225\" \/><\/a><\/p>\n<p>Lleida, 31 de marzo de 202o<\/p>\n","protected":false},"excerpt":{"rendered":"<p>El aula Hospitalaria de Arnau de Vilanova de Lleida\u00a0 anima los ni\u00f1os y adolescentes de toda Espa\u00f1a\u00a0 a enviar dibujos&hellip;<\/p>\n","protected":false},"author":4,"featured_media":24106,"comment_status":"open","ping_status":"open","sticky":false,"template":"","format":"standard","meta":{"om_disable_all_campaigns":false,"_mi_skip_tracking":false,"_monsterinsights_sitenote_active":false,"_monsterinsights_sitenote_note":"","_monsterinsights_sitenote_category":0,"footnotes":""},"categories":[25,36,21,35,48,22,19,30],"tags":[],"aioseo_notices":[],"_links":{"self":[{"href":"https:\/\/granadacostaglobal.es\/index.php?rest_route=\/wp\/v2\/posts\/24104"}],"collection":[{"href":"https:\/\/granadacostaglobal.es\/index.php?rest_route=\/wp\/v2\/posts"}],"about":[{"href":"https:\/\/granadacostaglobal.es\/index.php?rest_route=\/wp\/v2\/types\/post"}],"author":[{"embeddable":true,"href":"https:\/\/granadacostaglobal.es\/index.php?rest_route=\/wp\/v2\/users\/4"}],"replies":[{"embeddable":true,"href":"https:\/\/granadacostaglobal.es\/index.php?rest_route=%2Fwp%2Fv2%2Fcomments&post=24104"}],"version-history":[{"count":0,"href":"https:\/\/granadacostaglobal.es\/index.php?rest_route=\/wp\/v2\/posts\/24104\/revisions"}],"wp:featuredmedia":[{"embeddable":true,"href":"https:\/\/granadacostaglobal.es\/index.php?rest_route=\/"}],"wp:attachment":[{"href":"https:\/\/granadacostaglobal.es\/index.php?rest_route=%2Fwp%2Fv2%2Fmedia&parent=24104"}],"wp:term":[{"taxonomy":"category","embeddable":true,"href":"https:\/\/granadacostaglobal.es\/index.php?rest_route=%2Fwp%2Fv2%2Fcategories&post=24104"},{"taxonomy":"post_tag","embeddable":true,"href":"https:\/\/granadacostaglobal.es\/index.php?rest_route=%2Fwp%2Fv2%2Ftags&post=24104"}],"curies":[{"name":"wp","href":"https:\/\/api.w.org\/{rel}","templated":true}]}}