{"id":24038,"date":"2020-03-22T12:26:15","date_gmt":"2020-03-22T12:26:15","guid":{"rendered":"http:\/\/granadacostanacional.es\/?p=24038"},"modified":"2020-03-22T12:26:15","modified_gmt":"2020-03-22T12:26:15","slug":"maria-jesus-sarmiento-coordinadora-en-el-bierzo-e-impulsora-del-campeonato-de-poesia","status":"publish","type":"post","link":"https:\/\/granadacostaglobal.es\/?p=24038","title":{"rendered":"Mar\u00eda Jes\u00fas Sarmiento, coordinadora en El bierzo e impulsora del campeonato de poes\u00eda"},"content":{"rendered":"<p style=\"text-align: justify;\">Reunido el Consejo de Direcci\u00f3n del Proyecto Nacional de Cultura Granada Costa el pasado 17 de marzo, a petici\u00f3n de su Presidente Jos\u00e9 Segura, aprob\u00f3 por unanimidad nombrar coordinadora cultural para la Comarca de El Bierzo, a Mar\u00eda Jes\u00fas Sarmiento Carujo, residente en el Lillo del Bierzo, anejo de la ciudad de Fabero, con los objetivos que nos hemos marcado en cuanto a la implantaci\u00f3n de nuestro Proyecto en el territorio nacional.<\/p>\n<h3 style=\"text-align: justify;\"><strong><u>Datos biogr\u00e1ficos de Mar\u00eda Jes\u00fas:<\/u><\/strong><\/h3>\n<p style=\"text-align: justify;\">Naci\u00f3 en Ponferrada y a los dos a\u00f1os se traslad\u00f3 a Fabero con sus padres, buscando estos mejorar la econom\u00eda familiar. De ni\u00f1a destacaba su tranquilidad, obediencia y amor hacia los dem\u00e1s, siendo la mayor de dos hermanos de una familia sencilla y trabajadora. En su familia reinaba el amor y la felicidad, junto a otros valores. Realiz\u00f3 los estudios necesarios de la \u00e9poca, dado que en aquel entonces no todo el mundo pod\u00eda estudiar. Tiene el t\u00edtulo de Modista y trabaj\u00f3 desde casa, ocup\u00e1ndose al mismo tiempo de las tareas dom\u00e9sticas. Su vida ha sido tranquila y acomodada, de la cual han surgido un hijo y una nieta.<\/p>\n<p style=\"text-align: justify;\">Siempre le ha gustado escribir, en prosa y en poes\u00eda, al igual que disfrutar de sus otras aficiones, como leer, viajar y aprovechar\u00a0lo que le ofrece cada momento.<\/p>\n<p style=\"text-align: justify;\">Hace 4 a\u00f1os, a trav\u00e9s del programa de radio musical y po\u00e9tico, <em>Cita con Luna<\/em>, de Paquita Pedros, se anim\u00f3 a participar en retos po\u00e9ticos y se hizo patente que la poes\u00eda es algo que le llena, poniendo sentimiento y coraz\u00f3n, algo que la transforma cada d\u00eda. Como ella misma dice, vive la poes\u00eda.<\/p>\n<p style=\"text-align: justify;\">Ha participado en varias Antolog\u00edas y Cert\u00e1menes, ganando algunos de ellos. Por ejemplo, la Antolog\u00eda Po\u00e9tica Navide\u00f1a del programa Cita con Luna, Antolog\u00eda de Escribas, de M de La Gandara, Antolog\u00eda de Hacedor de Sue\u00f1os, entre otras. Este pasado febrero particip\u00f3 en el campeonato de poes\u00edas celebrado por el Proyecto Nacional de Cultura Granada Costa en el Hotel Miguel \u00c1ngel de Madrid.<\/p>\n<p style=\"text-align: justify;\">Tiene en mente participar en varios eventos este a\u00f1o y publicar un libro de poemas, al igual que otro de novela rom\u00e1ntica. Todo un sue\u00f1o que se empieza a cumplir en su vida, ser le\u00edda y conocida.<\/p>\n<p style=\"text-align: justify;\">Mar\u00eda Jes\u00fas ha sido la impulsora del \u00faltimo campeonato que el Proyecto de Cultura Granada Costa ha dado a conocer, y que se celebrar\u00e1 en la ciudad de Fabero (Le\u00f3n), el pr\u00f3ximo 20 de junio. Este campeonato se organiza en colaboraci\u00f3n con la Concejal\u00eda de Cultura de Fabero, en homenaje a la miner\u00eda.<\/p>\n<p style=\"text-align: justify;\"><span style=\"text-decoration: underline;\"><strong>La historia de la miner\u00eda en la Cuenca de Fabero<\/strong><\/span> es algo digno de contar.\u00a0Roberto Mat\u00edas Rodr\u00edguez, en el V Congreso Internacional de Patrimonio Geol\u00f3gico y Minero, expresaba de la siguiente manera lo que supuso la miner\u00eda en Fabero:<\/p>\n<p style=\"text-align: justify;\"><em>\u201cLas especiales connotaciones que ha tenido la miner\u00eda del carb\u00f3n en la Cuenca de Fabero hacen de su singular historia una de las epopeyas m\u00e1s apasionantes de la miner\u00eda del carb\u00f3n espa\u00f1ola. La conjunci\u00f3n de unos factores geol\u00f3gicos favorables y el notable esfuerzo empresarial y humano invertido en las explotaciones mineras a lo largo de m\u00e1s de 150 a\u00f1os de actividad hicieron de la miner\u00eda del carb\u00f3n la principal fuente de recursos de esta zona, anteriormente de tradici\u00f3n agr\u00edcola y ganadera.<\/em><\/p>\n<p style=\"text-align: justify;\"><em>Estas circunstancias son las que han dotado a la miner\u00eda de Fabero de un marcado car\u00e1cter, en el que hay que destacar la introducci\u00f3n pionera de importantes innovaciones tecnol\u00f3gicas a nivel nacional y el asentamiento estable de una poblaci\u00f3n inmigrante procedente en su mayor\u00eda de distintos puntos de la geograf\u00eda espa\u00f1ola, como Galicia o Extremadura, y tambi\u00e9n, en buena medida, de las provincias del norte de Portugal (Tras os Montes).<\/em><\/p>\n<p style=\"text-align: justify;\"><em>Con el despegue de la actividad minera a partir de 1920, la mina y los mineros, en el devenir de los tiempos, se integran r\u00e1pidamente en el entorno inicialmente agr\u00edcola de Fabero para terminar imponi\u00e9ndose sobre los dem\u00e1s aspectos socioecon\u00f3micos. Aunque actualmente la actividad minera en la Cuenca de Fabero ha quedado relegada nada m\u00e1s a la explotaci\u00f3n a cielo abierto de la \u201cGran Corta\u201d, todo lo que hoy podemos contemplar en esta localidad de tradici\u00f3n minera es la huella imborrable que la miner\u00eda ha dejado grabada a fuego tanto en el medio f\u00edsico como en sus gentes.\u201d<\/em><\/p>\n<p><a href=\"http:\/\/granadacostanacional.es\/wp-content\/uploads\/2019\/03\/logo-Academia-web.jpg\"><img decoding=\"async\" loading=\"lazy\" class=\"aligncenter size-medium wp-image-20268\" src=\"http:\/\/granadacostanacional.es\/wp-content\/uploads\/2019\/03\/logo-Academia-web-300x174.jpg\" alt=\"logo Academia web\" width=\"300\" height=\"174\" \/><\/a><\/p>\n<p style=\"text-align: center;\"><strong>BASES DE LA COMPETICI\u00d3N<\/strong><\/p>\n<ol>\n<li style=\"text-align: justify;\">La poes\u00eda que se recite o declame tendr\u00e1 que ser de la autor\u00eda del participante, con un m\u00e1ximo de 60 versos. No es obligatorio que la poes\u00eda se acoja a m\u00e9trica, pero tendr\u00e1 que estar dedicada a la miner\u00eda.<\/li>\n<li style=\"text-align: justify;\">Para poder participar tendr\u00e1n que mandar con anterioridad el poema a trav\u00e9s de correo electr\u00f3nico a la siguiente direcci\u00f3n: <a href=\"mailto:fundacion@granadacosta.net\">fundacion@granadacosta.net<\/a>. El plazo de inscripci\u00f3n termina el 15 de junio de 2020. Tendr\u00e1n que incluir su nombre completo, localidad de origen y tel\u00e9fono de contacto.<\/li>\n<li style=\"text-align: justify;\">Todos los participantes tendr\u00e1n que recitar el poema anteriormente mandado, sin poder efectuar ning\u00fan cambio.<\/li>\n<li style=\"text-align: justify;\">Los premios son los siguientes:\n<ol>\n<li>El primer premiado recibir\u00e1 una copa m\u00e1s la edici\u00f3n de un libro de 100 p\u00e1ginas, con una tirada de 100 ejemplares.<\/li>\n<li>Habr\u00e1 tres finalistas, que recibir\u00e1n diploma de reconocimiento y compartir\u00e1n un libro con poemas de los tres, reparti\u00e9ndose treinta p\u00e1ginas cada uno y recibiendo treinta ejemplares de regalo.<\/li>\n<li>Todos los participantes recibir\u00e1n diploma de haber participado en este campeonato.<\/li>\n<\/ol>\n<\/li>\n<li style=\"text-align: justify;\">El Proyecto de Cultura nombrar\u00e1 un jurado de prestigio para evaluar tanto el poema como la interpretaci\u00f3n.<\/li>\n<li style=\"text-align: justify;\">El lugar de celebraci\u00f3n ser\u00e1 el Sal\u00f3n de la Casa de la Cultura de Fabero (Plaza Profesor Eloy Terr\u00f3n, s\/n, 24420, Fabero, Le\u00f3n). La fecha elegida para la celebraci\u00f3n es el s\u00e1bado 20 de junio de 2020, a partir de las 18:00 horas.<\/li>\n<li style=\"text-align: justify;\">Este certamen se realiza en colaboraci\u00f3n con la Concejal\u00eda de Cultura del Ayuntamiento de Fabero, y tanto organizaci\u00f3n como participantes, a trav\u00e9s de la Concejal\u00eda, disfrutar\u00e1n de una Ruta Tur\u00edstica en horario de 10:30 h. a 13:30 h.<\/li>\n<li style=\"text-align: justify;\">Finalizado el certamen, se dar\u00e1n a conocer los ganadores ese mismo d\u00eda. Mientras que el jurado realiza las deliberaciones, tendremos un espect\u00e1culo de copla con la cantante nacional Inmaculada Rej\u00f3n, que presentar\u00e1 su \u00faltimo trabajo con el t\u00edtulo \u201cEstrellas\u201d.<\/li>\n<\/ol>\n<p style=\"text-align: justify;\">Para m\u00e1s informaci\u00f3n, pueden ponerse en contacto con el Proyecto de Cultura Granada Costa a trav\u00e9s del correo electr\u00f3nico <a href=\"mailto:fundacion@granadacosta.net\">fundacion@granadacosta.net<\/a> o el tel\u00e9fono 958 62 64 73.<\/p>\n<p>&nbsp;<\/p>\n<p>&nbsp;<\/p>\n<p style=\"text-align: right;\"><strong>Redacci\u00f3n Granada Costa<\/strong><\/p>\n","protected":false},"excerpt":{"rendered":"<p>Reunido el Consejo de Direcci\u00f3n del Proyecto Nacional de Cultura Granada Costa el pasado 17 de marzo, a petici\u00f3n de&hellip;<\/p>\n","protected":false},"author":3,"featured_media":24039,"comment_status":"open","ping_status":"open","sticky":false,"template":"","format":"standard","meta":{"om_disable_all_campaigns":false,"_mi_skip_tracking":false,"_monsterinsights_sitenote_active":false,"_monsterinsights_sitenote_note":"","_monsterinsights_sitenote_category":0,"footnotes":""},"categories":[21,22],"tags":[],"aioseo_notices":[],"_links":{"self":[{"href":"https:\/\/granadacostaglobal.es\/index.php?rest_route=\/wp\/v2\/posts\/24038"}],"collection":[{"href":"https:\/\/granadacostaglobal.es\/index.php?rest_route=\/wp\/v2\/posts"}],"about":[{"href":"https:\/\/granadacostaglobal.es\/index.php?rest_route=\/wp\/v2\/types\/post"}],"author":[{"embeddable":true,"href":"https:\/\/granadacostaglobal.es\/index.php?rest_route=\/wp\/v2\/users\/3"}],"replies":[{"embeddable":true,"href":"https:\/\/granadacostaglobal.es\/index.php?rest_route=%2Fwp%2Fv2%2Fcomments&post=24038"}],"version-history":[{"count":0,"href":"https:\/\/granadacostaglobal.es\/index.php?rest_route=\/wp\/v2\/posts\/24038\/revisions"}],"wp:featuredmedia":[{"embeddable":true,"href":"https:\/\/granadacostaglobal.es\/index.php?rest_route=\/"}],"wp:attachment":[{"href":"https:\/\/granadacostaglobal.es\/index.php?rest_route=%2Fwp%2Fv2%2Fmedia&parent=24038"}],"wp:term":[{"taxonomy":"category","embeddable":true,"href":"https:\/\/granadacostaglobal.es\/index.php?rest_route=%2Fwp%2Fv2%2Fcategories&post=24038"},{"taxonomy":"post_tag","embeddable":true,"href":"https:\/\/granadacostaglobal.es\/index.php?rest_route=%2Fwp%2Fv2%2Ftags&post=24038"}],"curies":[{"name":"wp","href":"https:\/\/api.w.org\/{rel}","templated":true}]}}