{"id":24005,"date":"2020-03-17T11:30:55","date_gmt":"2020-03-17T11:30:55","guid":{"rendered":"http:\/\/granadacostanacional.es\/?p=24005"},"modified":"2020-03-17T11:30:55","modified_gmt":"2020-03-17T11:30:55","slug":"diecinueve-presos-han-realizado-el-curso-de-formacion-vial-para-conseguir-el-permiso-de-conducir-en-la-carcel-de-albolote","status":"publish","type":"post","link":"https:\/\/granadacostaglobal.es\/?p=24005","title":{"rendered":"Diecinueve presos han realizado el curso de formaci\u00f3n vial para conseguir el permiso de conducir en la c\u00e1rcel de Albolote"},"content":{"rendered":"<p style=\"text-align: justify;\"><strong><u>Tras la renovaci\u00f3n de la campa\u00f1a de educaci\u00f3n vial en Centros Penitenciarios el pasado mes de julio, algunos de los reclusos ya han finalizado la formaci\u00f3n te\u00f3rica<\/u><\/strong><\/p>\n<ul style=\"text-align: justify;\">\n<li>200 internos en el pa\u00eds, lo que supone casi un 3% del total de la poblaci\u00f3n presidiaria en Espa\u00f1a, est\u00e1n recluidos por delitos relacionados con la Seguridad del Tr\u00e1fico.<\/li>\n<li>Gracias a la formaci\u00f3n vial impartida por la Autoescuela San Francisco, 17 presos del penal provincial han conseguido obtener la formaci\u00f3n te\u00f3rica necesaria para optar al permiso de conducir.<\/li>\n<li>Durante la campa\u00f1a, todos los reclusos han presenciado testimonios de v\u00edctimas de accidentes de tr\u00e1fico, lo que ha contribuido a generar mayor concienciaci\u00f3n social.<\/li>\n<\/ul>\n<p style=\"text-align: justify;\">\n<p style=\"text-align: justify;\"><strong><u>Granada 17 de marzo de 2020<\/u><\/strong><strong>.<\/strong> El pasado mes de julio, CNAE e Instituciones Penitenciarias firmaron un acuerdo mediante el que se proced\u00eda a la renovaci\u00f3n de la campa\u00f1a de universalizaci\u00f3n de la educaci\u00f3n vial en Centros Penitenciarios de toda Espa\u00f1a. Gracias a este programa,<strong> 19 presos de la c\u00e1rcel de Albolote (Granada) han cursado la formaci\u00f3n te\u00f3rica del permiso B de conducir, de los cuales 17 han aprobado<\/strong> la formaci\u00f3n te\u00f3rica necesaria para la obtenci\u00f3n del carn\u00e9 de conducir.<\/p>\n<p style=\"text-align: justify;\">\n<p style=\"text-align: justify;\">El responsable de la formaci\u00f3n vial en este penal de Granada, Antonio Maldonado de la Autoescuela San Francisco, tambi\u00e9n ha impartido el <strong>curso de recuperaci\u00f3n de puntos.<\/strong> En este se han presentado y aprobado 8 reclusos. Adem\u00e1s, tambi\u00e9n se ha llevado a cabo la formaci\u00f3n te\u00f3rica para la obtenci\u00f3n del permiso A2, con el cual se pueden conducir motos de cualquier cilindrada y con una potencia m\u00e1xima de 48 CV. A esta prueba se han presentado 16 reclusos y han aprobado 14.<\/p>\n<p style=\"text-align: justify;\">\n<p style=\"text-align: justify;\">La finalidad principal de esta iniciativa es contribuir a la reinserci\u00f3n de los prisioneros. Esta tuvo su primera edici\u00f3n en el a\u00f1o 2010 y en ella participan, adem\u00e1s de <strong>CNAE<\/strong> la <strong>Direcci\u00f3n General de Tr\u00e1fico<\/strong> (DGT) la Fiscal\u00eda de Seguridad Vial, el Real Autom\u00f3vil Club de Espa\u00f1a <strong>(RACE)<\/strong> y la Asociaci\u00f3n Espa\u00f1ola de Centros M\u00e9dicos-Psicot\u00e9cnicos <strong>(ASECEMP), <\/strong>entre otras.<\/p>\n<p style=\"text-align: justify;\">\n<p style=\"text-align: justify;\">Durante la formaci\u00f3n, los alumnos tambi\u00e9n han sido testigos de diferentes testimonios de v\u00edctimas en accidentes de tr\u00e1fico, lo que ha <strong>contribuido a generar una mayor conciencia social en materia de seguridad vial.<\/strong><\/p>\n<p style=\"text-align: justify;\">\n<p style=\"text-align: justify;\">En abril de 2019, la Administraci\u00f3n dio a conocer que en Espa\u00f1a 1.200 internos estaban en la c\u00e1rcel por delitos relacionados con la Seguridad del Tr\u00e1fico, lo que supone un <strong>2,3 % del total de la poblaci\u00f3n reclusa<\/strong>. Los prisioneros que no estaban inscritos en este programa tambi\u00e9n han participado en las sesiones de concienciaci\u00f3n por la seguridad vial.<\/p>\n<p style=\"text-align: justify;\">\n<p style=\"text-align: justify;\">El responsable de formar a los internos que no dispon\u00edan del permiso de conducir ha sido <strong>Antonio Maldonado de la Autoescuela San Francisco<\/strong>, quien afirma que, <em>\u201c<\/em><em>Durante el tiempo en el que se ha desarrollado la formaci\u00f3n, los alumnos han mostrado un <strong>inter\u00e9s real por ampliar sus conocimientos sobre seguridad vial.<\/strong> Ha sido una experiencia muy enriquecedora, para m\u00ed como profesor, y asegurar\u00eda que tambi\u00e9n para ellos<\/em>\u201d. Uno de los aspectos m\u00e1s valorados por Antonio ha sido, sin lugar a dudas, uno \u201c<em>darles la oportunidad de obtener el permiso de conducir contribuye de forma muy positiva en su reinserci\u00f3n. Muchos de ellos, <strong>se mostraban realmente conmovidos al escuchar los testimonios de aquellas personas v\u00edctimas de accidentes de tr\u00e1fico<\/strong>\u201d<\/em><\/p>\n<p style=\"text-align: justify;\">Por su parte, <strong>Enrique Lorca<\/strong>, el nuevo presidente de la Confederaci\u00f3n Nacional de Autoescuelas, afirma que \u201c<em>Contribuir con la reinserci\u00f3n de los presos es lo que m\u00e1s nos impulsa a seguir apostando por esta iniciativa. Desde CNAE estamos seguros de que la obtenci\u00f3n del permiso de conducir <\/em><em>incrementa las probabilidades de encontrar un empleo, lo que es fundamental para que los reclusos que han abandonado la prisi\u00f3n por haber cumplido su condena hallen un lugar en la sociedad y normalicen sus vidas<\/em>\u201d.<\/p>\n<p style=\"text-align: justify;\">\n<p style=\"text-align: justify;\">La formaci\u00f3n te\u00f3rica es gratuita; no as\u00ed la formaci\u00f3n pr\u00e1ctica y la tasa de examen, que corren por cuenta del recluso.<\/p>\n<p style=\"text-align: justify;\"><strong>\u00a0<\/strong><\/p>\n<p style=\"text-align: justify;\"><strong>Sobre CNAE<\/strong><\/p>\n<p style=\"text-align: justify;\">La <a href=\"https:\/\/www.cnae.com\/index.aspx\">Confederaci\u00f3n Nacional de Autoescuelas<\/a> (<a href=\"https:\/\/www.cnae.com\/\">CNAE<\/a>) naci\u00f3 en el a\u00f1o 1961 para aglutinar al sector de las escuelas particulares de conductores e impulsar su actividad y su imagen p\u00fablica. En la actualidad cuenta con 58 asociaciones provinciales, regionales y locales repartidas por todo el pa\u00eds.<\/p>\n<p style=\"text-align: justify;\">\n<p style=\"text-align: right;\">Noticia proporcionada por:<\/p>\n<p style=\"text-align: right;\">Abascal Comunicaci\u00f3n<\/p>\n<p style=\"text-align: right;\">Jes\u00fas \u00c1lvarez<\/p>\n<p style=\"text-align: right;\">Roc\u00edo Torija<\/p>\n","protected":false},"excerpt":{"rendered":"<p>Tras la renovaci\u00f3n de la campa\u00f1a de educaci\u00f3n vial en Centros Penitenciarios el pasado mes de julio, algunos de los&hellip;<\/p>\n","protected":false},"author":3,"featured_media":24006,"comment_status":"open","ping_status":"open","sticky":false,"template":"","format":"standard","meta":{"om_disable_all_campaigns":false,"_mi_skip_tracking":false,"_monsterinsights_sitenote_active":false,"_monsterinsights_sitenote_note":"","_monsterinsights_sitenote_category":0,"footnotes":""},"categories":[35,22],"tags":[],"aioseo_notices":[],"_links":{"self":[{"href":"https:\/\/granadacostaglobal.es\/index.php?rest_route=\/wp\/v2\/posts\/24005"}],"collection":[{"href":"https:\/\/granadacostaglobal.es\/index.php?rest_route=\/wp\/v2\/posts"}],"about":[{"href":"https:\/\/granadacostaglobal.es\/index.php?rest_route=\/wp\/v2\/types\/post"}],"author":[{"embeddable":true,"href":"https:\/\/granadacostaglobal.es\/index.php?rest_route=\/wp\/v2\/users\/3"}],"replies":[{"embeddable":true,"href":"https:\/\/granadacostaglobal.es\/index.php?rest_route=%2Fwp%2Fv2%2Fcomments&post=24005"}],"version-history":[{"count":0,"href":"https:\/\/granadacostaglobal.es\/index.php?rest_route=\/wp\/v2\/posts\/24005\/revisions"}],"wp:featuredmedia":[{"embeddable":true,"href":"https:\/\/granadacostaglobal.es\/index.php?rest_route=\/"}],"wp:attachment":[{"href":"https:\/\/granadacostaglobal.es\/index.php?rest_route=%2Fwp%2Fv2%2Fmedia&parent=24005"}],"wp:term":[{"taxonomy":"category","embeddable":true,"href":"https:\/\/granadacostaglobal.es\/index.php?rest_route=%2Fwp%2Fv2%2Fcategories&post=24005"},{"taxonomy":"post_tag","embeddable":true,"href":"https:\/\/granadacostaglobal.es\/index.php?rest_route=%2Fwp%2Fv2%2Ftags&post=24005"}],"curies":[{"name":"wp","href":"https:\/\/api.w.org\/{rel}","templated":true}]}}