{"id":23993,"date":"2020-03-16T16:44:26","date_gmt":"2020-03-16T16:44:26","guid":{"rendered":"http:\/\/granadacostanacional.es\/?p=23993"},"modified":"2020-03-16T16:44:26","modified_gmt":"2020-03-16T16:44:26","slug":"soledad-martinez-gonzalez-duarte-escritora-poeta-actriz-y-brillante-declamadora","status":"publish","type":"post","link":"https:\/\/granadacostaglobal.es\/?p=23993","title":{"rendered":"SOLEDAD MART\u00cdNEZ GONZ\u00c1LEZ \u2013 DUARTE ESCRITORA, POETA, ACTRIZ Y BRILLANTE DECLAMADORA"},"content":{"rendered":"<p style=\"text-align: justify;\">Mis estimados lectores hoy quiero presentaros a mi amiga Soledad, es generosa, muy humana e intelectual, y entre muchas cosas es defensora de las\u00a0artes creativas, es actriz, declamadora, as\u00ed como escritora, tambi\u00e9n es una gran defensora de los derechos humanos y de la naturaleza.<\/p>\n<p style=\"text-align: justify;\">Conocer a Soledad fue un privilegio para m\u00ed, esta entrevista m\u00e1s que una entrevista es un relato e historia sorprendente de su vida.<\/p>\n<p style=\"text-align: justify;\">Soledad y yo somos amigas y nos resulta hasta divertido no recordar c\u00f3mo nos conocimos, es cierto que tenemos una ligera idea, se puede decir que coincidimos en muchas de las actividades creativas, as\u00ed como humanas que realizamos entre s\u00ed.<\/p>\n<p style=\"text-align: justify;\">De su mano recib\u00ed uno de los diplomas m\u00e1s bellos e importantes de mi vida por lo que este diploma representa.<\/p>\n<p style=\"text-align: justify;\"><strong>1\u00aa Soledad, me gustar\u00eda comenzar pregunt\u00e1ndote por tus ra\u00edces familiares <\/strong><\/p>\n<p style=\"text-align: justify;\">Tuve unos padres magn\u00edficos, mi madre dedicada al hogar, como era normal en aquellos tiempos. Hija de un gran empresario con f\u00e1bricas que daba empleo a mucha gente, en Murcia y en Mendoza, (Argentina), donde viajaba con toda la familia una vez al a\u00f1o qued\u00e1ndose all\u00ed durante varios meses para inspeccionar el negocio. Mi madre, Manuela Gonz\u00e1lez Duarte, tercera hija del matrimonio, naci\u00f3 en el pa\u00eds argentino, en Mendoza, durante la estancia de la familia en uno de esos viajes. Emparentada por parte materna con Eva Duarte de Per\u00f3n, pues mi abuela era prima del padre de Eva, quien tambi\u00e9n era de Murcia.<\/p>\n<p style=\"text-align: justify;\">Mi padre, Juan Mart\u00ednez Casanova, estudioso incansable, matem\u00e1tico de alt\u00edsimo nivel, militar, Teniente Armero de carrera a los 21 a\u00f1os. Inventor de m\u00e1quinas diversas, -envolver caramelos, pelar almendras, creador del Caramelo completo del Licor 43 y otras muchas que yo ni s\u00e9 cu\u00e1les son-. El invento de mi padre se encuentra en el museo.\u00a0 Con reconocimiento especial de dicha empresa del\u00a0Licor 43 con homenaje y placa de plata concedida a sus hijos:<\/p>\n<p style=\"text-align: justify;\">A JUAN MART\u00cdNEZ CASANOVA<\/p>\n<p style=\"text-align: justify;\">\u201cEl gran inventor\u201d Creador de la m\u00e1quina de caramelos del Licor 43<\/p>\n<p style=\"text-align: justify;\">1910-1990<\/p>\n<p style=\"text-align: justify;\">Mi padre dec\u00eda, que todo lo que otro hombre pudiera\u00a0hacer, \u00e9l tambi\u00e9n. Lo hac\u00eda todo, nada era imposible para \u00e9l, as\u00ed lo demostr\u00f3 durante toda su vida.<\/p>\n<p style=\"text-align: justify;\">\n<p style=\"text-align: justify;\">\n<p style=\"text-align: justify;\">\n<p style=\"text-align: justify;\">\n<p style=\"text-align: justify;\">\n<p style=\"text-align: justify;\"><strong>2\u00aa Donde pasaste tu ni\u00f1ez<\/strong><\/p>\n<p style=\"text-align: justify;\">\u00a0Mi ni\u00f1ez fue maravillosa, con un par\u00e9ntesis de los 2 a los cuatro a\u00f1os, que por enfermedad de mi hermano mayor, en aquellos tiempos incurable, y por la total dedicaci\u00f3n que mi madre ten\u00eda con \u00e9l, hubo de dejarme con\u00a0su hermano y\u00a0esposa reci\u00e9n casados y que me acogieron con mucha ilusi\u00f3n, pero\u00a0claro, a un beb\u00e9 de dos a\u00f1os si lo separas de su madre\u00a0se siente abandonado y no lo puede entender, truncas su felicidad y seguridad. Recuerdo cuando mi madre iba a verme que me abrazaba a ella y no quer\u00eda que se fuera. Mi otro hermano durante ese tiempo vivi\u00f3 con la hermana de mi madre y su esposo.<\/p>\n<p style=\"text-align: justify;\">Cuando muri\u00f3 mi hermano, volv\u00ed a casa, ten\u00eda cuatro a\u00f1os, qu\u00e9 feliz me sent\u00eda, mi casa era de ensue\u00f1o, eran viviendas pareadas, formando las calles de toda la barriada \u201cCuatro Santos\u201d con un porche en la entrada y un patio en la parte interior, donde, en una parte de \u00e9l, mi padre criaba conejos, pollos y gallinas que hac\u00edan mis delicias mirarlos. Tambi\u00e9n plantaba frutales, una parra frondosa y flores, rosas preciosas. El resto era para juegos de mi hermano Juanito, mayor que yo y m\u00edo. Por las tardes, despu\u00e9s del colegio, todas las vecinas se sentaban en los porches haciendo encajes de bolillos, cosiendo o simplemente hablando y, por las noches, contando historias. Tengo un poema dedicado a mi patio:<\/p>\n<p style=\"text-align: justify;\">\u201cEL PATIO AQU\u00c9L DE MI CASA\u201d<\/p>\n<p style=\"text-align: justify;\">Er todo como un sue\u00f1o \/ y en el sue\u00f1o lo so\u00f1aba\/ cuando el tiempo era pasado. \/ Era todo como un sue\u00f1o, \/ el aire, el entorno\u2026era todo. \/ Comenzaba mi vida.<\/p>\n<p style=\"text-align: justify;\">Mi casa, la de mi infancia,\/ que nunca podr\u00e9 olvidar,\/ con su porche solariego,\/ verde tierra, sol y estrellas,\/ as\u00ed era aqu\u00e9l lugar.\/ \u00a1Qu\u00e9 feliz me sent\u00eda yo\/ con las cosas m\u00e1s peque\u00f1as\u00a1\/ \u00a1El patio aqu\u00e9l de mi casa\u00a1\/ enredaderas y parras,\/ sublime ensimismamiento\/ aumentando cada d\u00eda.\/ Flores, rosas y jazmines\/ recubriendo las paredes, \/ serpenteando caminos.\/ Aquellas puertas se abr\u00edan\/ para que pisara yo.\/ \u00a1Oh maravilla del mundo\u00a1\/ aqu\u00e9l era mi rinc\u00f3n.\/ Un para\u00edso de magia\/ yo viv\u00eda o yo so\u00f1aba.\/ Era tan grande ese patio\/ en mi loca fantas\u00eda,\/ que el mundo cab\u00eda en \u00e9l\/ y yo, el mundo pose\u00eda.<\/p>\n<p style=\"text-align: justify;\">\u00a0\u00a0\u00a0\u00a0\u00a0\u00a0\u00a0\u00a0\u00a0\u00a0\u00a0\u00a0\u00a0\u00a0\u00a0\u00a0\u00a0\u00a0\u00a0\u00a0\u00a0\u00a0\u00a0\u00a0\u00a0\u00a0\u00a0\u00a0\u00a0\u00a0\u00a0\u00a0\u00a0\u00a0\u00a0\u00a0\u00a0\u00a0\u00a0\u00a0\u00a0\u00a0\u00a0\u00a0\u00a0\u00a0\u00a0\u00a0\u00a0\u00a0\u00a0\u00a0\u00a0\u00a0\u00a0\u00a0 *************<\/p>\n<p style=\"text-align: justify;\"><strong>3\u00aa Como eran tus amigos:<\/strong><\/p>\n<p style=\"text-align: justify;\">\u00a0En aquel tiempo eran s\u00f3lo amigas, colegio de ni\u00f1as y, los chicos iban detr\u00e1s, sabiendo que iban, pero sin hacerles caso. Mis amigas, Julia, Anto\u00f1ita y yo, siempre juntas, a todas partes, toda la vida hemos vivido la amistad y al d\u00eda de hoy seguimos siendo amigas. Julia, lamentablemente muri\u00f3 de c\u00e1ncer de mama a los 39 a\u00f1os. Fue un golpe muy duro. A nuestro grupo de tres despu\u00e9s se un\u00edan otras y el grupo se ampliaba.\u00a0De mis amigas y juegos tengo otro poema:<\/p>\n<p style=\"text-align: justify;\">\n<p style=\"text-align: justify;\"><strong>\u00a0\u00a0\u00a0 CARTA A UNA AMIGA QUE SE FUE<\/strong><\/p>\n<p style=\"text-align: justify;\">\u00a0\u00a0\u00a0\u00a0 IN MEMORIAm. Dedicado a mi amiga Julia Garc\u00eda Ros<\/p>\n<p style=\"text-align: justify;\">Mi siempre querida amiga\u2026 descansa en paz.<\/p>\n<p style=\"text-align: justify;\">Has llegado y conocido de Dios, la serena faz.<\/p>\n<p style=\"text-align: justify;\">Llegaste a la Luz suprema, llegaste a la eternidad.<\/p>\n<p style=\"text-align: justify;\">Gozas ya, querida amiga, de un cielo reci\u00e9n hallado.<\/p>\n<p style=\"text-align: justify;\">\u00c1ngeles y serafines tu alma han adornado<\/p>\n<p style=\"text-align: justify;\">para presentarla a Dios, que en su trono te ha esperado.<\/p>\n<p style=\"text-align: justify;\">Llena de luz y esperanza, de armon\u00eda y claridad,<\/p>\n<p style=\"text-align: justify;\">has llegado hasta Jes\u00fas, y en la misma Inmensidad<\/p>\n<p style=\"text-align: justify;\">has conocido el misterio de la Santa Trinidad.<\/p>\n<p style=\"text-align: justify;\">\u00a1Aquellas Semanas Santas&#8230;<\/p>\n<p style=\"text-align: justify;\">Vestidas de nazarenas, de hebreas\u2026 Qu\u00e9 sensaci\u00f3n!<\/p>\n<p style=\"text-align: justify;\">con la sonrisa en los labios y en los ojos la emoci\u00f3n.<\/p>\n<p style=\"text-align: justify;\">Aqu\u00e9l Domingo de Ramos\u2026Colorido y fantas\u00eda<\/p>\n<p style=\"text-align: justify;\">de ni\u00f1as samaritanas rebosantes de alegr\u00eda,<\/p>\n<p style=\"text-align: justify;\">con sandalias y con palmas en tropel y algarab\u00eda.<\/p>\n<p style=\"text-align: justify;\">Nuestros a\u00f1os infantiles\u2026 \u00a1Cu\u00e1ntos juegos compartidos!<\/p>\n<p style=\"text-align: justify;\">\u00a1Cu\u00e1ntos bailes y canciones en el coraz\u00f3n prendidos!<\/p>\n<p style=\"text-align: justify;\">Los caminos de la iglesia. \u00a1Cu\u00e1ntas veces recorridos!<\/p>\n<p style=\"text-align: justify;\">Los bailes y sevillanas, la escuela, D\u00aa. Isabel,<\/p>\n<p style=\"text-align: justify;\">El p\u00e1rroco, el teatro y los trajes de papel.<\/p>\n<p style=\"text-align: justify;\">Recuerdos inolvidables que el tiempo llev\u00f3 con \u00e9l.<\/p>\n<p style=\"text-align: justify;\"><strong>\u00a1Amigas! \u00a1Amigas siempre!<\/strong><\/p>\n<p style=\"text-align: justify;\">Amigas\u2026pas\u00f3 la vida,<\/p>\n<p style=\"text-align: justify;\">y aquella alegre ni\u00f1ez,<\/p>\n<p style=\"text-align: justify;\">qued\u00f3 atr\u00e1s, qued\u00f3 perdida<\/p>\n<p style=\"text-align: justify;\">entre la tierra, y el cielo<\/p>\n<p style=\"text-align: justify;\">y alguna acacia florida.<\/p>\n<p style=\"text-align: justify;\">Entre las espigas altas<\/p>\n<p style=\"text-align: justify;\">con fina escarcha de nieve;<\/p>\n<p style=\"text-align: justify;\">En las sendas olvidadas<\/p>\n<p style=\"text-align: justify;\">que perdieron su relieve.<\/p>\n<p style=\"text-align: justify;\">Entre los cielos plomizos de aquellos d\u00edas perlados<\/p>\n<p style=\"text-align: justify;\">en los que el sol y la lluvia ca\u00edan entremezclados.<\/p>\n<p style=\"text-align: justify;\">En los campos, los caminos continuados. Los molinos.<\/p>\n<p style=\"text-align: justify;\">En el interior profundo de enredaderas y pinos.<\/p>\n<p style=\"text-align: justify;\">En los versos que t\u00fa hac\u00edas cuando adolescentes fuimos.<\/p>\n<p style=\"text-align: justify;\">En las noches que cre\u00edmos<\/p>\n<p style=\"text-align: justify;\">que pint\u00e1ndonos las caras<\/p>\n<p style=\"text-align: justify;\">se asustaban los vecinos.<\/p>\n<p style=\"text-align: justify;\">Y en tu casa y en la m\u00eda el silencio adormecido,<\/p>\n<p style=\"text-align: justify;\">en el marco inamovible del tiempo ya detenido.<\/p>\n<p style=\"text-align: justify;\">En los muros, las paredes, en el campo florecido.<\/p>\n<p style=\"text-align: justify;\">Fuiste siempre una persona de coraz\u00f3n tan leal,<\/p>\n<p style=\"text-align: justify;\">que, al verte, ve\u00eda en ti, aquella ni\u00f1a ideal,<\/p>\n<p style=\"text-align: justify;\">aquella que fue mi amiga desde tiempo inmemorial.<\/p>\n<p style=\"text-align: justify;\">\u00a1Adi\u00f3s, mi querida amiga! \u00a1Adi\u00f3s, mi amiga inmortal!<\/p>\n<p style=\"text-align: justify;\">Tu recuerdo queda en m\u00ed de forma entera y total,<\/p>\n<p style=\"text-align: justify;\">como los cuentos aquellos contados en tu portal.<\/p>\n<p style=\"text-align: justify;\">Tu alma ya sin barreras, gozando est\u00e1 libertad.<\/p>\n<p style=\"text-align: justify;\">Hasta que nos encontremos, all\u00e1, en la eternidad,<\/p>\n<p style=\"text-align: justify;\">recibe todo el cari\u00f1o de tu amiga, Soledad.<\/p>\n<p style=\"text-align: justify;\"><a href=\"http:\/\/granadacostanacional.es\/wp-content\/uploads\/2020\/03\/image003-2.jpg\"><img decoding=\"async\" loading=\"lazy\" class=\"aligncenter size-full wp-image-23998\" src=\"http:\/\/granadacostanacional.es\/wp-content\/uploads\/2020\/03\/image003-2.jpg\" alt=\"image003\" width=\"194\" height=\"134\" \/><\/a><\/p>\n<p style=\"text-align: center;\">Sole, Juli y Anto\u00f1ita<\/p>\n<p style=\"text-align: justify;\"><a href=\"http:\/\/granadacostanacional.es\/wp-content\/uploads\/2020\/03\/image004.jpg\"><img decoding=\"async\" loading=\"lazy\" class=\"aligncenter size-full wp-image-23995\" src=\"http:\/\/granadacostanacional.es\/wp-content\/uploads\/2020\/03\/image004.jpg\" alt=\"image004\" width=\"190\" height=\"134\" \/><\/a><\/p>\n<p style=\"text-align: center;\">Grupo de Ballet<\/p>\n<p style=\"text-align: justify;\"><a href=\"http:\/\/granadacostanacional.es\/wp-content\/uploads\/2020\/03\/image001-1.jpg\"><img decoding=\"async\" loading=\"lazy\" class=\"aligncenter size-full wp-image-23996\" src=\"http:\/\/granadacostanacional.es\/wp-content\/uploads\/2020\/03\/image001-1.jpg\" alt=\"image001\" width=\"189\" height=\"131\" \/><\/a><\/p>\n<p style=\"text-align: center;\">Juli, Anto\u00f1ita y Sole<\/p>\n<p style=\"text-align: justify;\"><a href=\"http:\/\/granadacostanacional.es\/wp-content\/uploads\/2020\/03\/image002.jpg\"><img decoding=\"async\" loading=\"lazy\" class=\"aligncenter size-full wp-image-23997\" src=\"http:\/\/granadacostanacional.es\/wp-content\/uploads\/2020\/03\/image002.jpg\" alt=\"image002\" width=\"131\" height=\"180\" \/><\/a><\/p>\n<p style=\"text-align: center;\">Juli, Sole y Anto\u00f1ita<\/p>\n<p style=\"text-align: justify;\">\n<p style=\"text-align: justify;\"><strong>Soledad que bonita historia, te importa si emplazamos nuestra entrevista en otras las pr\u00f3ximas publicaciones.<\/strong><\/p>\n<p style=\"text-align: justify;\">\n<p style=\"text-align: justify;\">Por supuesto, en el pr\u00f3ximo ejemplar que quieres que te cuente.<\/p>\n<p style=\"text-align: justify;\">\n<p style=\"text-align: justify;\"><strong>A m\u00ed me gustar\u00eda seguir con tu historia, por ejemplo, cuando comenzaste a escribir.<\/strong><\/p>\n<p style=\"text-align: justify;\">\n<p style=\"text-align: justify;\">Estar\u00e9 encantara, no he de faltar a nuestra nueva cita.<\/p>\n<p style=\"text-align: right;\"><em><strong>Clamenta L\u00f3pez P\u00e9rez<\/strong><\/em><\/p>\n","protected":false},"excerpt":{"rendered":"<p>Mis estimados lectores hoy quiero presentaros a mi amiga Soledad, es generosa, muy humana e intelectual, y entre muchas cosas&hellip;<\/p>\n","protected":false},"author":2,"featured_media":23994,"comment_status":"open","ping_status":"open","sticky":false,"template":"","format":"standard","meta":{"om_disable_all_campaigns":false,"_mi_skip_tracking":false,"_monsterinsights_sitenote_active":false,"_monsterinsights_sitenote_note":"","_monsterinsights_sitenote_category":0,"footnotes":""},"categories":[21,27,30],"tags":[],"aioseo_notices":[],"_links":{"self":[{"href":"https:\/\/granadacostaglobal.es\/index.php?rest_route=\/wp\/v2\/posts\/23993"}],"collection":[{"href":"https:\/\/granadacostaglobal.es\/index.php?rest_route=\/wp\/v2\/posts"}],"about":[{"href":"https:\/\/granadacostaglobal.es\/index.php?rest_route=\/wp\/v2\/types\/post"}],"author":[{"embeddable":true,"href":"https:\/\/granadacostaglobal.es\/index.php?rest_route=\/wp\/v2\/users\/2"}],"replies":[{"embeddable":true,"href":"https:\/\/granadacostaglobal.es\/index.php?rest_route=%2Fwp%2Fv2%2Fcomments&post=23993"}],"version-history":[{"count":0,"href":"https:\/\/granadacostaglobal.es\/index.php?rest_route=\/wp\/v2\/posts\/23993\/revisions"}],"wp:featuredmedia":[{"embeddable":true,"href":"https:\/\/granadacostaglobal.es\/index.php?rest_route=\/"}],"wp:attachment":[{"href":"https:\/\/granadacostaglobal.es\/index.php?rest_route=%2Fwp%2Fv2%2Fmedia&parent=23993"}],"wp:term":[{"taxonomy":"category","embeddable":true,"href":"https:\/\/granadacostaglobal.es\/index.php?rest_route=%2Fwp%2Fv2%2Fcategories&post=23993"},{"taxonomy":"post_tag","embeddable":true,"href":"https:\/\/granadacostaglobal.es\/index.php?rest_route=%2Fwp%2Fv2%2Ftags&post=23993"}],"curies":[{"name":"wp","href":"https:\/\/api.w.org\/{rel}","templated":true}]}}