{"id":23988,"date":"2020-03-16T15:31:56","date_gmt":"2020-03-16T15:31:56","guid":{"rendered":"http:\/\/granadacostanacional.es\/?p=23988"},"modified":"2020-03-16T15:31:56","modified_gmt":"2020-03-16T15:31:56","slug":"dialogo-consigo-mismo","status":"publish","type":"post","link":"https:\/\/granadacostaglobal.es\/?p=23988","title":{"rendered":"DI\u00c1LOGO CONSIGO MISMO"},"content":{"rendered":"<p style=\"text-align: justify;\"><strong>Carlos Ben\u00edtez Villodres<\/strong><\/p>\n<p style=\"text-align: justify;\">\n<p style=\"text-align: justify;\">La soluci\u00f3n contra la injusticia en el mundo no deber\u00eda hallarse en las fuerzas de la muerte, sino en el poder del amor. \u201cEl individuo que no se interesa por sus semejantes, manifiesta Alfred Adler, es quien tiene las mayores dificultades en la vida y causa las mayores heridas a los dem\u00e1s. De estos individuos surgen todos los fracasos humanos\u201d. Quienes me conocen bien saben que podr\u00eda tener la felicidad f\u00e1cil del hombre conformista, pero no la quiero ni la deseo. Tengamos siempre presente que el conformismo es una forma de morir lentamente.<\/p>\n<p style=\"text-align: justify;\">\n<p style=\"text-align: justify;\">Vivimos en un mar de opulencia y nuestros hijos se aburren o no saben qu\u00e9 hacer con tantos regalos, con tantos juguetes. En las escuelas queremos para nuestros hijos las \u00faltimas tecnolog\u00edas y t\u00e9cnicas de estudio y, aun as\u00ed, se aburren y no estudian. Dicen que es preciso estimularlos y motivarlos, viendo im\u00e1genes de estos hermanos nuestros atrapados por la indigencia m\u00e1s atroz, im\u00e1genes ante las que deber\u00edamos avergonzarnos por las incontables actitudes ego\u00edstas que tenemos diariamente. Con lo que tiramos o con lo que nuestros hijos no quieren, muchos ni\u00f1os en el mundo tendr\u00edan para comer y beber y jugar, como nuestra descendencia. \u00a1No, no debemos mirar para otro lado, aunque nos moleste ver la realidad humana y mundial!<\/p>\n<p style=\"text-align: justify;\">\n<p style=\"text-align: justify;\">Ciertamente, somos afortunados en esta transitoria vida. Aunque ni lo pensemos, tenemos mucho m\u00e1s de lo que necesitamos para vivir dichosos. Tratemos de no alimentar la siniestra rueda, consumista e inmoral, de esta sociedad \u201cmoderna y avanzada\u201d que olvida e ignora a las dos terceras partes de nuestros coet\u00e1neos. \u00a1Qu\u00e9 duro, qu\u00e9 cruel tiene que ser para una persona decirse a s\u00ed misma: \u201ccoraz\u00f3n duerme y no sue\u00f1es porque no hay nada ni nadie con quien so\u00f1ar!\u201d.<\/p>\n<p style=\"text-align: justify;\">\n<p style=\"text-align: justify;\">Por ello, es obligaci\u00f3n nuestra hacer que tomen conciencia nuestros ni\u00f1os y adolescentes, nuestros j\u00f3venes y adultos indiferentes, de c\u00f3mo sobreviven estos hermanos nuestros en un mundo que no se preocupa de sacarlos de ese estado que solo los conduce a la desesperaci\u00f3n absoluta.<\/p>\n<p style=\"text-align: justify;\">\n<p style=\"text-align: justify;\">De lo expuesto, se deduce \u201cque yo y m\u00ed dialogan con demasiada asiduidad\u201d, afirma Friedrich Nietzsche. De estas palabras del fil\u00f3sofo alem\u00e1n debemos aprender que esas asiduas conversaciones deber\u00edan tenerlas, no \u201cyo\u201d con \u201cm\u00ed\u201d, sino \u201cnosotros\u201d con los \u201cdem\u00e1s\u201d hermanos nuestros. Pero el hecho de llevar a cabo esta permuta de pronombre personal y adjetivo es verdaderamente \u201cimposible\u201d para muchos seres humanos que viven en la superabundancia. Quiz\u00e1s ellos ignoran que tanto la carencia como la abundancia acaban matando al hombre<\/p>\n<p style=\"text-align: justify;\">\n<p style=\"text-align: justify;\">Comulgo plenamente con el contenido de las siguientes palabras de John F. Kennedy: \u201cSi una sociedad libre, un pueblo con sus mandatarios a la cabeza, no puede ayudar a sus muchos pobres, tampoco podr\u00e1 salvar a sus pocos ricos\u201d. Es evidente que la pobreza no tiene leyes. Nadie ans\u00eda vivir en la pobreza, si no es para convivir con aquellos que la vida se la impuso, en definitiva, convivir, desde el amor, con estas personas para ense\u00f1arles a salir de ese pozo sin fondo. \u201cLa ley es poderosa, expresa Goethe, pero m\u00e1s poderosa es la miseria\u201d.<\/p>\n<p style=\"text-align: justify;\">A esas personas que viven con sus necesidades vitales cubiertas y sin carest\u00edas y sin imposiciones irracionales les grito desde lo m\u00e1s profundo de mi ser: \u201c\u00a1Qu\u00e9 control podemos pedirle, manifiesta el autor de este art\u00edculo, qu\u00e9 leyes queremos que obedezca aquel que ve a sus hijos dormir, sobre un lecho de cardos y grava, con el est\u00f3mago vac\u00edo y sin derecho a poseer las ilusiones propias de su edad!\u201d.<\/p>\n","protected":false},"excerpt":{"rendered":"<p>Carlos Ben\u00edtez Villodres La soluci\u00f3n contra la injusticia en el mundo no deber\u00eda hallarse en las fuerzas de la muerte,&hellip;<\/p>\n","protected":false},"author":2,"featured_media":1115,"comment_status":"open","ping_status":"open","sticky":false,"template":"","format":"standard","meta":{"om_disable_all_campaigns":false,"_mi_skip_tracking":false,"_monsterinsights_sitenote_active":false,"_monsterinsights_sitenote_note":"","_monsterinsights_sitenote_category":0,"footnotes":""},"categories":[21,30],"tags":[],"aioseo_notices":[],"_links":{"self":[{"href":"https:\/\/granadacostaglobal.es\/index.php?rest_route=\/wp\/v2\/posts\/23988"}],"collection":[{"href":"https:\/\/granadacostaglobal.es\/index.php?rest_route=\/wp\/v2\/posts"}],"about":[{"href":"https:\/\/granadacostaglobal.es\/index.php?rest_route=\/wp\/v2\/types\/post"}],"author":[{"embeddable":true,"href":"https:\/\/granadacostaglobal.es\/index.php?rest_route=\/wp\/v2\/users\/2"}],"replies":[{"embeddable":true,"href":"https:\/\/granadacostaglobal.es\/index.php?rest_route=%2Fwp%2Fv2%2Fcomments&post=23988"}],"version-history":[{"count":0,"href":"https:\/\/granadacostaglobal.es\/index.php?rest_route=\/wp\/v2\/posts\/23988\/revisions"}],"wp:featuredmedia":[{"embeddable":true,"href":"https:\/\/granadacostaglobal.es\/index.php?rest_route=\/"}],"wp:attachment":[{"href":"https:\/\/granadacostaglobal.es\/index.php?rest_route=%2Fwp%2Fv2%2Fmedia&parent=23988"}],"wp:term":[{"taxonomy":"category","embeddable":true,"href":"https:\/\/granadacostaglobal.es\/index.php?rest_route=%2Fwp%2Fv2%2Fcategories&post=23988"},{"taxonomy":"post_tag","embeddable":true,"href":"https:\/\/granadacostaglobal.es\/index.php?rest_route=%2Fwp%2Fv2%2Ftags&post=23988"}],"curies":[{"name":"wp","href":"https:\/\/api.w.org\/{rel}","templated":true}]}}