{"id":23973,"date":"2020-03-10T08:47:29","date_gmt":"2020-03-10T08:47:29","guid":{"rendered":"http:\/\/granadacostanacional.es\/?p=23973"},"modified":"2020-03-10T08:47:29","modified_gmt":"2020-03-10T08:47:29","slug":"exito-total-y-conmovedor-del-poemario-como-seguir-viviendo-del-poeta-francisco-velasco-rey-en-granada","status":"publish","type":"post","link":"https:\/\/granadacostaglobal.es\/?p=23973","title":{"rendered":"\u00c9XITO TOTAL Y CONMOVEDOR DEL POEMARIO C\u00d3MO SEGUIR VIVIENDO DEL POETA FRANCISCO VELASCO REY EN GRANADA"},"content":{"rendered":"<p style=\"text-align: justify;\">Si nuestro columnista de opini\u00f3n y escritor Francisco Velasco Rey, ya cosech\u00f3 un \u00e9xito rotundo y brill\u00f3 en C\u00f3rdoba capital, no fue menos en el teatro de su pueblo \u201cJuan el Impresor\u201d de Valenzuela(C\u00f3rdoba), como luego toc\u00f3 lucirse y lucirlo en la Casa de la Cultura de Almu\u00f1\u00e9car. \u00a0La noche del 6 de marzo de 2020, como no pod\u00eda ser menos en la capital de la Alhambra, en su Granada universitaria, acompa\u00f1ado de ilustres artistas: cantautores, m\u00fasicos y poetas, consigui\u00f3 aunar todas las artes en su poes\u00eda como pocos poetas logran al un\u00edsono, y con tanto derroche de talento y emoci\u00f3n. Fuentes muy cercanas y que nos narran el recital po\u00e9tico musical, nos describen con gran entusiasmo el espect\u00e1culo al que asistieron. Comenzando con la presentaci\u00f3n tan original y emocionante en forma de Prosa po\u00e9tica, como viene siendo habitual de la pintora Marijose Mu\u00f1oz Rubio, que rindi\u00f3 un homenaje conmovedor a nuestro poeta Francisco Velasco. Tambi\u00e9n le dedic\u00f3 una prosa po\u00e9tica del Autor, con una declamaci\u00f3n sutil y \u00a0de evocador estilo. El anfitri\u00f3n iba recitando y cautivando \u201cin crecendo\u201d al p\u00fablico, pues a modo de rapsoda recit\u00f3 algunos poemas, aunque el verdadero rapsoda fue Paco P\u00e9rez, cuando intervino casi al final del acto. Los otros poetas que prestaron su chorro de voz fueron por orden de actuaci\u00f3n Rafael Due\u00f1as, Ivonne S\u00e1nchez, Mercedes Prieto, Marcos Jim\u00e9nez, y Nieves Vera. Pero si hay que destacar m\u00e1s si cabe, no hay duda de que fue la intervenci\u00f3n del Cantautor loje\u00f1o Antonio G\u00f3mez, que cant\u00f3 11 canciones, con una voz magistral de inigualable belleza y excelsa de los poemas que previamente recitaba Francisco Velasco. De modo sobresaliente \u00a0tambi\u00e9n cant\u00f3 dos poemas Anav\u00ed Fern\u00e1ndez, con una encantadora y m\u00e1gica voz, acompa\u00f1ada del compositor pianista del que hace gala Pedro Hern\u00e1ndez. A ambos el auditorio los dej\u00f3 sorprendidos y Francisco Velasco los calific\u00f3 de \u00e1ngeles que envidian hasta los Dioses. Pero el arte no quedaba ah\u00ed, pues un joven prometedor guitarrista Manuel Torres puso m\u00fasica a dos prosas po\u00e9ticas del Poemario, adem\u00e1s acompa\u00f1\u00f3 con mucha clase tanto a la voz fresca y cautivadora de Fran Velasco Denia que quiso recitar un poema a su padre dedicado a la infancia. El duende de la velada era como un diamante en bruto seg\u00fan nuestro poeta protagonista Francisco Velasco, pues es lo que pretend\u00eda aunando en puesta de escena la perfomance de la magia del arte con su poes\u00eda: \u201cllegar adentro y hacer sentir lo que le sobra al coraz\u00f3n y le sale por las venas\u201d. Asimismo, en opini\u00f3n del poeta Velasco, lo apasionante de su Recital se suma a la experiencia multiplicada de los sentidos, especialmente al talento po\u00e9tico de los cantautores por respetar la letra, y no hacer adaptaciones porque eso es valor a\u00f1adido a su interpretaci\u00f3n lo que lo hace m\u00e1s meritorio como dir\u00eda Garc\u00eda Lorca al referirse al peso de la m\u00fasica sobre la palabra po\u00e9tica. Recurso art\u00edstico para dar mayor expresividad y abrir m\u00e1s si cabe connotaciones simb\u00f3licas y efectos sensitivos, gracias a la musicalidad que derrocha su poes\u00eda. Unido al entorno en el que se canta, se musica y se recita, una bella Galer\u00eda pict\u00f3rica y humana en un paisanaje \u00fanico seg\u00fan Francisco Velasco. De ah\u00ed que insiste en que ha conseguido aunar todas las artes y mostrarlas en poemas y sus canciones, con la belleza y la precisi\u00f3n propias del mejor cantautor, compositor musical o pintor acuarelista. As\u00ed pues, Velasco nos manifiesta que es innegable que el arte consigue interpretar el poema en todas sus vertientes. Despu\u00e9s de su\u00a0recital cree que al p\u00fablico lo ha estremecido tal como se lo han expresado.<\/p>\n<p style=\"text-align: justify;\"><a href=\"http:\/\/granadacostanacional.es\/wp-content\/uploads\/2020\/03\/image001.jpg\"><img decoding=\"async\" loading=\"lazy\" class=\"aligncenter size-large wp-image-23975\" src=\"http:\/\/granadacostanacional.es\/wp-content\/uploads\/2020\/03\/image001-768x1024.jpg\" alt=\"image001\" width=\"768\" height=\"1024\" \/><\/a><br \/>\nEl duende de la musicalidad del segundo Poemario <strong>C\u00f3mo seguir viviendo de Francisco Velasco,<\/strong> eco de las voces derrochadas de pasi\u00f3n y magia se ha evidenciado en el sentir de los artistas. Porque para recrear, analizar o entender la palabra en su imagen po\u00e9tica m\u00e1s completa hay que convertirse en fil\u00f3sofo, m\u00fasico, cantautor, poeta y pintor seg\u00fan nuestro poeta cordob\u00e9s. Y tambi\u00e9n por supuesto en receptor que anuda todo lo que se le ofrece al participar en el Alegato y en el \u201cHomo Viator\u201d de la vida, cargada y desnuda de equipaje. Para concluir Francisco Velasco aludi\u00f3 a una cita de Isabel Allende para justificar que \u201cLa felicidad que se vive depende del amor que se da\u201d, y \u00e9l lo hab\u00eda puesto todo en el asador con mucho cari\u00f1o e ilusi\u00f3n para que su poes\u00eda llegue, queme y llene. Como as\u00ed demostr\u00f3 con la sencillez y pericia que le caracteriza. De ah\u00ed que echase mano de palabras de su admirado y Maestro Antonio Carvajal, Premio Nacional de Poes\u00eda \u201cForzado es echar agua a tanto fuego. Es el pagaros, gloria tan subida, que cuanto m\u00e1s os pago m\u00e1s os debo\u201d como en esta hipoteca, aludiendo a todo lo que invierte para emocionar con sus sentimientos. Y para cerrar el acto a modo de Sabinas, nuestro poeta Francisco Velasco nos dijo \u201caqu\u00ed acaba la funci\u00f3n, os emplazo para la pr\u00f3xima si se presta la ocasi\u00f3n\u201d.<\/p>\n<p style=\"text-align: justify;\"><a href=\"http:\/\/granadacostanacional.es\/wp-content\/uploads\/2020\/03\/image003.jpg\"><img decoding=\"async\" loading=\"lazy\" class=\"aligncenter size-full wp-image-23976\" src=\"http:\/\/granadacostanacional.es\/wp-content\/uploads\/2020\/03\/image003.jpg\" alt=\"image003\" width=\"720\" height=\"540\" \/><\/a><\/p>\n<p style=\"text-align: right;\"><strong><em>Redacci\u00f3n de prensa del Granada Costa Nacional<\/em><\/strong><\/p>\n","protected":false},"excerpt":{"rendered":"<p>Si nuestro columnista de opini\u00f3n y escritor Francisco Velasco Rey, ya cosech\u00f3 un \u00e9xito rotundo y brill\u00f3 en C\u00f3rdoba capital,&hellip;<\/p>\n","protected":false},"author":2,"featured_media":23974,"comment_status":"open","ping_status":"open","sticky":false,"template":"","format":"standard","meta":{"om_disable_all_campaigns":false,"_mi_skip_tracking":false,"_monsterinsights_sitenote_active":false,"_monsterinsights_sitenote_note":"","_monsterinsights_sitenote_category":0,"footnotes":""},"categories":[21,22,30],"tags":[],"aioseo_notices":[],"_links":{"self":[{"href":"https:\/\/granadacostaglobal.es\/index.php?rest_route=\/wp\/v2\/posts\/23973"}],"collection":[{"href":"https:\/\/granadacostaglobal.es\/index.php?rest_route=\/wp\/v2\/posts"}],"about":[{"href":"https:\/\/granadacostaglobal.es\/index.php?rest_route=\/wp\/v2\/types\/post"}],"author":[{"embeddable":true,"href":"https:\/\/granadacostaglobal.es\/index.php?rest_route=\/wp\/v2\/users\/2"}],"replies":[{"embeddable":true,"href":"https:\/\/granadacostaglobal.es\/index.php?rest_route=%2Fwp%2Fv2%2Fcomments&post=23973"}],"version-history":[{"count":0,"href":"https:\/\/granadacostaglobal.es\/index.php?rest_route=\/wp\/v2\/posts\/23973\/revisions"}],"wp:featuredmedia":[{"embeddable":true,"href":"https:\/\/granadacostaglobal.es\/index.php?rest_route=\/"}],"wp:attachment":[{"href":"https:\/\/granadacostaglobal.es\/index.php?rest_route=%2Fwp%2Fv2%2Fmedia&parent=23973"}],"wp:term":[{"taxonomy":"category","embeddable":true,"href":"https:\/\/granadacostaglobal.es\/index.php?rest_route=%2Fwp%2Fv2%2Fcategories&post=23973"},{"taxonomy":"post_tag","embeddable":true,"href":"https:\/\/granadacostaglobal.es\/index.php?rest_route=%2Fwp%2Fv2%2Ftags&post=23973"}],"curies":[{"name":"wp","href":"https:\/\/api.w.org\/{rel}","templated":true}]}}