{"id":23888,"date":"2020-02-27T11:17:01","date_gmt":"2020-02-27T11:17:01","guid":{"rendered":"http:\/\/granadacostanacional.es\/?p=23888"},"modified":"2020-02-27T11:17:01","modified_gmt":"2020-02-27T11:17:01","slug":"la-muestra-internacional-de-cine-de-animacion-de-cataluna-en-el-ahola-hospitalaria","status":"publish","type":"post","link":"https:\/\/granadacostaglobal.es\/?p=23888","title":{"rendered":"La Muestra Internacional de Cine de Animaci\u00f3n de Catalu\u00f1a en el ahola Hospitalaria"},"content":{"rendered":"<p style=\"text-align: justify;\">Con el objetivo de acercar el mundo de la animaci\u00f3n a los ni\u00f1os que se encuentran ingresados, el aula Hospitalaria del Hospital Universitario Arnau de Vilanova este\u00a0 mi\u00e9rcoles, 26 de febrero a las 11.00 horas, el taller &#8220;Un m\u00f3n de contes!&#8221;, a cargo de Quim Ribalta\u00a0 y Gloria Iniesta de &#8220;El\u00a0\u00a0Bombeto\u201d.Los personajes utilizados han sido cedidos por el ilustrador Xavier Salom\u00f3 y la escritora Meritxell Mart\u00ed y extra\u00eddos de sus libros de cuentos pop-up.<\/p>\n<p><a href=\"http:\/\/granadacostanacional.es\/wp-content\/uploads\/2020\/02\/3c58826d-bdf9-4d9a-acbb-ef23da170084.jpg\"><img decoding=\"async\" loading=\"lazy\" class=\"alignnone size-medium wp-image-23889\" src=\"http:\/\/granadacostanacional.es\/wp-content\/uploads\/2020\/02\/3c58826d-bdf9-4d9a-acbb-ef23da170084-300x225.jpg\" alt=\"3c58826d-bdf9-4d9a-acbb-ef23da170084\" width=\"300\" height=\"225\" \/><\/a><a href=\"http:\/\/granadacostanacional.es\/wp-content\/uploads\/2020\/02\/6ddb450c-4f7d-401d-81f6-0a1bb242e870.jpg\"><img decoding=\"async\" loading=\"lazy\" class=\"alignnone size-medium wp-image-23891\" src=\"http:\/\/granadacostanacional.es\/wp-content\/uploads\/2020\/02\/6ddb450c-4f7d-401d-81f6-0a1bb242e870-300x225.jpg\" alt=\"6ddb450c-4f7d-401d-81f6-0a1bb242e870\" width=\"300\" height=\"225\" \/><\/a><\/p>\n<p style=\"text-align: justify;\">Las pel\u00edculas creadas imaginaban historias alternativas para los personajes de los cuentos cl\u00e1sicos que, ya aburridos de vivir siempre las mismas aventuras, quer\u00edan probar cosas nuevas. As\u00ed es como Caperucita, el Lobo y el Cerdito han podido ir a un parque de atracciones, a deslizarse por una monta\u00f1a nevada, ba\u00f1arse en el mar, flotar por el espacio o preparar un estupendo pic-nic.<\/p>\n<p><a href=\"http:\/\/granadacostanacional.es\/wp-content\/uploads\/2020\/02\/360122f4-d1d1-4187-a76c-2d0a9e2d600e.jpg\"><img decoding=\"async\" loading=\"lazy\" class=\"alignnone size-medium wp-image-23892\" src=\"http:\/\/granadacostanacional.es\/wp-content\/uploads\/2020\/02\/360122f4-d1d1-4187-a76c-2d0a9e2d600e-300x225.jpg\" alt=\"360122f4-d1d1-4187-a76c-2d0a9e2d600e\" width=\"300\" height=\"225\" \/><\/a><a href=\"http:\/\/granadacostanacional.es\/wp-content\/uploads\/2020\/02\/28936849-6d6b-43f9-a2a9-8a233d0711ee.jpg\"><img decoding=\"async\" loading=\"lazy\" class=\"alignnone size-medium wp-image-23893\" src=\"http:\/\/granadacostanacional.es\/wp-content\/uploads\/2020\/02\/28936849-6d6b-43f9-a2a9-8a233d0711ee-300x225.jpg\" alt=\"28936849-6d6b-43f9-a2a9-8a233d0711ee\" width=\"300\" height=\"225\" \/><\/a><\/p>\n<p style=\"text-align: justify;\">Se trata de un taller de animaci\u00f3n donde los alumnos han practicado la t\u00e9cnica del stop motion creando personajes y decorados y realizando fotograf\u00edas para crear sus propios cuentos animados.<\/p>\n<div style=\"text-align: justify;\"><a href=\"http:\/\/granadacostanacional.es\/wp-content\/uploads\/2020\/02\/71113d82-c301-4be0-b3fd-454c7f22ed8a.jpg\"><img decoding=\"async\" loading=\"lazy\" class=\"alignnone size-medium wp-image-23901 alignleft\" src=\"http:\/\/granadacostanacional.es\/wp-content\/uploads\/2020\/02\/71113d82-c301-4be0-b3fd-454c7f22ed8a-300x169.jpg\" alt=\"71113d82-c301-4be0-b3fd-454c7f22ed8a\" width=\"300\" height=\"169\" \/><\/a>\u201cEl Bombeto\u201d tiene una larga experiencia en la docencia, puesto que los \u00faltimos seis a\u00f1os ha realizado m\u00e1s de quinientos talleres de animaci\u00f3n y cine a centros educativos de primaria y secundaria. La utilizaci\u00f3n de la t\u00e9cnica del stop-motion nos permite crear estos mundos imaginarios con cartulinas recortadas, dibujos de los propios participantes o fondos de croma que ser\u00e1n sustituidos con las im\u00e1genes elegidas por los participantes.<\/div>\n<div style=\"text-align: justify;\">El objetivo de este taller es aprender diferentes maneras de afrontar el audiovisual al aula; como programar y temporizar cuando trabajan con animaci\u00f3n o video y los pasos indispensables en la producci\u00f3n para asegurar resultados.<\/div>\n<div style=\"text-align: justify;\"><\/div>\n<div><\/div>\n<div>\n<a href=\"http:\/\/granadacostanacional.es\/wp-content\/uploads\/2020\/02\/ba0b0eaf-8e7c-49b1-8823-6e95a65794b8.jpg\"><img decoding=\"async\" loading=\"lazy\" class=\"alignnone size-medium wp-image-23902 alignleft\" src=\"http:\/\/granadacostanacional.es\/wp-content\/uploads\/2020\/02\/ba0b0eaf-8e7c-49b1-8823-6e95a65794b8-169x300.jpg\" alt=\"ba0b0eaf-8e7c-49b1-8823-6e95a65794b8\" width=\"169\" height=\"300\" \/><\/a>Gracias ANIMAC por acerca la cultura y la ilusi\u00f3n a los ni\u00f1os y ni\u00f1as ingresados en la Planta de Pediatr\u00eda.<\/div>\n","protected":false},"excerpt":{"rendered":"<p>Con el objetivo de acercar el mundo de la animaci\u00f3n a los ni\u00f1os que se encuentran ingresados, el aula Hospitalaria&hellip;<\/p>\n","protected":false},"author":4,"featured_media":23895,"comment_status":"open","ping_status":"open","sticky":false,"template":"","format":"standard","meta":{"om_disable_all_campaigns":false,"_mi_skip_tracking":false,"_monsterinsights_sitenote_active":false,"_monsterinsights_sitenote_note":"","_monsterinsights_sitenote_category":0,"footnotes":""},"categories":[25,36,21,35,32,22,19,30],"tags":[],"aioseo_notices":[],"_links":{"self":[{"href":"https:\/\/granadacostaglobal.es\/index.php?rest_route=\/wp\/v2\/posts\/23888"}],"collection":[{"href":"https:\/\/granadacostaglobal.es\/index.php?rest_route=\/wp\/v2\/posts"}],"about":[{"href":"https:\/\/granadacostaglobal.es\/index.php?rest_route=\/wp\/v2\/types\/post"}],"author":[{"embeddable":true,"href":"https:\/\/granadacostaglobal.es\/index.php?rest_route=\/wp\/v2\/users\/4"}],"replies":[{"embeddable":true,"href":"https:\/\/granadacostaglobal.es\/index.php?rest_route=%2Fwp%2Fv2%2Fcomments&post=23888"}],"version-history":[{"count":0,"href":"https:\/\/granadacostaglobal.es\/index.php?rest_route=\/wp\/v2\/posts\/23888\/revisions"}],"wp:featuredmedia":[{"embeddable":true,"href":"https:\/\/granadacostaglobal.es\/index.php?rest_route=\/"}],"wp:attachment":[{"href":"https:\/\/granadacostaglobal.es\/index.php?rest_route=%2Fwp%2Fv2%2Fmedia&parent=23888"}],"wp:term":[{"taxonomy":"category","embeddable":true,"href":"https:\/\/granadacostaglobal.es\/index.php?rest_route=%2Fwp%2Fv2%2Fcategories&post=23888"},{"taxonomy":"post_tag","embeddable":true,"href":"https:\/\/granadacostaglobal.es\/index.php?rest_route=%2Fwp%2Fv2%2Ftags&post=23888"}],"curies":[{"name":"wp","href":"https:\/\/api.w.org\/{rel}","templated":true}]}}