{"id":23885,"date":"2020-02-25T16:23:32","date_gmt":"2020-02-25T16:23:32","guid":{"rendered":"http:\/\/granadacostanacional.es\/?p=23885"},"modified":"2020-02-25T16:23:32","modified_gmt":"2020-02-25T16:23:32","slug":"mi-soledad","status":"publish","type":"post","link":"https:\/\/granadacostaglobal.es\/?p=23885","title":{"rendered":"Mi soledad"},"content":{"rendered":"<p style=\"text-align: justify;\">Mis recuerdos son tan solo sombras. No distingo rostros, aunque se qui\u00e9nes son. Negativos ausentes de color. Huecos que ocultan una verdad. Espacios fr\u00edos, estancias que no son m\u00edas. Mi vida a trav\u00e9s de una cerradura. La eterna sensaci\u00f3n de no pertenecer a ning\u00fan lugar de los que viv\u00ed. Yo frente a mi soledad. Mientras ella me mira, ni siquiera reconozco la sangre de mis venas en otras venas. Alguna anomal\u00eda me llev\u00f3 al universo equivocado. Perdido en mi propia soledad.<\/p>\n<p style=\"text-align: justify;\">\u00a0\u00a0\u00a0\u00a0\u00a0\u00a0\u00a0\u00a0\u00a0\u00a0\u00a0 Respiro la humedad de mis l\u00e1grimas. El cambio de agujas en las v\u00edas de mi alma. Ruedo por una v\u00eda muerta, que me lleva a la absoluta deriva. Amordac\u00e9 mi coraz\u00f3n, despu\u00e9s de declararlo culpable de traici\u00f3n. Los cargos contra \u00e9l fueron; sentir, amar y so\u00f1ar. Veredicto culpable, pena amputaci\u00f3n de toda emoci\u00f3n. Todo aquello que duele se sustituye por una raz\u00f3n l\u00f3gica que mi mente construir\u00e1 con toda su eficacia.<\/p>\n<p style=\"text-align: justify;\">\u00a0\u00a0\u00a0\u00a0\u00a0\u00a0\u00a0\u00a0\u00a0\u00a0\u00a0 Logr\u00e9 la estabilidad de quienes me contaron. Una versi\u00f3n que solo suaviza la realidad, mejor dicho la verdad, porque la aut\u00e9ntica est\u00e1 oculta dentro, muy dentro, una que alg\u00fan d\u00eda me contar\u00e9.<\/p>\n<p style=\"text-align: justify;\">\u00a0\u00a0\u00a0\u00a0\u00a0\u00a0\u00a0\u00a0\u00a0\u00a0\u00a0 Mi recuerdo m\u00e1s primario es el miedo. Si hay alg\u00fan recuerdo del que est\u00e9 completamente seguro es que viv\u00ed cada oscuro momento de mi infancia muerto de miedo. \u00a0\u00a0Me hice mayor y odi\u00e9 a ese maldito y est\u00fapido ni\u00f1o, no s\u00e9 explicar la serenidad, no se explicar el pl\u00e1stico que la envuelve.<\/p>\n<p style=\"text-align: justify;\">\u00a0\u00a0\u00a0\u00a0\u00a0\u00a0\u00a0\u00a0\u00a0\u00a0\u00a0 Mi alma se ha convertido en una hoguera, alrededor de la cual mis demonios danzan viejas canciones. Un maldito bosque donde mis fantasmas hielan el aire. Sonrisas diab\u00f3licas hierven en viejas heridas. Cicatrices tat\u00faan mi voz y ahogan mi gemido. Un alma que perd\u00ed en alg\u00fan momento de esa desastrosa vida a la que me obligaron a vivir.<\/p>\n<p style=\"text-align: justify;\">\u00a0\u00a0\u00a0\u00a0\u00a0\u00a0\u00a0\u00a0\u00a0\u00a0\u00a0 Quiero llorar mi propia futilidad, la frustraci\u00f3n de una vida que caduca al nacer. Quiero llorar lo que no entiendo pero no puedo. No hay nada m\u00e1s triste que la vida. Todo el potencial para ser dioses y el tiempo justo para odiarnos.<\/p>\n<p style=\"text-align: justify;\">\u00a0\u00a0\u00a0\u00a0\u00a0\u00a0\u00a0\u00a0\u00a0\u00a0\u00a0 La saliva de mis sentidos, me devuelve a la ficticia ilusi\u00f3n a la que llamo vida. Y entonces no s\u00e9 d\u00f3nde empiezas t\u00fa y donde termino yo. Justo ah\u00ed es donde te pido que salgas de mis sue\u00f1os. Justo ah\u00ed es donde descubro que nunca te am\u00e9.<\/p>\n<p style=\"text-align: justify;\">\u00a0\u00a0\u00a0\u00a0\u00a0\u00a0\u00a0\u00a0\u00a0\u00a0\u00a0 Mi soledad siempre fue m\u00eda, yo fui a buscarla y ella me acaricio. El baile de mis demonios, macabro, delirante, ya no s\u00e9 si soy el ni\u00f1o o el adulto, mis sue\u00f1os no dejan de hablarme, de culparme. El tacto de mis manos solo me encuentra a m\u00ed mismo, a\u00f1oro la piel, a\u00f1oro el recuerdo, no s\u00e9 si lo so\u00f1\u00e9. Mi piel se ha cristalizado, mi piel ya respir\u00f3 una vez. Y me proh\u00edbo aunque est\u00e9 s\u00f3lo, no dejo de prohibirme. Sue\u00f1o mi vida y mil vidas cada noche. Cuando el cielo esta negro miro su silencio y oigo su oscuridad, pero solo cuando soy lagrima, las estrellas rozan mi piel. Ahora que veo mis ojos, miles de l\u00e1grimas atadas quieren salir a verte. Ellas vivieron una eternidad en mis p\u00e1rpados callados. Mientras me dol\u00eda, escuch\u00e9 las grietas, escuch\u00e9 los descosidos de mi coraz\u00f3n. Entre el silencio, el roc\u00edo de mis ojos me dej\u00f3 o\u00edr ese sonido sordo, a dolor aplazado. Jam\u00e1s podr\u00e9 borrar ese crujido atravesando mi tu\u00e9tano, ni el temblor de mis piernas al rasgarse los hilos que soportaban mi coraz\u00f3n.<\/p>\n<p style=\"text-align: justify;\">\u00a0\u00a0\u00a0\u00a0\u00a0\u00a0\u00a0\u00a0\u00a0\u00a0\u00a0 La muerte siempre vive a nuestro lado, no puedes despedirte de ella, no puedes echarla de tu vida, te acompa\u00f1a desde que naces, te sigue, espera y espera porque sabe que al final tendr\u00e1s que abrazarla. Me ense\u00f1aron a creer que no existes, me enga\u00f1aron, envenenaron una verdad que yo cre\u00ed siendo un ni\u00f1o, pero eres tan real como la misma vida y vives dentro de mi soledad. Te he mirado a los ojos y no tienes miedo, eres paz en tus labios secos, estr\u00edas en la piel de tu hu\u00e9sped, pupilas dilatadas que ya no est\u00e1n aqu\u00ed, huesos desnudos que se aferran, piel descalza que atraviesa el reloj de arena.<\/p>\n<p style=\"text-align: justify;\">\u00a0\u00a0\u00a0\u00a0\u00a0\u00a0\u00a0\u00a0\u00a0\u00a0\u00a0 El mundo es enorme cuando me asomo a mi propia soledad, \u00bfestar\u00e1n los locos tan locos como dicen? \u00bfO la locura es no tener mundo a donde asomarse? \u00bfPuede una l\u00e1grima cambiar el mundo? \u00bfPuede una flor parar una guerra? \u00bfPuede el roce de una piel cambiar quien eres? \u00bfPuede la vida enamorarse de la muerte?<\/p>\n<p style=\"text-align: justify;\">\u00a0\u00a0\u00a0\u00a0\u00a0\u00a0\u00a0\u00a0\u00a0\u00a0\u00a0 Mi soledad soy yo.<\/p>\n<p style=\"text-align: justify;\">\n<p style=\"text-align: right;\"><em><strong>Manuel Salcedo\u00a0Galvez<\/strong><\/em><\/p>\n","protected":false},"excerpt":{"rendered":"<p>Mis recuerdos son tan solo sombras. No distingo rostros, aunque se qui\u00e9nes son. Negativos ausentes de color. Huecos que ocultan&hellip;<\/p>\n","protected":false},"author":2,"featured_media":23886,"comment_status":"open","ping_status":"open","sticky":false,"template":"","format":"standard","meta":{"om_disable_all_campaigns":false,"_mi_skip_tracking":false,"_monsterinsights_sitenote_active":false,"_monsterinsights_sitenote_note":"","_monsterinsights_sitenote_category":0,"footnotes":""},"categories":[21,30],"tags":[],"aioseo_notices":[],"_links":{"self":[{"href":"https:\/\/granadacostaglobal.es\/index.php?rest_route=\/wp\/v2\/posts\/23885"}],"collection":[{"href":"https:\/\/granadacostaglobal.es\/index.php?rest_route=\/wp\/v2\/posts"}],"about":[{"href":"https:\/\/granadacostaglobal.es\/index.php?rest_route=\/wp\/v2\/types\/post"}],"author":[{"embeddable":true,"href":"https:\/\/granadacostaglobal.es\/index.php?rest_route=\/wp\/v2\/users\/2"}],"replies":[{"embeddable":true,"href":"https:\/\/granadacostaglobal.es\/index.php?rest_route=%2Fwp%2Fv2%2Fcomments&post=23885"}],"version-history":[{"count":0,"href":"https:\/\/granadacostaglobal.es\/index.php?rest_route=\/wp\/v2\/posts\/23885\/revisions"}],"wp:featuredmedia":[{"embeddable":true,"href":"https:\/\/granadacostaglobal.es\/index.php?rest_route=\/"}],"wp:attachment":[{"href":"https:\/\/granadacostaglobal.es\/index.php?rest_route=%2Fwp%2Fv2%2Fmedia&parent=23885"}],"wp:term":[{"taxonomy":"category","embeddable":true,"href":"https:\/\/granadacostaglobal.es\/index.php?rest_route=%2Fwp%2Fv2%2Fcategories&post=23885"},{"taxonomy":"post_tag","embeddable":true,"href":"https:\/\/granadacostaglobal.es\/index.php?rest_route=%2Fwp%2Fv2%2Ftags&post=23885"}],"curies":[{"name":"wp","href":"https:\/\/api.w.org\/{rel}","templated":true}]}}