{"id":2388,"date":"2015-09-17T11:58:54","date_gmt":"2015-09-17T11:58:54","guid":{"rendered":"http:\/\/granadacosta.es\/?p=2388"},"modified":"2015-09-17T11:58:54","modified_gmt":"2015-09-17T11:58:54","slug":"economia-y-salud-mental","status":"publish","type":"post","link":"https:\/\/granadacostaglobal.es\/?p=2388","title":{"rendered":"ECONOM\u00cdA Y SALUD MENTAL"},"content":{"rendered":"<p>Si un amplio sector de la sociedad universal ha llegado a tal punto de desamor, incomprensi\u00f3n e intolerancia, que se r\u00ede del demente y del suicida, \u00a1c\u00f3mo queremos que marche bien el mundo en estos primeros a\u00f1os del siglo XXI!<\/p>\n<p>&nbsp;<\/p>\n<p>El concepto de salud mental es de dif\u00edcil definici\u00f3n. Varias son las causas. Entre las mismas la m\u00e1s fundamental es que se trata de un concepto cuyo contenido es, en gran medida, valorativo. Las distintas evaluaciones de los s\u00edntomas y procesos, tanto afectivos como cognitivos y comportamentales, que se utilizan para designar a una persona o grupo social como sano o enfermo, var\u00edan seg\u00fan las representaciones sociales y paradigmas cient\u00edficos dominantes en cada cultura y periodo hist\u00f3rico. El que una persona sea considerada como enferma no s\u00f3lo depende de alteraciones de su personalidad, sino de las actitudes de la sociedad con relaci\u00f3n a ese tipo de alteraciones.<\/p>\n<p>&nbsp;<\/p>\n<p>Este hecho nos demuestra la importancia de los valores sociales en la definici\u00f3n de la salud o la enfermedad mental. As\u00ed, en todas las sociedades se realiza una distinci\u00f3n entre la persona que evidencia una alteraci\u00f3n de su conducta de car\u00e1cter cr\u00f3nico y la que muestra dichas alteraciones en situaciones socialmente aceptadas y normativamente sancionadas como pueden ser los ritos o los actos religiosos. Un mismo comportamiento puede ser evaluado de distinta forma seg\u00fan el contexto social en donde se realiza. Soci\u00f3logos, como Goffman, llegan a definir la enfermedad mental no como un conjunto de s\u00edntomas claramente delimitables, sino como una \u201cincorrecci\u00f3n situacional\u201d. Estas \u201cincorrecciones situacionales\u201d reflejar\u00edan una ruptura en las reglas sociales que definen la interacci\u00f3n comunicativa.<\/p>\n<p>La actual crisis econ\u00f3mica mundial puede aumentar la incidencia del suicidio y las enfermedades mentales en personas que deben afrontar la p\u00e9rdida de su vivienda o incluso su medio de subsistencia. En Espa\u00f1a, el Ministerio de Sanidad tambi\u00e9n cree que se debe prestar especial atenci\u00f3n a estas personas, aunque la intenci\u00f3n de dicho Ministerio s\u00f3lo se quede en palabras.<\/p>\n<p>Un var\u00f3n de 45 a\u00f1os cogi\u00f3 su pistola, mat\u00f3 a cinco miembros de su familia y se suicid\u00f3. No se trataba de un caso m\u00e1s de violencia dom\u00e9stica, sino de desesperaci\u00f3n tras haberse arruinado. Al menos, esa fue la explicaci\u00f3n que dej\u00f3 escrita en una carta dirigida a la Polic\u00eda. Este suceso ocurri\u00f3 en Los \u00c1ngeles (Estados Unidos). Por consiguiente, no deber\u00edamos menospreciar las perturbaciones y las posibles consecuencias de la crisis econ\u00f3mica en la salud mental de la poblaci\u00f3n.<\/p>\n<p>La Organizaci\u00f3n Mundial de la Salud (OMS) se propone indagar en asuntos como la salud mental en la actividad laboral y en los movimientos migratorios, as\u00ed como las patolog\u00edas ligadas a la violencia de g\u00e9nero, escolar y en el propio sistema sanitario. La misi\u00f3n del observatorio ser\u00e1 la de vigilar y ofrecer claves para avanzar y mejorar la calidad de vida de los pacientes y de sus familiares.<\/p>\n<p>Los problemas de salud mental afectan en Espa\u00f1a a 4 de cada 10 personas, mientras que se estima que hasta un 20% de la poblaci\u00f3n tendr\u00e1 alg\u00fan tipo de trastorno mental a lo largo de su vida, seg\u00fan datos de la Fundaci\u00f3n Espa\u00f1ola de Psiquiatr\u00eda. Los trastornos mentales son tambi\u00e9n la causa del 18% de d\u00edas perdidos por incapacidad temporal.<\/p>\n<p>Las conductas adictivas, asociadas a problemas mentales, son otro \u00e1mbito a investigar por este organismo, especialmente en lo que se refiere al consumo de alcohol por los menores y a las \u201cadicciones sin sustancias\u201d, con especial atenci\u00f3n a las nuevas tecnolog\u00edas, a internet y a la denominada \u201crealidad virtual\u201d.<\/p>\n<p style=\"text-align: right;\"><strong>Carlos Ben\u00edtez Villodres<\/strong><\/p>\n<p style=\"text-align: right;\"><strong>M\u00e1laga<\/strong><\/p>\n","protected":false},"excerpt":{"rendered":"<p>Si un amplio sector de la sociedad universal ha llegado a tal punto de desamor, incomprensi\u00f3n e intolerancia, que se&hellip;<\/p>\n","protected":false},"author":2,"featured_media":1115,"comment_status":"open","ping_status":"open","sticky":false,"template":"","format":"standard","meta":{"om_disable_all_campaigns":false,"_mi_skip_tracking":false,"_monsterinsights_sitenote_active":false,"_monsterinsights_sitenote_note":"","_monsterinsights_sitenote_category":0,"footnotes":""},"categories":[21],"tags":[],"aioseo_notices":[],"_links":{"self":[{"href":"https:\/\/granadacostaglobal.es\/index.php?rest_route=\/wp\/v2\/posts\/2388"}],"collection":[{"href":"https:\/\/granadacostaglobal.es\/index.php?rest_route=\/wp\/v2\/posts"}],"about":[{"href":"https:\/\/granadacostaglobal.es\/index.php?rest_route=\/wp\/v2\/types\/post"}],"author":[{"embeddable":true,"href":"https:\/\/granadacostaglobal.es\/index.php?rest_route=\/wp\/v2\/users\/2"}],"replies":[{"embeddable":true,"href":"https:\/\/granadacostaglobal.es\/index.php?rest_route=%2Fwp%2Fv2%2Fcomments&post=2388"}],"version-history":[{"count":0,"href":"https:\/\/granadacostaglobal.es\/index.php?rest_route=\/wp\/v2\/posts\/2388\/revisions"}],"wp:featuredmedia":[{"embeddable":true,"href":"https:\/\/granadacostaglobal.es\/index.php?rest_route=\/"}],"wp:attachment":[{"href":"https:\/\/granadacostaglobal.es\/index.php?rest_route=%2Fwp%2Fv2%2Fmedia&parent=2388"}],"wp:term":[{"taxonomy":"category","embeddable":true,"href":"https:\/\/granadacostaglobal.es\/index.php?rest_route=%2Fwp%2Fv2%2Fcategories&post=2388"},{"taxonomy":"post_tag","embeddable":true,"href":"https:\/\/granadacostaglobal.es\/index.php?rest_route=%2Fwp%2Fv2%2Ftags&post=2388"}],"curies":[{"name":"wp","href":"https:\/\/api.w.org\/{rel}","templated":true}]}}